{"id":6255,"date":"2025-10-20T12:53:50","date_gmt":"2025-10-20T12:53:50","guid":{"rendered":"https:\/\/www.skcpraha.cz\/?p=6255"},"modified":"2025-10-20T12:53:50","modified_gmt":"2025-10-20T12:53:50","slug":"amalie-gottwaldova-nova-posila-tymu-nutrend-specialized-skr-racing","status":"publish","type":"post","link":"https:\/\/www.skcpraha.cz\/?p=6255","title":{"rendered":"Am\u00e1lie Gottwaldov\u00e1, nov\u00e1 posila t\u00fdmu Nutrend Specialized SKR Racing"},"content":{"rendered":"\n<p><strong>\u00dasp\u011b\u0161n\u00e1 juniorsk\u00e1 reprezentantka na horsk\u00fdch kolech i v&nbsp;cyklokrosu, Am\u00e1lie Gottwaldov\u00e1 posiluje sestavu t\u00fdmu Nutrend Specialized SKR Racing. P\u00e1t\u00e1 \u017eena juniorsk\u00e9ho z\u00e1vodu ME XCO v&nbsp;portugalsk\u00e9m Melgaco, ale tak\u00e9 v\u00fdrazn\u00e1 posila \u010desk\u00e9 \u0161tafety na MS a ME, kde t\u00fdm dos\u00e1hnul na v\u00fdborn\u00e9 p\u00e1t\u00e9 a \u0161est\u00e9 m\u00edsto nastupuje do z\u00e1vod\u016f v&nbsp;barv\u00e1ch t\u00fdmu Nutrend Specialized SKR Racing u\u017e nyn\u00ed, v&nbsp;podzimn\u00ed \u010d\u00e1sti sez\u00f3ny 2025. &nbsp;&nbsp;&nbsp;&nbsp;&nbsp;<\/strong><\/p>\n\n\n\n<p>Am\u00e1lie Gottwaldov\u00e1 je dal\u0161\u00ed talentovanou odchovankyn\u00ed boskovick\u00e9ho t\u00fdmu Moravec Team, kde z\u00edsk\u00e1vala sv\u00e9 prvn\u00ed cyklistick\u00e9 a z\u00e1vodn\u00ed dovednosti pod veden\u00edm cyklistick\u00e9ho vizion\u00e1\u0159e, organiz\u00e1tora a tren\u00e9ra, Petra Koudelky. \u00dasp\u011b\u0161n\u00e9 roky v&nbsp;kategori\u00edch kadetek a juniorek absolvovala Am\u00e1lka v&nbsp;z\u00e1zem\u00ed rodinn\u00e9ho t\u00fdmu CP Team pod veden\u00edm sv\u00e9ho otce Martina Gottwalda a v&nbsp;p\u00e9\u010di maminky, Kate\u0159iny Gottwaldov\u00e9. &nbsp;&nbsp;<\/p>\n\n\n\n<p>Nyn\u00ed, na prahu vstupu do \u201edosp\u011bl\u00e9\u201c kategorie U23 p\u0159estupuje \u010desk\u00e1 reprezentantka do profesion\u00e1ln\u00edho t\u00fdmu Nutrend Specialized SKR Racing, kter\u00fd se specializuje na podporu mlad\u00fdch talent\u016f a jeho\u017e z\u00e1zem\u00edm a tr\u00e9ninkov\u00fdm know-how v&nbsp;patn\u00e1ctilet\u00e9 historii pro\u0161la cel\u00e1 \u0159ada medailist\u016f vrcholn\u00fdch sv\u011btov\u00fdch sout\u011b\u017e\u00ed SP, JWS, ME, MS, AMS nebo Olympijsk\u00fdch her ml\u00e1de\u017ee.&nbsp;<\/p>\n\n\n\n<p>V&nbsp;sou\u010dasn\u00e9 dob\u011b v&nbsp;t\u00fdmu p\u016fsob\u00ed p\u0159edn\u00ed \u010desk\u00fd reprezentant a Akademick\u00fd mistr sv\u011bta Jan Zatloukal, d\u00e1le reprezenta\u010dn\u00ed kolega Am\u00e1lie, t\u0159iadvac\u00edtk\u00e1\u0159 Ond\u0159ej Novotn\u00fd nebo paralympionik a bronzov\u00fd handbiker leto\u0161n\u00edho mistrovstv\u00ed sv\u011bta handicapovan\u00fdch cyklist\u016f, Patrik Jahoda.<\/p>\n\n\n\n<p><em>\u201eV \u010cesk\u00e9 republice m\u00e1me velmi kvalitn\u00ed a dob\u0159e vybaven\u00e9 ml\u00e1de\u017enick\u00e9 t\u00fdmy se \u0161pi\u010dkov\u00fdmi tren\u00e9ry, specialisty na pr\u00e1ci s&nbsp;d\u011btmi a ml\u00e1de\u017e\u00ed. Kde n\u00e1m ale skokov\u011b doch\u00e1z\u00ed dech, je p\u0159echodov\u00e1 kategorie U23 a n\u00e1sledn\u011b Elite. V&nbsp;podstat\u011b u n\u00e1s m\u00e1me jen n\u011bkolik, \u0159\u00e1dov\u011b jednotky t\u00fdm\u016f, kter\u00e9 by za ur\u010dit\u00fdch okolnost\u00ed dok\u00e1zaly zajistit p\u0159echod talentovan\u00e9 z\u00e1vodnice nebo z\u00e1vodn\u00edka do profesion\u00e1ln\u00ed cyklistiky\u2026 D\u016fvod je z\u0159ejm\u00fd. Po\u010d\u00ednaje kategori\u00ed U23 se z\u00e1vodnice \u010di z\u00e1vodn\u00edk ocit\u00e1 v&nbsp;\u00fapln\u011b jin\u00e9m sv\u011bt\u011b, ne\u017e na jak\u00fd je zvykl\u00fd on nebo jeho ml\u00e1de\u017enick\u00e9 t\u00fdmov\u00e9 z\u00e1zem\u00ed. \u010cek\u00e1 ho zcela odli\u0161n\u00fd syst\u00e9m sout\u011b\u017e\u00ed na t\u00e9m\u011b\u0159 v\u0161ech kontinentech, na trat\u00edch, kter\u00e9 z&nbsp;99 % nezn\u00e1, kter\u00e9 jsou v\u00fdrazn\u011b t\u011b\u017e\u0161\u00ed ne\u017e doposud jezdil a cel\u00fd podnik je definov\u00e1n obrovskou finan\u010dn\u00ed n\u00e1ro\u010dnost\u00ed. P\u0159echod do specializovan\u00e9ho t\u00fdmu \u010desk\u00e9ho nebo zahrani\u010dn\u00edho je nezbytnost\u00ed. Jedince \u010dek\u00e1 z\u00e1sadn\u011b nav\u00fd\u0161en\u00fd tr\u00e9ninkov\u00fd a z\u00e1vodn\u00ed program, u\u017e jenom nav\u00fd\u0161en\u00ed \u010dasov\u00e9 distance z\u00e1vod\u016f juniorek a U23 nebo Elite je \u010dastokr\u00e1t i dvojn\u00e1sobn\u00e9\u2026 Am\u00e1lka je talentovan\u00e1 z\u00e1vodnice, sleduji j\u00ed u\u017e od jej\u00edch \u017e\u00e1kovsk\u00fdch let, kdy s&nbsp;t\u00fdmem Dukly Praha MTB absolvovala sv\u00e9 prvn\u00ed soust\u0159ed\u011bn\u00ed. M\u00e1 v\u00fdbornou techniku j\u00edzdy v&nbsp;ter\u00e9nu, neboj\u00ed se, je velmi rychl\u00e1 a dynamick\u00e1 a p\u0159edev\u0161\u00edm, m\u00e1 mentalitu hodn\u011b podobnou Kate\u0159in\u011b Nash, co\u017e je ve stresov\u00e9m sv\u011bt\u011b vrcholov\u00e9ho sportu opravdov\u00fd dar, kter\u00fd se jen obt\u00ed\u017en\u011b d\u00e1 doc\u00edlit ment\u00e1ln\u00edm tr\u00e9ninkem. Na\u0161\u00edm c\u00edlem bude zachovat specializaci Am\u00e1lky na dv\u011b discipl\u00edny, MTB i cyklokros, samoz\u0159ejm\u011b v&nbsp;r\u00e1mci individu\u00e1ln\u011b upraven\u00e9ho programu v&nbsp;cyklokrosov\u00e9 \u010d\u00e1sti\u201c<\/em>, p\u0159ibli\u017euje okolnosti p\u0159estupu, vedouc\u00ed tren\u00e9r t\u00fdmu Nutrend Specialized SKR Racing, Viktor Zapletal. &nbsp;&nbsp;&nbsp;<\/p>\n\n\n\n<p><em>&#8222;S p\u0159estupem do kategorie U23 jsem v\u011bd\u011bla, \u017ee je pot\u0159eba se posunout d\u00e1l. A proto se pro m\u011b nab\u00eddka od t\u00fdmu Nutrend Specialized SKR Racing stala skv\u011blou p\u0159\u00edle\u017eitost\u00ed. V\u011b\u0159\u00edm, \u017ee se spojen\u00ed vytrval\u00e9ho tr\u00e9ninku a t\u00fdmov\u00e9ho z\u00e1zem\u00ed, stane siln\u00fdmi z\u00e1klady pro na\u0161e budouc\u00ed \u00fasp\u011bchy a radost ze z\u00e1vod\u011bn\u00ed. T\u011b\u0161\u00edm se&nbsp;<\/em>&#x1f609;<em>&#8220;&nbsp;<\/em>dopl\u0148uje talentovan\u00e1 z\u00e1vodnice.<\/p>\n\n\n\n<p>Am\u00e1lii Gottwaldovou nyn\u00ed \u010dekaj\u00ed z\u00e1vody individu\u00e1ln\u00edho cyklokrosov\u00e9ho programu. Do spole\u010dn\u00e9ho programu t\u00fdmu vstoup\u00ed prosincov\u00fdm soust\u0159ed\u011bn\u00edm na Mallorce, z\u00e1vodem M\u010cR v&nbsp;cyklokrosu a n\u00e1sledn\u011b dal\u0161\u00edm, lednov\u00fdm tr\u00e9ninkov\u00fdm campem. \u00davodn\u00ed z\u00e1vody MTB sez\u00f3ny 2026 budou zam\u011b\u0159en\u00e9 na nav\u00fd\u0161en\u00ed osobn\u00edch bod\u016f a vzestup v&nbsp;rankingu UCI. P\u0159edpokladem je pak absolvov\u00e1n\u00ed z\u00e1vod\u016f Sv\u011btov\u00e9ho poh\u00e1ru MTB, d\u00e1le z\u00e1vod\u016f kategorie HC. V&nbsp;\u010cesk\u00e9 republice uvid\u00edme Am\u00e1lku z\u00e1vodit v&nbsp;r\u00e1mci podnik\u016f \u010cesk\u00e9ho MTB poh\u00e1ru.&nbsp;<\/p>\n\n\n\n<p>Am\u00e1lie bude, stejn\u011b jako cel\u00fd t\u00fdm, vybavena koly Specialized S&nbsp;Works Epic, Tarmac a Crux a dopl\u0148ky Specialized, sportovn\u00ed v\u00fd\u017eivou spole\u010dnosti Nutrend, z\u00e1vodn\u00edm i volno\u010dasov\u00fdm oble\u010den\u00edm vyroben\u00fdm na m\u00edru od spole\u010dnosti S\u00fdkora Sportswear, dopl\u0148ky od spole\u010dnosti Moose a dal\u0161\u00edch partner\u016f t\u00fdmu.&nbsp;<\/p>\n\n\n\n<p>Am\u00e1lie Gottwaldov\u00e1 je, podobn\u011b jako t\u00e9m\u011b\u0159 cel\u00fd reprezenta\u010dn\u00ed t\u00fdm MTB, \u010dlenkou Arm\u00e1dn\u00edho resortn\u00edho centra vrcholov\u00e9ho sportu Dukla Praha MTB a Olympijsk\u00e9ho centra p\u0159i Reprezentaci MTB. \u00a0\u00a0<\/p>\n\n\n\n<figure class=\"wp-block-image size-full\"><img decoding=\"async\" loading=\"lazy\" width=\"1024\" height=\"682\" src=\"https:\/\/www.skcpraha.cz\/wp-content\/uploads\/2025\/10\/Foto-Filip-Bezdek.jpg\" alt=\"\" class=\"wp-image-6250\" srcset=\"https:\/\/www.skcpraha.cz\/wp-content\/uploads\/2025\/10\/Foto-Filip-Bezdek.jpg 1024w, https:\/\/www.skcpraha.cz\/wp-content\/uploads\/2025\/10\/Foto-Filip-Bezdek-600x400.jpg 600w, https:\/\/www.skcpraha.cz\/wp-content\/uploads\/2025\/10\/Foto-Filip-Bezdek-768x512.jpg 768w, https:\/\/www.skcpraha.cz\/wp-content\/uploads\/2025\/10\/Foto-Filip-Bezdek-624x416.jpg 624w\" sizes=\"(max-width: 1024px) 100vw, 1024px\" \/><\/figure>\n","protected":false},"excerpt":{"rendered":"<a href=\"https:\/\/www.skcpraha.cz\/?p=6255\"><img width=\"150\" src=\"\" class=\"alignleft wp-post-image tfe\" alt=\"\" title=\"\" \/><\/a><p>\u00dasp\u011b\u0161n\u00e1 juniorsk\u00e1 reprezentantka na horsk\u00fdch kolech i v&nbsp;cyklokrosu, Am\u00e1lie Gottwaldov\u00e1 posiluje sestavu t\u00fdmu Nutrend Specialized SKR Racing. P\u00e1t\u00e1 \u017eena juniorsk\u00e9ho z\u00e1vodu ME XCO v&nbsp;portugalsk\u00e9m Melgaco, ale tak\u00e9 v\u00fdrazn\u00e1 posila \u010desk\u00e9 \u0161tafety na MS a ME, kde t\u00fdm dos\u00e1hnul na v\u00fdborn\u00e9 p\u00e1t\u00e9 a \u0161est\u00e9 m\u00edsto nastupuje do z\u00e1vod\u016f v&nbsp;barv\u00e1ch t\u00fdmu Nutrend Specialized SKR Racing u\u017e nyn\u00ed, [&hellip;]<\/p>\n","protected":false},"author":1,"featured_media":0,"comment_status":"closed","ping_status":"open","sticky":false,"template":"","format":"standard","meta":[],"categories":[1],"tags":[],"_links":{"self":[{"href":"https:\/\/www.skcpraha.cz\/index.php?rest_route=\/wp\/v2\/posts\/6255"}],"collection":[{"href":"https:\/\/www.skcpraha.cz\/index.php?rest_route=\/wp\/v2\/posts"}],"about":[{"href":"https:\/\/www.skcpraha.cz\/index.php?rest_route=\/wp\/v2\/types\/post"}],"author":[{"embeddable":true,"href":"https:\/\/www.skcpraha.cz\/index.php?rest_route=\/wp\/v2\/users\/1"}],"replies":[{"embeddable":true,"href":"https:\/\/www.skcpraha.cz\/index.php?rest_route=%2Fwp%2Fv2%2Fcomments&post=6255"}],"version-history":[{"count":1,"href":"https:\/\/www.skcpraha.cz\/index.php?rest_route=\/wp\/v2\/posts\/6255\/revisions"}],"predecessor-version":[{"id":6256,"href":"https:\/\/www.skcpraha.cz\/index.php?rest_route=\/wp\/v2\/posts\/6255\/revisions\/6256"}],"wp:attachment":[{"href":"https:\/\/www.skcpraha.cz\/index.php?rest_route=%2Fwp%2Fv2%2Fmedia&parent=6255"}],"wp:term":[{"taxonomy":"category","embeddable":true,"href":"https:\/\/www.skcpraha.cz\/index.php?rest_route=%2Fwp%2Fv2%2Fcategories&post=6255"},{"taxonomy":"post_tag","embeddable":true,"href":"https:\/\/www.skcpraha.cz\/index.php?rest_route=%2Fwp%2Fv2%2Ftags&post=6255"}],"curies":[{"name":"wp","href":"https:\/\/api.w.org\/{rel}","templated":true}]}}