{"id":6233,"date":"2024-06-02T07:30:56","date_gmt":"2024-06-02T07:30:56","guid":{"rendered":"http:\/\/www.skcpraha.cz\/?p=6233"},"modified":"2024-06-02T07:30:56","modified_gmt":"2024-06-02T07:30:56","slug":"patricie-srnska-je-akademickou-mistryni-sveta-v-xce","status":"publish","type":"post","link":"https:\/\/www.skcpraha.cz\/?p=6233","title":{"rendered":"Patricie Srnsk\u00e1 je Akademickou Mistryn\u00ed sv\u011bta v XCE!"},"content":{"rendered":"\n<p><strong>Hned \u00favodn\u00ed den sout\u011b\u017e\u00ed biker\u016f na Akademick\u00e9m Mistrovstv\u00ed sv\u011bta v Kostarice vybojovala z\u00e1vodnice t\u00fdmu Nutrend Specialized SKR Racing Patricie Srnsk\u00e1 mistrovsk\u00fd titul v&nbsp;z\u00e1vod\u011b horsk\u00fdch kol \u2013 Eliminator. &nbsp;&nbsp;&nbsp;&nbsp;<\/strong><\/p>\n\n\n\n<p>Patricii se dnes vyvedly v\u0161echny j\u00edzdy, u\u017e r\u00e1no ovl\u00e1dla s&nbsp;n\u00e1skokem t\u00e9m\u011b\u0159 \u010dty\u0159 sekund roz\u0159azovac\u00ed \u010dasovku. A v&nbsp;tomto duchu pokra\u010dovala i ve fin\u00e1lov\u00fdch j\u00edzd\u00e1ch, kter\u00e9 zvl\u00e1dla stylem start \u2013 c\u00edl.&nbsp;<\/p>\n\n\n\n<p><em>\u201eV\u011bd\u011bla jsem, \u017ee jsem pom\u011brn\u011b dobr\u00e1 sprinterka a cht\u011bla jsem tady tuto svou vlastnost prodat. Soust\u0159edila jsem se na v\u0161echny starty, kter\u00e9 jsem si pozi\u010dn\u011b pohl\u00eddala a pak u\u017e jsem m\u011bla mo\u017enost si z\u00e1vod kontrolovat. Akademick\u00fd titul je pro m\u011b zat\u00edm nejv\u011bt\u0161\u00edm \u00fasp\u011bchem v&nbsp;m\u00e9 sportovn\u00ed&nbsp;kari\u00e9\u0159e\u201c.<\/em><\/p>\n\n\n\n<p>Druh\u00e1 \u010desk\u00e1 reprezentantka Aneta Novotn\u00e1 vstoupila do z\u00e1vodu velmi dob\u0159e a bez probl\u00e9m\u016f postoupila a\u017e do semifin\u00e1le. Tam bohu\u017eel Aneta ud\u011blala chybu kr\u00e1tce po startu a to j\u00ed st\u00e1lo postup do fin\u00e1le.&nbsp;<\/p>\n\n\n\n<p>Fin\u00e1le \u201eB\u201c ale Aneta op\u011bt jela bezchybn\u011b a v&nbsp;kone\u010dn\u00e9m sou\u010dtu j\u00ed n\u00e1le\u017e\u00ed 5. p\u0159\u00ed\u010dka.<\/p>\n\n\n\n<p>\u010cesk\u00e1 v\u00fdprava v&nbsp;Kostarice je velmi \u00fasp\u011b\u0161n\u00e1 a po \u010dty\u0159ech sout\u011b\u017en\u00edch dnech v\u00e9vod\u00ed na \u010dele sout\u011b\u017ee n\u00e1rod\u016f. Akademick\u00fdmi Mistry sv\u011bta se v&nbsp;uplynul\u00fdch dnech stali silni\u010d\u00e1\u0159i Jakub \u0164oupal\u00edk v&nbsp;\u010dasovce a Daniel Mr\u00e1z v&nbsp;silni\u010dn\u00edm z\u00e1vod\u011b. Jakub \u0164oupal\u00edk p\u0159idal je\u0161t\u011b st\u0159\u00edbro v&nbsp;silni\u010dn\u00edm krit\u00e9riu.&nbsp;<\/p>\n\n\n\n<p>Z\u00edtra \u0161ampion\u00e1t pokra\u010duje z\u00e1v\u011bre\u010dn\u00fdm dnem, z\u00e1vodem v\u00a0olympijsk\u00e9m XCO. \u010ceskou republiku bude krom\u011b Patricie s\u00a0Anetou reprezentovat i Jan Zatloukal v\u00a0z\u00e1vod\u011b mu\u017e\u016f.\u00a0<\/p>\n\n\n\n<figure class=\"wp-block-image size-large\"><img decoding=\"async\" loading=\"lazy\" width=\"942\" height=\"1024\" src=\"https:\/\/www.skcpraha.cz\/wp-content\/uploads\/2024\/06\/20240601_121138-942x1024.jpg\" alt=\"\" class=\"wp-image-6236\" srcset=\"https:\/\/www.skcpraha.cz\/wp-content\/uploads\/2024\/06\/20240601_121138-942x1024.jpg 942w, https:\/\/www.skcpraha.cz\/wp-content\/uploads\/2024\/06\/20240601_121138-552x600.jpg 552w, https:\/\/www.skcpraha.cz\/wp-content\/uploads\/2024\/06\/20240601_121138-768x835.jpg 768w, https:\/\/www.skcpraha.cz\/wp-content\/uploads\/2024\/06\/20240601_121138-1413x1536.jpg 1413w, https:\/\/www.skcpraha.cz\/wp-content\/uploads\/2024\/06\/20240601_121138-1884x2048.jpg 1884w, https:\/\/www.skcpraha.cz\/wp-content\/uploads\/2024\/06\/20240601_121138-624x678.jpg 624w\" sizes=\"(max-width: 942px) 100vw, 942px\" \/><\/figure>\n\n\n\n<figure class=\"wp-block-image size-large\"><img decoding=\"async\" loading=\"lazy\" width=\"785\" height=\"1024\" src=\"https:\/\/www.skcpraha.cz\/wp-content\/uploads\/2024\/06\/20240601_121050-785x1024.jpg\" alt=\"\" class=\"wp-image-6235\" srcset=\"https:\/\/www.skcpraha.cz\/wp-content\/uploads\/2024\/06\/20240601_121050-785x1024.jpg 785w, https:\/\/www.skcpraha.cz\/wp-content\/uploads\/2024\/06\/20240601_121050-460x600.jpg 460w, https:\/\/www.skcpraha.cz\/wp-content\/uploads\/2024\/06\/20240601_121050-768x1002.jpg 768w, https:\/\/www.skcpraha.cz\/wp-content\/uploads\/2024\/06\/20240601_121050-1178x1536.jpg 1178w, https:\/\/www.skcpraha.cz\/wp-content\/uploads\/2024\/06\/20240601_121050-1570x2048.jpg 1570w, https:\/\/www.skcpraha.cz\/wp-content\/uploads\/2024\/06\/20240601_121050-624x814.jpg 624w, https:\/\/www.skcpraha.cz\/wp-content\/uploads\/2024\/06\/20240601_121050-scaled.jpg 1963w\" sizes=\"(max-width: 785px) 100vw, 785px\" \/><\/figure>\n\n\n\n<figure class=\"wp-block-image size-large\"><img decoding=\"async\" loading=\"lazy\" width=\"963\" height=\"1024\" src=\"https:\/\/www.skcpraha.cz\/wp-content\/uploads\/2024\/06\/20240601_121145-963x1024.jpg\" alt=\"\" class=\"wp-image-6234\" srcset=\"https:\/\/www.skcpraha.cz\/wp-content\/uploads\/2024\/06\/20240601_121145-963x1024.jpg 963w, https:\/\/www.skcpraha.cz\/wp-content\/uploads\/2024\/06\/20240601_121145-564x600.jpg 564w, https:\/\/www.skcpraha.cz\/wp-content\/uploads\/2024\/06\/20240601_121145-768x817.jpg 768w, https:\/\/www.skcpraha.cz\/wp-content\/uploads\/2024\/06\/20240601_121145-1444x1536.jpg 1444w, https:\/\/www.skcpraha.cz\/wp-content\/uploads\/2024\/06\/20240601_121145-1926x2048.jpg 1926w, https:\/\/www.skcpraha.cz\/wp-content\/uploads\/2024\/06\/20240601_121145-624x664.jpg 624w\" sizes=\"(max-width: 963px) 100vw, 963px\" \/><\/figure>\n","protected":false},"excerpt":{"rendered":"<a href=\"https:\/\/www.skcpraha.cz\/?p=6233\"><img width=\"150\" src=\"\" class=\"alignleft wp-post-image tfe\" alt=\"\" title=\"\" \/><\/a><p>Hned \u00favodn\u00ed den sout\u011b\u017e\u00ed biker\u016f na Akademick\u00e9m Mistrovstv\u00ed sv\u011bta v Kostarice vybojovala z\u00e1vodnice t\u00fdmu Nutrend Specialized SKR Racing Patricie Srnsk\u00e1 mistrovsk\u00fd titul v&nbsp;z\u00e1vod\u011b horsk\u00fdch kol \u2013 Eliminator. &nbsp;&nbsp;&nbsp;&nbsp; Patricii se dnes vyvedly v\u0161echny j\u00edzdy, u\u017e r\u00e1no ovl\u00e1dla s&nbsp;n\u00e1skokem t\u00e9m\u011b\u0159 \u010dty\u0159 sekund roz\u0159azovac\u00ed \u010dasovku. A v&nbsp;tomto duchu pokra\u010dovala i ve fin\u00e1lov\u00fdch j\u00edzd\u00e1ch, kter\u00e9 zvl\u00e1dla stylem start [&hellip;]<\/p>\n","protected":false},"author":1,"featured_media":0,"comment_status":"closed","ping_status":"open","sticky":false,"template":"","format":"standard","meta":[],"categories":[1],"tags":[],"_links":{"self":[{"href":"https:\/\/www.skcpraha.cz\/index.php?rest_route=\/wp\/v2\/posts\/6233"}],"collection":[{"href":"https:\/\/www.skcpraha.cz\/index.php?rest_route=\/wp\/v2\/posts"}],"about":[{"href":"https:\/\/www.skcpraha.cz\/index.php?rest_route=\/wp\/v2\/types\/post"}],"author":[{"embeddable":true,"href":"https:\/\/www.skcpraha.cz\/index.php?rest_route=\/wp\/v2\/users\/1"}],"replies":[{"embeddable":true,"href":"https:\/\/www.skcpraha.cz\/index.php?rest_route=%2Fwp%2Fv2%2Fcomments&post=6233"}],"version-history":[{"count":1,"href":"https:\/\/www.skcpraha.cz\/index.php?rest_route=\/wp\/v2\/posts\/6233\/revisions"}],"predecessor-version":[{"id":6237,"href":"https:\/\/www.skcpraha.cz\/index.php?rest_route=\/wp\/v2\/posts\/6233\/revisions\/6237"}],"wp:attachment":[{"href":"https:\/\/www.skcpraha.cz\/index.php?rest_route=%2Fwp%2Fv2%2Fmedia&parent=6233"}],"wp:term":[{"taxonomy":"category","embeddable":true,"href":"https:\/\/www.skcpraha.cz\/index.php?rest_route=%2Fwp%2Fv2%2Fcategories&post=6233"},{"taxonomy":"post_tag","embeddable":true,"href":"https:\/\/www.skcpraha.cz\/index.php?rest_route=%2Fwp%2Fv2%2Ftags&post=6233"}],"curies":[{"name":"wp","href":"https:\/\/api.w.org\/{rel}","templated":true}]}}