{"id":6104,"date":"2022-06-07T22:27:41","date_gmt":"2022-06-07T22:27:41","guid":{"rendered":"http:\/\/www.skcpraha.cz\/?p=6104"},"modified":"2022-06-07T22:28:24","modified_gmt":"2022-06-07T22:28:24","slug":"jahoda-ma-bronz-z-me-zatloukal-a-konecny-medailovi-v-bedrichove","status":"publish","type":"post","link":"https:\/\/www.skcpraha.cz\/?p=6104","title":{"rendered":"Jahoda m\u00e1 bronz z ME, Zatloukal a Kone\u010dn\u00fd medailov\u00ed v Bed\u0159ichov\u011b!"},"content":{"rendered":"\n<p><em><strong>Uplynul\u00e9 dny byly \u00fasp\u011b\u0161n\u00e9 pro z\u00e1vodn\u00edky t\u00fdmu NUTREND SPECIALIZED Racing. Handbiker Patrik Jahoda vybojoval na Mistrovstv\u00ed Evropy v&nbsp;Horn\u00edm Rakousku vynikaj\u00edc\u00ed bronzovou medaili v&nbsp;\u010dasovce a v&nbsp;silni\u010dn\u00edm z\u00e1vod\u011b obsadil \u010dtvrt\u00e9 m\u00edsto.&nbsp;<\/strong><\/em><\/p>\n\n\n\n<p><em><strong>Bike\u0159i Jan Zatloukal a Filip Kone\u010dn\u00fd v z\u00e1vod\u011b \u010cesk\u00e9ho poh\u00e1ru horsk\u00fdch kol v Bed\u0159ichov\u011b obsadili v&nbsp;kategorii U23 prvn\u00ed a t\u0159et\u00ed m\u00edsto. Jan Zatloukal nav\u00edc d\u00e1le vede celkov\u00e9 po\u0159ad\u00ed \u010cesk\u00e9ho poh\u00e1ru jak v&nbsp;kategorii mu\u017e\u016f Elite, tak i v&nbsp;kategorii jezdc\u016f do 23 let. &nbsp;<\/strong><\/em><strong>&nbsp;<\/strong><\/p>\n\n\n\n<p>\u010cesk\u00fd reprezentant Patrik Jahoda na Mistrovstv\u00ed Evropy handicapovan\u00fdch cyklist\u016f v&nbsp;Horn\u00edm Rakousku nav\u00e1zal na sv\u00e9 \u00fasp\u011bchy z&nbsp;minul\u00e9ho roku, kdy slavil titul Mistra Evropy a vybojoval vynikaj\u00edc\u00ed t\u0159et\u00ed m\u00edsto v&nbsp;silni\u010dn\u00ed \u010dasovce jednotlivc\u016f.&nbsp;<\/p>\n\n\n\n<p>V&nbsp;silni\u010dn\u00edm z\u00e1vod\u011b z\u016fstal Patrik t\u011bsn\u011b pod stupni v\u00edt\u011bz\u016f, kdy\u017e podobn\u011b jako minul\u00fd rok obsadil \u010dtvrt\u00e9 m\u00edsto.<\/p>\n\n\n\n<p>Dvojice talentovan\u00fdch mlad\u00edk\u016f, Jan Zatloukal a Filip Kone\u010dn\u00fd nastoupila spole\u010dn\u011b, po pauze zavin\u011bn\u00e9 zran\u011bn\u00edm Filipa a onemocn\u011bn\u00edm Honzy, do dal\u0161\u00edho z\u00e1vodu IZOMAT \u010cesk\u00e9ho poh\u00e1ru horsk\u00fdch kol v&nbsp;Bed\u0159ichov\u011b bez v\u011bt\u0161\u00edho zdravotn\u00edho omezen\u00ed a v&nbsp;z\u00e1vod\u011b kategorie U23 slav\u00ed hned dv\u011b p\u00f3diov\u00e1 um\u00edst\u011bn\u00ed. Jan Zatloukal z\u00e1vod \u201et\u0159iadvac\u00edtk\u00e1\u0159\u016f\u201c vyhr\u00e1l a do posledn\u00edho kola bojoval o stupn\u011b v\u00edt\u011bz\u016f i v&nbsp;kategorii Elite, kde nakonec obsadil \u010dtvrt\u00e9 m\u00edsto. Filip Kone\u010dn\u00fd si dojel pro velmi dobr\u00e9 t\u0159et\u00ed m\u00edsto a dal\u0161\u00ed d\u016fle\u017eit\u00e9 body do rankingu UCI.<\/p>\n\n\n\n<p>V&nbsp;celkov\u00e9m hodnocen\u00ed \u010cesk\u00e9ho poh\u00e1ru pat\u0159\u00ed d\u00edky Janu Zatloukalovi dres l\u00eddra cel\u00e9ho seri\u00e1lu t\u00fdmu Nutrend Specialized Racing nejenom v&nbsp;kategorii U23, ale i v&nbsp;kategorii Elite, co\u017e je pro Honzu i cel\u00fd t\u00fdm v\u00fdzva p\u0159ed z\u00e1v\u011bre\u010dn\u00fdmi podniky \u010cesk\u00e9ho poh\u00e1ru, kter\u00fdmi bude \u010dervencov\u00e9 Mistrovstv\u00ed republiky ve Stupn\u011b a srpnov\u00fd fin\u00e1lov\u00fd z\u00e1vod v&nbsp;Harrachov\u011b.<\/p>\n\n\n\n<p>Dvojici Zatloukal, Kone\u010dn\u00fd v&nbsp;nejbli\u017e\u0161\u00ed dob\u011b \u010dek\u00e1 z\u00e1vod Sv\u011btov\u00e9ho poh\u00e1ru v&nbsp;Leogangu (10 \u2013 12.6.) a n\u00e1sledn\u011b p\u0159\u00edprava na Mistrovstv\u00ed Evropy, kter\u00e9 se uskute\u010dn\u00ed v&nbsp;portugalsk\u00e9 Anadii v&nbsp;term\u00ednu 29.6. \u2013 3.7.<\/p>\n\n\n\n<p><em>Foto: Pavel K\u0159ikava\u00a0\u00a0\u00a0\u00a0\u00a0<\/em><\/p>\n\n\n\n<figure class=\"wp-block-image size-large\"><img decoding=\"async\" loading=\"lazy\" width=\"1024\" height=\"885\" src=\"https:\/\/www.skcpraha.cz\/wp-content\/uploads\/2022\/06\/d2634a9c-0d6c-4ebc-9bef-53c17ef5c23b-1024x885.jpg\" alt=\"\" class=\"wp-image-6109\" srcset=\"https:\/\/www.skcpraha.cz\/wp-content\/uploads\/2022\/06\/d2634a9c-0d6c-4ebc-9bef-53c17ef5c23b-1024x885.jpg 1024w, https:\/\/www.skcpraha.cz\/wp-content\/uploads\/2022\/06\/d2634a9c-0d6c-4ebc-9bef-53c17ef5c23b-600x519.jpg 600w, https:\/\/www.skcpraha.cz\/wp-content\/uploads\/2022\/06\/d2634a9c-0d6c-4ebc-9bef-53c17ef5c23b-768x664.jpg 768w, https:\/\/www.skcpraha.cz\/wp-content\/uploads\/2022\/06\/d2634a9c-0d6c-4ebc-9bef-53c17ef5c23b-624x540.jpg 624w, https:\/\/www.skcpraha.cz\/wp-content\/uploads\/2022\/06\/d2634a9c-0d6c-4ebc-9bef-53c17ef5c23b.jpg 1271w\" sizes=\"(max-width: 1024px) 100vw, 1024px\" \/><\/figure>\n\n\n\n<figure class=\"wp-block-image size-large\"><img decoding=\"async\" loading=\"lazy\" width=\"1024\" height=\"683\" src=\"https:\/\/www.skcpraha.cz\/wp-content\/uploads\/2022\/06\/20220604-CPMTB-Bedrichov-0904-2-1024x683.jpg\" alt=\"\" class=\"wp-image-6105\" srcset=\"https:\/\/www.skcpraha.cz\/wp-content\/uploads\/2022\/06\/20220604-CPMTB-Bedrichov-0904-2-1024x683.jpg 1024w, https:\/\/www.skcpraha.cz\/wp-content\/uploads\/2022\/06\/20220604-CPMTB-Bedrichov-0904-2-600x400.jpg 600w, https:\/\/www.skcpraha.cz\/wp-content\/uploads\/2022\/06\/20220604-CPMTB-Bedrichov-0904-2-768x512.jpg 768w, https:\/\/www.skcpraha.cz\/wp-content\/uploads\/2022\/06\/20220604-CPMTB-Bedrichov-0904-2-1536x1024.jpg 1536w, https:\/\/www.skcpraha.cz\/wp-content\/uploads\/2022\/06\/20220604-CPMTB-Bedrichov-0904-2-624x416.jpg 624w, https:\/\/www.skcpraha.cz\/wp-content\/uploads\/2022\/06\/20220604-CPMTB-Bedrichov-0904-2.jpg 2048w\" sizes=\"(max-width: 1024px) 100vw, 1024px\" \/><\/figure>\n\n\n\n<figure class=\"wp-block-image size-large\"><img decoding=\"async\" loading=\"lazy\" width=\"1024\" height=\"683\" src=\"https:\/\/www.skcpraha.cz\/wp-content\/uploads\/2022\/06\/20220604-CPMTB-Bedrichov-0997-2-1024x683.jpg\" alt=\"\" class=\"wp-image-6106\" srcset=\"https:\/\/www.skcpraha.cz\/wp-content\/uploads\/2022\/06\/20220604-CPMTB-Bedrichov-0997-2-1024x683.jpg 1024w, https:\/\/www.skcpraha.cz\/wp-content\/uploads\/2022\/06\/20220604-CPMTB-Bedrichov-0997-2-600x400.jpg 600w, https:\/\/www.skcpraha.cz\/wp-content\/uploads\/2022\/06\/20220604-CPMTB-Bedrichov-0997-2-768x512.jpg 768w, https:\/\/www.skcpraha.cz\/wp-content\/uploads\/2022\/06\/20220604-CPMTB-Bedrichov-0997-2-1536x1024.jpg 1536w, https:\/\/www.skcpraha.cz\/wp-content\/uploads\/2022\/06\/20220604-CPMTB-Bedrichov-0997-2-624x416.jpg 624w, https:\/\/www.skcpraha.cz\/wp-content\/uploads\/2022\/06\/20220604-CPMTB-Bedrichov-0997-2.jpg 2048w\" sizes=\"(max-width: 1024px) 100vw, 1024px\" \/><\/figure>\n\n\n\n<figure class=\"wp-block-image size-large\"><img decoding=\"async\" loading=\"lazy\" width=\"1024\" height=\"683\" src=\"https:\/\/www.skcpraha.cz\/wp-content\/uploads\/2022\/06\/20220604-CPMTB-Bedrichov-1033-2-1024x683.jpg\" alt=\"\" class=\"wp-image-6107\" srcset=\"https:\/\/www.skcpraha.cz\/wp-content\/uploads\/2022\/06\/20220604-CPMTB-Bedrichov-1033-2-1024x683.jpg 1024w, https:\/\/www.skcpraha.cz\/wp-content\/uploads\/2022\/06\/20220604-CPMTB-Bedrichov-1033-2-600x400.jpg 600w, https:\/\/www.skcpraha.cz\/wp-content\/uploads\/2022\/06\/20220604-CPMTB-Bedrichov-1033-2-768x512.jpg 768w, https:\/\/www.skcpraha.cz\/wp-content\/uploads\/2022\/06\/20220604-CPMTB-Bedrichov-1033-2-1536x1024.jpg 1536w, https:\/\/www.skcpraha.cz\/wp-content\/uploads\/2022\/06\/20220604-CPMTB-Bedrichov-1033-2-624x416.jpg 624w, https:\/\/www.skcpraha.cz\/wp-content\/uploads\/2022\/06\/20220604-CPMTB-Bedrichov-1033-2.jpg 2048w\" sizes=\"(max-width: 1024px) 100vw, 1024px\" \/><\/figure>\n\n\n\n<figure class=\"wp-block-image size-large\"><img decoding=\"async\" loading=\"lazy\" width=\"1024\" height=\"683\" src=\"https:\/\/www.skcpraha.cz\/wp-content\/uploads\/2022\/06\/IMG_1801-2-1024x683.jpg\" alt=\"\" class=\"wp-image-6108\" srcset=\"https:\/\/www.skcpraha.cz\/wp-content\/uploads\/2022\/06\/IMG_1801-2-1024x683.jpg 1024w, https:\/\/www.skcpraha.cz\/wp-content\/uploads\/2022\/06\/IMG_1801-2-600x400.jpg 600w, https:\/\/www.skcpraha.cz\/wp-content\/uploads\/2022\/06\/IMG_1801-2-768x512.jpg 768w, https:\/\/www.skcpraha.cz\/wp-content\/uploads\/2022\/06\/IMG_1801-2-1536x1024.jpg 1536w, https:\/\/www.skcpraha.cz\/wp-content\/uploads\/2022\/06\/IMG_1801-2-624x416.jpg 624w, https:\/\/www.skcpraha.cz\/wp-content\/uploads\/2022\/06\/IMG_1801-2.jpg 2048w\" sizes=\"(max-width: 1024px) 100vw, 1024px\" \/><\/figure>\n","protected":false},"excerpt":{"rendered":"<a href=\"https:\/\/www.skcpraha.cz\/?p=6104\"><img width=\"150\" src=\"\" class=\"alignleft wp-post-image tfe\" alt=\"\" title=\"\" \/><\/a><p>Uplynul\u00e9 dny byly \u00fasp\u011b\u0161n\u00e9 pro z\u00e1vodn\u00edky t\u00fdmu NUTREND SPECIALIZED Racing. Handbiker Patrik Jahoda vybojoval na Mistrovstv\u00ed Evropy v&nbsp;Horn\u00edm Rakousku vynikaj\u00edc\u00ed bronzovou medaili v&nbsp;\u010dasovce a v&nbsp;silni\u010dn\u00edm z\u00e1vod\u011b obsadil \u010dtvrt\u00e9 m\u00edsto.&nbsp; Bike\u0159i Jan Zatloukal a Filip Kone\u010dn\u00fd v z\u00e1vod\u011b \u010cesk\u00e9ho poh\u00e1ru horsk\u00fdch kol v Bed\u0159ichov\u011b obsadili v&nbsp;kategorii U23 prvn\u00ed a t\u0159et\u00ed m\u00edsto. Jan Zatloukal nav\u00edc d\u00e1le vede [&hellip;]<\/p>\n","protected":false},"author":1,"featured_media":0,"comment_status":"closed","ping_status":"open","sticky":false,"template":"","format":"standard","meta":[],"categories":[1],"tags":[],"_links":{"self":[{"href":"https:\/\/www.skcpraha.cz\/index.php?rest_route=\/wp\/v2\/posts\/6104"}],"collection":[{"href":"https:\/\/www.skcpraha.cz\/index.php?rest_route=\/wp\/v2\/posts"}],"about":[{"href":"https:\/\/www.skcpraha.cz\/index.php?rest_route=\/wp\/v2\/types\/post"}],"author":[{"embeddable":true,"href":"https:\/\/www.skcpraha.cz\/index.php?rest_route=\/wp\/v2\/users\/1"}],"replies":[{"embeddable":true,"href":"https:\/\/www.skcpraha.cz\/index.php?rest_route=%2Fwp%2Fv2%2Fcomments&post=6104"}],"version-history":[{"count":3,"href":"https:\/\/www.skcpraha.cz\/index.php?rest_route=\/wp\/v2\/posts\/6104\/revisions"}],"predecessor-version":[{"id":6112,"href":"https:\/\/www.skcpraha.cz\/index.php?rest_route=\/wp\/v2\/posts\/6104\/revisions\/6112"}],"wp:attachment":[{"href":"https:\/\/www.skcpraha.cz\/index.php?rest_route=%2Fwp%2Fv2%2Fmedia&parent=6104"}],"wp:term":[{"taxonomy":"category","embeddable":true,"href":"https:\/\/www.skcpraha.cz\/index.php?rest_route=%2Fwp%2Fv2%2Fcategories&post=6104"},{"taxonomy":"post_tag","embeddable":true,"href":"https:\/\/www.skcpraha.cz\/index.php?rest_route=%2Fwp%2Fv2%2Ftags&post=6104"}],"curies":[{"name":"wp","href":"https:\/\/api.w.org\/{rel}","templated":true}]}}