{"id":6101,"date":"2022-04-26T12:17:13","date_gmt":"2022-04-26T12:17:13","guid":{"rendered":"http:\/\/www.skcpraha.cz\/?p=6101"},"modified":"2022-04-26T12:17:13","modified_gmt":"2022-04-26T12:17:13","slug":"prazsky-mtb-pohar-ceka-bikovy-unikat-dvojzavod-na-zlicine","status":"publish","type":"post","link":"https:\/\/www.skcpraha.cz\/?p=6101","title":{"rendered":"Pra\u017esk\u00fd MTB poh\u00e1r \u010dek\u00e1 bikov\u00fd unik\u00e1t &#8211; dvojz\u00e1vod na Zli\u010d\u00edn\u011b!"},"content":{"rendered":"\n<p><strong>\u0160koda Pra\u017esk\u00fd MTB poh\u00e1r bude v&nbsp;sobotu 30. dubna a v&nbsp;ned\u011bli 1. kv\u011btna pokra\u010dovat v&nbsp;po\u0159ad\u00ed t\u0159et\u00edm a \u010dtvrt\u00fdm z\u00e1vodem na Zli\u010d\u00edn\u011b, kter\u00fd p\u0159edstavuje bikov\u00fd unik\u00e1t. Z\u00e1vody jsou vyps\u00e1ny jako&nbsp;<\/strong><strong>\u201eVelk\u00e1 cena Caf\u00e9 Calabrone\u201c a z\u00e1vod \u201eO poh\u00e1r starostky M\u010c Praha Zli\u010d\u00edn\u201c<\/strong><strong><\/strong><\/p>\n\n\n\n<p>Cafe Calabrone Bike Ar\u00e9na na Zli\u010d\u00edn\u011b je p\u0159ipraven\u00e1 na v\u00edkendov\u00e9 t\u0159et\u00ed a \u010dtvrt\u00e9 kolo \u0160KODA Pra\u017esk\u00e9ho MTB poh\u00e1ru. Z&nbsp;pohledu biker\u016f se jedn\u00e1 o ojedin\u011bl\u00fd z\u00e1vod. M\u00edstn\u00ed tra\u0165 je toti\u017e z\u00e1m\u011brn\u011b postaven\u00e1 tak, aby byla plnohodnotn\u011b pr\u016fjezdn\u00e1 v&nbsp;obou sm\u011brech. To znamen\u00e1, \u017ee z\u00e1vodn\u00edci pojedou v&nbsp;sobotu v&nbsp;tradi\u010dn\u00edm sm\u011bru okruhu a ned\u011bln\u00ed z\u00e1vod pak absolvuj\u00ed v&nbsp;protism\u011bru. Jde o zaj\u00edmavou z\u00e1le\u017eitost, proto\u017ee ob\u011b trat\u011b jsou z&nbsp;pohledu z\u00e1vodn\u00edka zcela rozd\u00edln\u00e9.&nbsp;<\/p>\n\n\n\n<p>Zli\u010d\u00ednsk\u00fd z\u00e1vod je touto konfigurac\u00ed unik\u00e1tn\u00ed a pro jezdce i div\u00e1ky neobvykl\u00fd.&nbsp;<\/p>\n\n\n\n<p>V\u00edkendov\u00fd term\u00edn Pra\u017esk\u00e9ho MTB poh\u00e1ru p\u0159edstavuje z&nbsp;pohledu z\u00e1vodn\u00edho kalend\u00e1\u0159e jezdc\u016f d\u016fle\u017eit\u00e9 datum, na kter\u00e9 budou navazovat dal\u0161\u00ed v\u00fdznamn\u00e9 z\u00e1vody.&nbsp;<\/p>\n\n\n\n<p>Pro jezdce dosp\u011bl\u00fdch kategori\u00ed m\u016f\u017ee b\u00fdt Zli\u010d\u00edn bojem o poh\u00e1rov\u00e9 body nebo \u201ejen\u201c d\u016fle\u017eit\u00fdm a kvalitn\u00edm tr\u00e9ninkem na bl\u00ed\u017e\u00edc\u00ed se z\u00e1vodn\u00ed program. V&nbsp;p\u0159\u00edpad\u011b mlad\u0161\u00edch kategori\u00ed p\u016fjde o plnohodnotnou poh\u00e1rovou bitvu, kter\u00e1 m\u016f\u017ee z\u00e1sadn\u00edm zp\u016fsobem ovlivnit celkov\u00e9 po\u0159ad\u00ed poh\u00e1ru. Pra\u017esk\u00fd MTB poh\u00e1r postupn\u011b z\u00edsk\u00e1v\u00e1 ohlas u na\u0161ich zahrani\u010dn\u00edch soused\u016f a nap\u0159\u00edklad na Zli\u010d\u00edn u\u017e je p\u0159ihl\u00e1\u0161eno t\u00e9m\u011b\u0159 30 jezdc\u016f v&nbsp;d\u011btsk\u00fdch, \u017e\u00e1kovsk\u00fdch a ml\u00e1de\u017enick\u00fdch kategori\u00edch ze zahrani\u010d\u00ed a srovn\u00e1n\u00ed na\u0161\u00ed cyklistick\u00e9 ml\u00e1de\u017ee se zahrani\u010dn\u00ed konkurenc\u00ed bude jist\u011b zaj\u00edmav\u00e9. Zli\u010d\u00ednsk\u00fd dvojz\u00e1vod tedy o\u010dek\u00e1v\u00e1 kvalitn\u00ed a po\u010detn\u00e9 startovn\u00ed pole a z\u00e1vody s&nbsp;vysokou sportovn\u00ed \u00farovn\u00ed ve v\u0161ech kategori\u00edch.&nbsp;<\/p>\n\n\n\n<p>Tra\u0165 na Zli\u010d\u00edn\u011b, kterou m\u00e1 v&nbsp;p\u00e9\u010di t\u00fdm Calabrone veden\u00fd Martinem Jarou\u0161em se celoro\u010dn\u011b udr\u017euje a st\u00e1le inovuje. I pro leto\u0161n\u00ed ro\u010dn\u00edk je nachyst\u00e1no n\u011bkolik zm\u011bn.&nbsp;<em>\u201eP\u0159es zimu jsme vybudovali nov\u00e9 \u00faseky, kter\u00e9 budou sou\u010d\u00e1st\u00ed v\u00edkendov\u00e9ho z\u00e1vodu a trouf\u00e1m si tvrdit, \u017ee tra\u0165 na Zli\u010d\u00edn\u011b je na poh\u00e1r p\u0159ipraven\u00e1 asi nejl\u00e9pe v&nbsp;cel\u00e9 sv\u00e9 z\u00e1vodn\u00ed historii\u201c<\/em>&nbsp;\u0159\u00edk\u00e1 Martin Jarou\u0161, z\u00e1rove\u0148 spoluzakladatel my\u0161lenky Pra\u017esk\u00e9ho MTB poh\u00e1ru a vyhl\u00e1\u0161en\u00fd kucha\u0159 na\u0161eho n\u00e1rodn\u00edho bikov\u00e9ho t\u00fdmu.&nbsp;<\/p>\n\n\n\n<p>Martinovo kulin\u00e1\u0159sk\u00e9 um\u011bn\u00ed budou moci z\u00e1vodn\u00edci i div\u00e1ci ocenit v&nbsp;z\u00e1zem\u00ed z\u00e1vodu. Sou\u010d\u00e1st\u00ed ob\u010derstven\u00ed bude mimo jin\u00e9 i vynikaj\u00edc\u00ed k\u00e1va, kterou Martin Jarou\u0161 pe\u010dliv\u011b vybral, nam\u00edchal a nechal upra\u017eit pro sv\u00e9 Caf\u00e9 Calabrone. A na Martinovu k\u00e1vu a z\u00e1kusky do cykloservisu, prodejny a bike caf\u00e9 &#8211; Caf\u00e9 Calabrone jezd\u00ed cyklist\u00e9 ze v\u0161ech kout\u016f, v\u010detn\u011b na\u0161ich reprezentant\u016f v&nbsp;\u010dele s&nbsp;milovn\u00edkem dobr\u00e9 k\u00e1vy,&nbsp;Ondrou Cinkem.<\/p>\n\n\n\n<p>Tr\u00e9nink na trati se uskute\u010dn\u00ed v&nbsp;p\u00e1tek &nbsp;od 15:00 hodin.<\/p>\n\n\n\n<p>Online p\u0159ihl\u00e1\u0161ky ke 3. a 4. kolu Pra\u017esk\u00e9ho MTB poh\u00e1ru <a href=\"http:\/\/prahamtb.cz\/?page_id=18\">ZDE<\/a><\/p>\n\n\n\n<p>Propozice, rozpis z\u00e1vodu a \u010dasov\u00fd pl\u00e1n <a href=\"http:\/\/prahamtb.cz\/?page_id=12\">ZDE<\/a><\/p>\n\n\n\n<p>Celkov\u00e9 po\u0159ad\u00ed \u0160KODA Pra\u017esk\u00e9ho MTB poh\u00e1ru po dvou z\u00e1vodech <a href=\"https:\/\/www.sportt.cz\/racesSerials\/serial\/36\">ZDE<\/a><\/p>\n\n\n\n<figure class=\"wp-block-image size-large\"><img decoding=\"async\" src=\"http:\/\/prahamtb.cz\/wp-content\/uploads\/2022\/04\/IMG_4770-1024x683.jpg\" alt=\"\" class=\"wp-image-6346\"\/><\/figure>\n","protected":false},"excerpt":{"rendered":"<a href=\"https:\/\/www.skcpraha.cz\/?p=6101\"><img width=\"150\" src=\"\" class=\"alignleft wp-post-image tfe\" alt=\"\" title=\"\" \/><\/a><p>\u0160koda Pra\u017esk\u00fd MTB poh\u00e1r bude v&nbsp;sobotu 30. dubna a v&nbsp;ned\u011bli 1. kv\u011btna pokra\u010dovat v&nbsp;po\u0159ad\u00ed t\u0159et\u00edm a \u010dtvrt\u00fdm z\u00e1vodem na Zli\u010d\u00edn\u011b, kter\u00fd p\u0159edstavuje bikov\u00fd unik\u00e1t. Z\u00e1vody jsou vyps\u00e1ny jako&nbsp;\u201eVelk\u00e1 cena Caf\u00e9 Calabrone\u201c a z\u00e1vod \u201eO poh\u00e1r starostky M\u010c Praha Zli\u010d\u00edn\u201c Cafe Calabrone Bike Ar\u00e9na na Zli\u010d\u00edn\u011b je p\u0159ipraven\u00e1 na v\u00edkendov\u00e9 t\u0159et\u00ed a \u010dtvrt\u00e9 kolo \u0160KODA Pra\u017esk\u00e9ho [&hellip;]<\/p>\n","protected":false},"author":1,"featured_media":0,"comment_status":"closed","ping_status":"open","sticky":false,"template":"","format":"standard","meta":[],"categories":[1],"tags":[],"_links":{"self":[{"href":"https:\/\/www.skcpraha.cz\/index.php?rest_route=\/wp\/v2\/posts\/6101"}],"collection":[{"href":"https:\/\/www.skcpraha.cz\/index.php?rest_route=\/wp\/v2\/posts"}],"about":[{"href":"https:\/\/www.skcpraha.cz\/index.php?rest_route=\/wp\/v2\/types\/post"}],"author":[{"embeddable":true,"href":"https:\/\/www.skcpraha.cz\/index.php?rest_route=\/wp\/v2\/users\/1"}],"replies":[{"embeddable":true,"href":"https:\/\/www.skcpraha.cz\/index.php?rest_route=%2Fwp%2Fv2%2Fcomments&post=6101"}],"version-history":[{"count":1,"href":"https:\/\/www.skcpraha.cz\/index.php?rest_route=\/wp\/v2\/posts\/6101\/revisions"}],"predecessor-version":[{"id":6102,"href":"https:\/\/www.skcpraha.cz\/index.php?rest_route=\/wp\/v2\/posts\/6101\/revisions\/6102"}],"wp:attachment":[{"href":"https:\/\/www.skcpraha.cz\/index.php?rest_route=%2Fwp%2Fv2%2Fmedia&parent=6101"}],"wp:term":[{"taxonomy":"category","embeddable":true,"href":"https:\/\/www.skcpraha.cz\/index.php?rest_route=%2Fwp%2Fv2%2Fcategories&post=6101"},{"taxonomy":"post_tag","embeddable":true,"href":"https:\/\/www.skcpraha.cz\/index.php?rest_route=%2Fwp%2Fv2%2Ftags&post=6101"}],"curies":[{"name":"wp","href":"https:\/\/api.w.org\/{rel}","templated":true}]}}