{"id":6088,"date":"2022-04-17T16:00:49","date_gmt":"2022-04-17T16:00:49","guid":{"rendered":"http:\/\/www.skcpraha.cz\/?p=6088"},"modified":"2022-04-17T16:00:49","modified_gmt":"2022-04-17T16:00:49","slug":"stepanova-a-zatloukal-vitezi-druheho-kola-prazskeho-mtb-poharu-ve-kbelich","status":"publish","type":"post","link":"https:\/\/www.skcpraha.cz\/?p=6088","title":{"rendered":"\u0160t\u011bp\u00e1nov\u00e1 a Zatloukal v\u00edt\u011bzi druh\u00e9ho kola Pra\u017esk\u00e9ho MTB poh\u00e1ru ve Kbel\u00edch!"},"content":{"rendered":"\n<p><strong>Karla \u0160t\u011bp\u00e1nov\u00e1 (Cyklostar Head Pirelli) a Jan Zatloukal (NUTREND Specialized Racing) se stali v\u00edt\u011bzi hlavn\u00edch kategori\u00ed druh\u00e9ho kola \u0160KODA Pra\u017esk\u00e9ho MTB poh\u00e1ru ve Kbel\u00edch.<\/strong><\/p>\n\n\n\n<p>Velikono\u010dn\u00ed sobota v\u00edtala \u00fa\u010dastn\u00edky druh\u00e9ho kola \u0160KODA Pra\u017esk\u00e9ho MTB poh\u00e1ru chladn\u00fdm a v\u011btrn\u00fdm po\u010das\u00edm. Z\u00e1vodn\u00ed okruh s&nbsp;n\u00e1zvem \u201ePahorek KNAUF Kbely\u201c p\u0159ipravil po\u0159adatelsk\u00fd t\u00fdm Kbely Cycling Team veden\u00fd Miroslavem Svobodou a Vladim\u00edrem Musilem. Zd\u00e1nliv\u011b jednoduch\u00e1 tra\u0165, sp\u00ed\u0161e cyklokrosov\u00e9ho charakteru zasazen\u00e1 do m\u00edstn\u00edho Bike parku se p\u0159i absolvov\u00e1n\u00ed v&nbsp;z\u00e1vodn\u00ed z\u00e1t\u011b\u017ei jev\u00ed jako velmi n\u00e1ro\u010dn\u00e1, co\u017e s&nbsp;p\u0159ekvapen\u00edm zjistili v\u0161ichni \u00fa\u010dastn\u00edci, kte\u0159\u00ed absolvovali ve Kbel\u00edch svou z\u00e1vodn\u00ed premi\u00e9ru.&nbsp;<\/p>\n\n\n\n<p><em>\u201eMoc hezk\u00e1 tra\u0165, ale skute\u010dn\u011b velmi n\u00e1ro\u010dn\u00fd z\u00e1vod\u2026\u201c<\/em>&nbsp;zn\u011blo nej\u010dast\u011bji v&nbsp;c\u00edlov\u00e9m koment\u00e1\u0159i jezdc\u016f, odpov\u00eddaj\u00edc\u00edm do mikrofonu na dotazy moder\u00e1tora Jirky Je\u017eka.<\/p>\n\n\n\n<p>Po\u010detn\u011b obsazen\u00fdm \u017e\u00e1kovsk\u00fdm kategori\u00edm dominovali: Nela Dr\u00e1bkov\u00e1 (\u010cist\u00fd sport) a Vojta Rada (Rexonix Racing Team) v&nbsp;kategorii \u017d\u00e1ci I. a Zuzka Kr\u00e1tk\u00e1 (Bike Freaks Holice) s&nbsp;Luk\u00e1\u0161em Vorlem (Rexonix Racing Team) v&nbsp;kategorii \u017d\u00e1ci II. V&nbsp;t\u00e9to souvislosti je pot\u0159eba zm\u00ednit ml\u00e1de\u017enick\u00fd t\u00fdm Rexonix Racing, kter\u00e9mu vy\u0161el z\u00e1vod ve Kbel\u00edch na v\u00fdbornou. Mimo um\u00edst\u011bn\u00ed v&nbsp;\u017e\u00e1kovsk\u00fdch kategori\u00edch slavili i v&nbsp;\u201enadupan\u00e9\u201c kategorii kadet\u016f, kde st\u0159\u00edbro vybojoval Jakub Habr. V\u00edt\u011bzstv\u00ed si mezi kadety ze&nbsp;Kbel odvezl, po vynikaj\u00edc\u00edm v\u00fdkonu, talentovan\u00fd Kry\u0161tof Ba\u017eant (TJ Sokol Plavy \u2013 Cyklo Benda) a bude velmi zaj\u00edmav\u00e9 sledovat dal\u0161\u00ed cyklistick\u00e9 kroky tohoto Mistra Evropy z \u017e\u00e1kovsk\u00e9&nbsp;kategorie. T\u0159et\u00ed m\u00edsto z\u00edskal Daniel Srp z&nbsp;t\u00fdmu olympijsk\u00e9ho v\u00edt\u011bze a tak\u00e9 patrona Pra\u017esk\u00e9ho MTB poh\u00e1ru, Jaroslava Kulhav\u00e9ho. &nbsp;&nbsp;&nbsp;&nbsp;&nbsp;&nbsp;&nbsp;&nbsp;&nbsp;&nbsp;<\/p>\n\n\n\n<p>Zaj\u00edmav\u00fd byl z\u00e1vod kadetek, ve kter\u00e9m zv\u00edt\u011bzila po v\u00fdborn\u00e9m v\u00fdkonu Iva Kova\u0159\u00edkov\u00e1 (\u00dasteck\u00e9 Centrum Cyklistiky) p\u0159ed Hankou Vikovou (Dukla Praha) a Martinou V\u00e1clav\u016f (Brilon Racing Team MB).<\/p>\n\n\n\n<p>V\u00edt\u011bzem z\u00e1vodu junior\u016f se stal \u010desk\u00fd reprezentant v cyklokrosu a syn slavn\u00e9ho otce V\u00e1clav Je\u017eek (Brilon Racing Team MB) p\u0159ed Josefem S\u00fdkorou (Head Pro T\u00fdm Opava) a Luk\u00e1\u0161em Dobr\u00fdm (Canyon Northwave MTB Team).&nbsp;<\/p>\n\n\n\n<p>Pro ml\u00e1de\u017enick\u00e9 kategorie byl z\u00e1vod ve Kbel\u00edch vyps\u00e1n tak\u00e9 jako Mistrovstv\u00ed Prahy Pra\u017esk\u00e9ho cyklistick\u00e9ho svazu a v\u00edt\u011bzov\u00e9 se mohou py\u0161nit unik\u00e1tn\u00edm dresem a medailemi v&nbsp;barv\u00e1ch Hlavn\u00edho m\u011bsta.&nbsp;<\/p>\n\n\n\n<p>Ve spojen\u00e9 kategorii \u017een a juniorek zv\u00edt\u011bzila \u010desk\u00e1 reprezentantka Karla \u0160t\u011bp\u00e1nov\u00e1 (Cyklostar Head Pirelli) p\u0159ed Evou Haselbergerovou (Born in \u0160umava) a Petrou Krti\u010dkovou (HSK Cycling Team).&nbsp;<\/p>\n\n\n\n<p><em>\u201eJsem r\u00e1da, \u017ee po vlekl\u00fdch a nep\u0159\u00edjemn\u00fdch zdravotn\u00edch komplikac\u00edch z&nbsp;minul\u00e9ho roku, jsem op\u011bt v&nbsp;pln\u00e9 p\u0159\u00edprav\u011b na bl\u00ed\u017e\u00edc\u00ed se z\u00e1vody Sv\u011btov\u00e9ho poh\u00e1ru v&nbsp;Albstadtu a Nov\u00e9m M\u011bst\u011b na Morav\u011b a m\u016f\u017eu plnohodnotn\u011b z\u00e1vodit\u201c<\/em>&nbsp;usm\u00edvala se v&nbsp;c\u00edli v\u00edt\u011bzka z\u00e1vodu \u017een.&nbsp;<\/p>\n\n\n\n<p>V kategorii mu\u017e\u016f zv\u00edt\u011bzil \u010desk\u00fd reprezentant, \u201et\u0159iadvac\u00edtk\u00e1\u0159\u201c Jan Zatloukal (NUTREND Specialized Racing), kter\u00fd se po z\u00e1vod\u011b sv\u011btov\u00e9ho poh\u00e1ru v&nbsp;brazilsk\u00e9m Petropolis posunul v&nbsp;rankingu UCI u\u017e mezi sto nejlep\u0161\u00edch biker\u016f sv\u011bta. Druh\u00e9 m\u00edsto mezi mu\u017ei obsadil t\u00fdmov\u00fd kolega Karly \u0160t\u011bp\u00e1nov\u00e9, Josef Jel\u00ednek p\u0159ed dob\u0159e jedouc\u00edm Tom\u00e1\u0161em \u0160evc\u016f (Amenity Extreme Sport Team).<\/p>\n\n\n\n<p>Po\u010detn\u011b a p\u0159edev\u0161\u00edm velmi kvalitn\u011b byly obsazen\u00e9 kategorie Masters a bylo vid\u011bt, \u017ee si to nejlep\u0161\u00ed \u201eM\u00e1st\u0159i\u201c z&nbsp;cel\u00e9 \u010cesk\u00e9 republiky mezi sebou rozd\u00e1vaj\u00ed od \u00favodn\u00edch metr\u016f doslova a\u017e do c\u00edle.&nbsp;<\/p>\n\n\n\n<p>V&nbsp;kategorii Masters I. zv\u00edt\u011bzil b\u00fdval\u00fd \u010desk\u00fd reprezentant Pavel Linek (Sport Are\u00e1l Kl\u00edny), vyrovnanou kategorii Masters II. ovl\u00e1dl Daniel V\u00e1gner (Kross Bike Ranch Team), kategorii Masters III. dominoval &nbsp;po perfektn\u00edm v\u00fdkonu Ivan \u0160\u00edpal (Author Masters Team) a v&nbsp;respektovan\u00e9 kategorii SuperMasters zv\u00edt\u011bzil \u0159editel z\u00e1vodu Miroslav Svoboda (Kbely Cycling Team).<\/p>\n\n\n\n<p>K&nbsp;vyda\u0159en\u00e9mu z\u00e1vodu je nutn\u00e9 dodat, \u017ee kbelsk\u00fd Bike Park je bohu\u017eel jedn\u00edm z velmi&nbsp;m\u00e1la m\u00edst na\u0161eho Hlavn\u00edho m\u011bsta, kter\u00e9 jsou vy\u010dlen\u011bny \u0161irok\u00e9 komunit\u011b biker\u016f a traily jsou zde budov\u00e1ny a celoro\u010dn\u011b udr\u017eov\u00e1ny s p\u0159\u00edmou&nbsp;podporou M\u011bstsk\u00e9 \u010d\u00e1sti i Magistr\u00e1tu Hlavn\u00edho m\u011bsta Prahy. Jsme za tuto \u201eprvn\u00ed bikovou vla\u0161tovku\u201c v Praze vd\u011b\u010dn\u00ed i kdy\u017e ani n\u00e1hodou nem\u016f\u017ee saturovat po\u010detnou cyklistickou komunitu na\u0161eho Hlavn\u00edho m\u011bsta. V\u011b\u0159me, \u017ee se postupn\u011b ke Kbel\u00edm p\u0159idaj\u00ed i n\u011bkter\u00e9 dal\u0161\u00ed vhodn\u00e9 pra\u017esk\u00e9 lokality. Cyklistika, kter\u00e1 je v&nbsp;Praze i \u010cesk\u00e9 republice jedn\u00edm z v\u016fbec&nbsp;neroz\u0161\u00ed\u0159en\u011bj\u0161\u00edch sport\u016f by si to velmi zaslou\u017eila\u2026<\/p>\n\n\n\n<p>\u0160KODA Pra\u017esk\u00fd MTB poh\u00e1r pokra\u010duje u\u017e za \u010dtrn\u00e1ct dn\u00ed dvojz\u00e1vodem na Zli\u010d\u00edn\u011b, kter\u00fd se uskute\u010dn\u00ed ve dnech 30.4. a 1.5. v&nbsp;Caf\u00e9 Calabrone Bike Ar\u00e9n\u011b jako \u201eVelk\u00e1 cena Caf\u00e9 Calabrone\u201c a z\u00e1vod \u201eO poh\u00e1r starostky M\u010c Praha Zli\u010d\u00edn\u201c. &nbsp;&nbsp;&nbsp;&nbsp;<\/p>\n\n\n\n<p>V\u00fdsledky 2. kola \u0160KODA Pra\u017esk\u00e9ho MTB poh\u00e1ru Kbely <a href=\"https:\/\/www.sportt.cz\/racesResults\/resultlist\/1155\">ZDE<\/a><\/p>\n\n\n\n<p>Celkov\u00e9 po\u0159ad\u00ed \u0160KODA Pra\u017esk\u00e9ho MTB poh\u00e1ru po dvou z\u00e1vodech <a href=\"http:\/\/ <p>Celkov\u00e9 po\u0159ad\u00ed \u0160KODA Pra\u017esk\u00e9ho MTB poh\u00e1ru po dvou z\u00e1vodech ZDE:&nbsp;<a href=&quot;https:\/\/www.sportt.cz\/racesSerials\/serial\/36&quot;>https:\/\/www.sportt.cz\/racesSerials\/serial\/36<\/a><\/p> &#8222;>ZDE<\/a><\/p>\n\n\n\n<p>Fotogalerie Hany Matou\u0161kov\u00e9 <a href=\"https:\/\/biketeamkralupy.rajce.idnes.cz\/prazsky_mtb_pohar_Kbely%2C_16.4.2022\/\">ZDE<\/a><\/p>\n\n\n\n<p>Foto: Hana Matou\u0161kov\u00e1<\/p>\n\n\n\n<figure class=\"wp-block-image size-large\"><img decoding=\"async\" src=\"http:\/\/prahamtb.cz\/wp-content\/uploads\/2022\/04\/image002-1-1024x681.jpg\" alt=\"\" class=\"wp-image-6327\"\/><\/figure>\n\n\n\n<p><strong>Pra\u017esk\u00fd MTB poh\u00e1r 2022:<\/strong><\/p>\n\n\n\n<p>ned\u011ble 20. b\u0159ezna&nbsp;&nbsp;&nbsp;&nbsp;&nbsp;&nbsp;&nbsp;&nbsp; Motol &#8211; Velk\u00e1 cena NUTREND SPECIALIZED<\/p>\n\n\n\n<p>sobota 16. dubna&nbsp;&nbsp;&nbsp;&nbsp;&nbsp;&nbsp;&nbsp;&nbsp;&nbsp; Kbely &#8211; O poh\u00e1r M\u010c Praha Kbely \/ Mistrovstv\u00ed Prahy<\/p>\n\n\n\n<p>sobota 30. dubna&nbsp; &nbsp;&nbsp;&nbsp;&nbsp;&nbsp; &nbsp;&nbsp;Zli\u010d\u00edn I. \u2013 Velk\u00e1 cena Caf\u00e9 Calabrone<\/p>\n\n\n\n<p>ned\u011ble &nbsp;&nbsp;1. kv\u011btna&nbsp;&nbsp; &nbsp;&nbsp;&nbsp;&nbsp;&nbsp;&nbsp;&nbsp;Zli\u010d\u00edn II. \u2013 O poh\u00e1r starostky M\u010c Praha Zli\u010d\u00edn<\/p>\n\n\n\n<p>ned\u011ble 11. z\u00e1\u0159\u00ed&nbsp;&nbsp;&nbsp;&nbsp;&nbsp;&nbsp;&nbsp;&nbsp;&nbsp;&nbsp;&nbsp;&nbsp;&nbsp;&nbsp; Libu\u0161 \u2013 O poh\u00e1r M\u010c Praha Libu\u0161<\/p>\n\n\n\n<p>ned\u011ble 25. z\u00e1\u0159\u00ed&nbsp;&nbsp;&nbsp;&nbsp;&nbsp;&nbsp;&nbsp;&nbsp;&nbsp;&nbsp;&nbsp;&nbsp;&nbsp;&nbsp; Motol \u2013 Velk\u00e1 cena \u0160KODA AUTO \/ Akademick\u00e9 M\u010cR&nbsp;<\/p>\n","protected":false},"excerpt":{"rendered":"<a href=\"https:\/\/www.skcpraha.cz\/?p=6088\"><img width=\"150\" src=\"\" class=\"alignleft wp-post-image tfe\" alt=\"\" title=\"\" \/><\/a><p>Karla \u0160t\u011bp\u00e1nov\u00e1 (Cyklostar Head Pirelli) a Jan Zatloukal (NUTREND Specialized Racing) se stali v\u00edt\u011bzi hlavn\u00edch kategori\u00ed druh\u00e9ho kola \u0160KODA Pra\u017esk\u00e9ho MTB poh\u00e1ru ve Kbel\u00edch. Velikono\u010dn\u00ed sobota v\u00edtala \u00fa\u010dastn\u00edky druh\u00e9ho kola \u0160KODA Pra\u017esk\u00e9ho MTB poh\u00e1ru chladn\u00fdm a v\u011btrn\u00fdm po\u010das\u00edm. Z\u00e1vodn\u00ed okruh s&nbsp;n\u00e1zvem \u201ePahorek KNAUF Kbely\u201c p\u0159ipravil po\u0159adatelsk\u00fd t\u00fdm Kbely Cycling Team veden\u00fd Miroslavem Svobodou a Vladim\u00edrem [&hellip;]<\/p>\n","protected":false},"author":1,"featured_media":0,"comment_status":"closed","ping_status":"open","sticky":false,"template":"","format":"standard","meta":[],"categories":[1],"tags":[],"_links":{"self":[{"href":"https:\/\/www.skcpraha.cz\/index.php?rest_route=\/wp\/v2\/posts\/6088"}],"collection":[{"href":"https:\/\/www.skcpraha.cz\/index.php?rest_route=\/wp\/v2\/posts"}],"about":[{"href":"https:\/\/www.skcpraha.cz\/index.php?rest_route=\/wp\/v2\/types\/post"}],"author":[{"embeddable":true,"href":"https:\/\/www.skcpraha.cz\/index.php?rest_route=\/wp\/v2\/users\/1"}],"replies":[{"embeddable":true,"href":"https:\/\/www.skcpraha.cz\/index.php?rest_route=%2Fwp%2Fv2%2Fcomments&post=6088"}],"version-history":[{"count":1,"href":"https:\/\/www.skcpraha.cz\/index.php?rest_route=\/wp\/v2\/posts\/6088\/revisions"}],"predecessor-version":[{"id":6089,"href":"https:\/\/www.skcpraha.cz\/index.php?rest_route=\/wp\/v2\/posts\/6088\/revisions\/6089"}],"wp:attachment":[{"href":"https:\/\/www.skcpraha.cz\/index.php?rest_route=%2Fwp%2Fv2%2Fmedia&parent=6088"}],"wp:term":[{"taxonomy":"category","embeddable":true,"href":"https:\/\/www.skcpraha.cz\/index.php?rest_route=%2Fwp%2Fv2%2Fcategories&post=6088"},{"taxonomy":"post_tag","embeddable":true,"href":"https:\/\/www.skcpraha.cz\/index.php?rest_route=%2Fwp%2Fv2%2Ftags&post=6088"}],"curies":[{"name":"wp","href":"https:\/\/api.w.org\/{rel}","templated":true}]}}