{"id":5977,"date":"2021-06-03T10:21:43","date_gmt":"2021-06-03T10:21:43","guid":{"rendered":"http:\/\/www.skcpraha.cz\/?p=5977"},"modified":"2021-06-03T10:21:43","modified_gmt":"2021-06-03T10:21:43","slug":"dalsi-podiovy-vikend-pro-tym-nutrend-specialized-racing","status":"publish","type":"post","link":"https:\/\/www.skcpraha.cz\/?p=5977","title":{"rendered":"Dal\u0161\u00ed p\u00f3diov\u00fd v\u00edkend pro t\u00fdm NUTREND Specialized Racing!"},"content":{"rendered":"\n<p>Jezdci t\u00fdmu NUTREND Specialized Racing maj\u00ed za sebou dal\u0161\u00ed v\u00edkend b\u011bhem kter\u00e9ho naplno z\u00e1vodili a znovu zaznamenali p\u00f3diov\u00e1 um\u00edst\u011bn\u00ed ve sv\u00fdch kategori\u00edch.<\/p>\n\n\n\n<p>V sobotn\u00edm z\u00e1vod\u011b IZOMAT \u010cesk\u00e9ho poh\u00e1ru horsk\u00fdch kol v&nbsp;Brn\u011b, za\u0159azen\u00e9ho do kategorie C1 UCI vybojoval junior Filip Kone\u010dn\u00fd t\u0159et\u00ed m\u00edsto za dvojic\u00ed n\u011bmeck\u00fdch reprezentant\u016f Paul Schehl a Fabian Eder.<\/p>\n\n\n\n<p>Jan Zatloukal obsadil druh\u00e9 m\u00edsto v&nbsp;kategorii U23 za reprezentantem Chile Martinem Vidaurre Kossmanem a v&nbsp;hodnocen\u00ed kategorie Elite byl \u0161est\u00fd.<\/p>\n\n\n\n<p>V&nbsp;celkov\u00e9m po\u0159ad\u00ed IZOMAT \u010cesk\u00e9ho poh\u00e1ru n\u00e1le\u017e\u00ed jezdc\u016fm t\u00fdmu NUTREND Specialized Racing prvn\u00ed m\u00edsto v&nbsp;jejich kategori\u00edch junior a U23, Jan Zatloukal d\u00e1le dr\u017e\u00ed t\u0159et\u00ed p\u0159\u00ed\u010dku v&nbsp;kategorie Elite. &nbsp;<\/p>\n\n\n\n<p>V&nbsp;ned\u011bli absolvovali oba jezdci z\u00e1vod Slovensk\u00e9ho poh\u00e1ru horsk\u00fdch kol v&nbsp;Tur\u010diansk\u00fdch Teplic\u00edch, rovn\u011b\u017e zapsan\u00e9ho jako C1 UCI.<\/p>\n\n\n\n<p>Filip Kone\u010dn\u00fd se tentokr\u00e1t vybral smolnou da\u0148 za chybu na startu a n\u00e1sledn\u00fd p\u00e1d v&nbsp;pr\u016fb\u011bhu st\u00edhac\u00ed j\u00edzdy ve kter\u00e9 se sna\u017eil co nejrychleji dostat na \u010delo z\u00e1vodu. P\u00e1dem po\u0161kozen\u00fd ovlada\u010d \u0159azen\u00ed jeho Epicu ale neumo\u017enil dal\u0161\u00ed pokra\u010dov\u00e1n\u00ed v&nbsp;z\u00e1vod\u011b.<\/p>\n\n\n\n<p>Jan Zatloukal zvl\u00e1dnul z\u00e1vod kategorie Elite velmi dob\u0159e, po celou dobu se pohyboval v&nbsp;\u010deln\u00ed p\u011bti\u010dlenn\u00e9 skupin\u011b a nakonec obsadil \u010dtvrtou p\u0159\u00ed\u010dku za \u010desk\u00fdm reprezentantem Janem \u0160karnitzlem, Pol\u00e1kem Heltou a v\u00edt\u011bzn\u00fdm Martinem Haringem ze Slovenska. &nbsp;&nbsp;&nbsp;<\/p>\n\n\n\n<p>V&nbsp;tomto v\u00edkendu se oba jezdci p\u0159esunou do rakousk\u00e9ho Grazu, kde v&nbsp;ned\u011bli absolvuj\u00ed dal\u0161\u00ed z\u00e1vod kategorie C1 UCI.<\/p>\n\n\n\n<p>Foto: Jaroslav Svoboda, <strong><a rel=\"noreferrer noopener\" href=\"http:\/\/jsphoto.cz\" target=\"_blank\">jsphoto.cz<\/a><\/strong> \u00a0\u00a0<\/p>\n\n\n\n<figure class=\"wp-block-image size-large\"><img decoding=\"async\" loading=\"lazy\" width=\"1024\" height=\"683\" src=\"https:\/\/www.skcpraha.cz\/wp-content\/uploads\/2021\/06\/SVO_4983-1-1024x683.jpg\" alt=\"\" class=\"wp-image-5979\" srcset=\"https:\/\/www.skcpraha.cz\/wp-content\/uploads\/2021\/06\/SVO_4983-1-1024x683.jpg 1024w, https:\/\/www.skcpraha.cz\/wp-content\/uploads\/2021\/06\/SVO_4983-1-600x400.jpg 600w, https:\/\/www.skcpraha.cz\/wp-content\/uploads\/2021\/06\/SVO_4983-1-768x512.jpg 768w, https:\/\/www.skcpraha.cz\/wp-content\/uploads\/2021\/06\/SVO_4983-1-1536x1024.jpg 1536w, https:\/\/www.skcpraha.cz\/wp-content\/uploads\/2021\/06\/SVO_4983-1-624x416.jpg 624w, https:\/\/www.skcpraha.cz\/wp-content\/uploads\/2021\/06\/SVO_4983-1.jpg 2048w\" sizes=\"(max-width: 1024px) 100vw, 1024px\" \/><\/figure>\n","protected":false},"excerpt":{"rendered":"<a href=\"https:\/\/www.skcpraha.cz\/?p=5977\"><img width=\"150\" src=\"\" class=\"alignleft wp-post-image tfe\" alt=\"\" title=\"\" \/><\/a><p>Jezdci t\u00fdmu NUTREND Specialized Racing maj\u00ed za sebou dal\u0161\u00ed v\u00edkend b\u011bhem kter\u00e9ho naplno z\u00e1vodili a znovu zaznamenali p\u00f3diov\u00e1 um\u00edst\u011bn\u00ed ve sv\u00fdch kategori\u00edch. V sobotn\u00edm z\u00e1vod\u011b IZOMAT \u010cesk\u00e9ho poh\u00e1ru horsk\u00fdch kol v&nbsp;Brn\u011b, za\u0159azen\u00e9ho do kategorie C1 UCI vybojoval junior Filip Kone\u010dn\u00fd t\u0159et\u00ed m\u00edsto za dvojic\u00ed n\u011bmeck\u00fdch reprezentant\u016f Paul Schehl a Fabian Eder. Jan Zatloukal obsadil druh\u00e9 [&hellip;]<\/p>\n","protected":false},"author":1,"featured_media":0,"comment_status":"closed","ping_status":"open","sticky":false,"template":"","format":"standard","meta":[],"categories":[1],"tags":[],"_links":{"self":[{"href":"https:\/\/www.skcpraha.cz\/index.php?rest_route=\/wp\/v2\/posts\/5977"}],"collection":[{"href":"https:\/\/www.skcpraha.cz\/index.php?rest_route=\/wp\/v2\/posts"}],"about":[{"href":"https:\/\/www.skcpraha.cz\/index.php?rest_route=\/wp\/v2\/types\/post"}],"author":[{"embeddable":true,"href":"https:\/\/www.skcpraha.cz\/index.php?rest_route=\/wp\/v2\/users\/1"}],"replies":[{"embeddable":true,"href":"https:\/\/www.skcpraha.cz\/index.php?rest_route=%2Fwp%2Fv2%2Fcomments&post=5977"}],"version-history":[{"count":1,"href":"https:\/\/www.skcpraha.cz\/index.php?rest_route=\/wp\/v2\/posts\/5977\/revisions"}],"predecessor-version":[{"id":5980,"href":"https:\/\/www.skcpraha.cz\/index.php?rest_route=\/wp\/v2\/posts\/5977\/revisions\/5980"}],"wp:attachment":[{"href":"https:\/\/www.skcpraha.cz\/index.php?rest_route=%2Fwp%2Fv2%2Fmedia&parent=5977"}],"wp:term":[{"taxonomy":"category","embeddable":true,"href":"https:\/\/www.skcpraha.cz\/index.php?rest_route=%2Fwp%2Fv2%2Fcategories&post=5977"},{"taxonomy":"post_tag","embeddable":true,"href":"https:\/\/www.skcpraha.cz\/index.php?rest_route=%2Fwp%2Fv2%2Ftags&post=5977"}],"curies":[{"name":"wp","href":"https:\/\/api.w.org\/{rel}","templated":true}]}}