{"id":5815,"date":"2020-06-04T10:24:28","date_gmt":"2020-06-04T10:24:28","guid":{"rendered":"http:\/\/www.skcpraha.cz\/?p=5815"},"modified":"2020-06-04T10:24:28","modified_gmt":"2020-06-04T10:24:28","slug":"v-nedeli-startuje-skoda-tomket-prazsky-mtb-pohar","status":"publish","type":"post","link":"https:\/\/www.skcpraha.cz\/?p=5815","title":{"rendered":"V ned\u011bli startuje \u0160KODA TOMKET Pra\u017esk\u00fd MTB poh\u00e1r!"},"content":{"rendered":"<p>V&nbsp;ned\u011bli 7. \u010dervna 2020 odstartuje do sv\u00e9 osm\u00e9 sez\u00f3ny \u0160KODA TOMKET Pra\u017esk\u00fd MTB poh\u00e1r z\u00e1vodem v&nbsp;Beckov\u011b.<\/p>\n<p>Z\u00e1vod bude prov\u00e1zet cel\u00e1 \u0159ada opat\u0159en\u00ed souvisej\u00edc\u00edch s&nbsp;pandemi\u00ed koronaviru. Po\u0159adatel\u00e9 \u017e\u00e1daj\u00ed z\u00e1vodn\u00edky i jejich doprovody, aby sledovali ofici\u00e1ln\u00ed str\u00e1nky z\u00e1vodu na&nbsp;<a href=\"http:\/\/www.prahamtb.cz\">www.prahamtb.cz<\/a>&nbsp;&nbsp;a pe\u010dliv\u011b se sezn\u00e1mili se v\u0161emi \u00fapravami z\u00e1vodu v&nbsp;Beckov\u011b&nbsp;<a href=\"http:\/\/prahamtb.cz\/?page_id=12\">http:\/\/prahamtb.cz\/?page_id=12<\/a>.<\/p>\n<p>Z\u00e1sadn\u00ed zm\u011bny se t\u00fdkaj\u00ed p\u0159edev\u0161\u00edm t\u011bchto bod\u016f:<br \/>\n&#8211; p\u0159ihl\u00e1\u0161en\u00ed na m\u00edst\u011b nen\u00ed mo\u017en\u00e9, p\u0159ihl\u00e1sit se k&nbsp;z\u00e1vodu m\u016f\u017eete pouze prost\u0159ednictv\u00edm online registrace&nbsp;<a href=\"http:\/\/prahamtb.cz\/?page_id=18\">ZDE<\/a><br \/>\n&#8211; neofici\u00e1ln\u00ed tr\u00e9nink na trati bude p\u0159ipraven\u00fd na&nbsp;sobotu<br \/>\n&#8211; v&nbsp;Beckov\u011b bude pozm\u011bn\u011bn\u00fd \u010dasov\u00fd program oproti zaveden\u00e9mu programu \u0160KODA TOMKET Pra\u017esk\u00e9ho MTB poh\u00e1ru a naleznete jej&nbsp;<a href=\"http:\/\/prahamtb.cz\/?page_id=12\">ZDE<\/a><br \/>\n&#8211; parkov\u00e1n\u00ed vozidel bude na p\u0159\u00edjezdov\u00e9 komunikaci, mimo are\u00e1l z\u00e1vod\u016f<br \/>\n&#8211; start po\u010d\u00ednaje kategori\u00ed \u017e\u00e1k\u016f a star\u0161\u00edch kategori\u00ed se uskute\u010dn\u00ed mimo are\u00e1l, na silnici pod kopcem a z\u00e1vodn\u00edci po startu absolvuj\u00ed \u00favodn\u00ed zav\u00e1d\u011bc\u00ed asfaltov\u00e9 stoup\u00e1n\u00ed<\/p>\n<p>Vzhledem k&nbsp;tomu, \u017ee registra\u010dn\u00ed syst\u00e9m u\u017e nyn\u00ed eviduje t\u00e9m\u011b\u0159 500 p\u0159ihl\u00e1\u0161en\u00fdch z\u00e1vodn\u00edk\u016f z&nbsp;cel\u00e9 republiky, \u017e\u00e1daj\u00ed po\u0159adatel\u00e9 v\u0161echny jezdce a t\u00fdmy, aby p\u0159ijeli na z\u00e1vod a\u017e v&nbsp;\u010dase nezbytn\u011b nutn\u00e9m pro p\u0159\u00edpravu k&nbsp;z\u00e1vodu a ihned po ukon\u010den\u00ed z\u00e1vodu opustili are\u00e1l.<\/p>\n<p>TEAM area v klasick\u00e9m pod\u00e1n\u00ed nebude k&nbsp;dispozici. Teamov\u00e9 stany bude mo\u017en\u00e9 postavit pouze na povolenky &#8222;velk\u00fdm&#8220; t\u00fdm\u016fm jako technick\u00e9 z\u00e1zem\u00ed. O povolen\u00ed je pot\u0159eba p\u0159edem p\u00edsemn\u011b po\u017e\u00e1dat \u0159editele z\u00e1vodu Pavla Mi\u0161on\u011b,&nbsp;<a href=\"mailto:misak4@seznam.cz\">misak4@seznam.cz<\/a>&nbsp;s uveden\u00edm SPZ vozidla, jm\u00e9nem a kontaktem na odpov\u011bdnou osobu.<\/p>\n<p>Po\u0159adatel\u00e9 tak\u00e9 posiluj\u00ed informa\u010dn\u00ed syst\u00e9m v&nbsp;are\u00e1lu. Krom\u011b tradi\u010dn\u00ed informa\u010dn\u00ed tabule a n\u00e1st\u011bnky u stanu kancel\u00e1\u0159e z\u00e1vodu bude v&nbsp;prostoru startu a c\u00edle p\u0159\u00edtomen \u201etechnick\u00fd \u0159editel z\u00e1vodu\u201c p\u0159ipraven\u00fd odpov\u00eddat na v\u0161emo\u017en\u00e9 dotazy z\u00e1vodn\u00edk\u016f i doprovod\u016f.<\/p>\n<p>\u0160KODA TOMKET Pra\u017esk\u00fd MTB poh\u00e1r 2020 bude prov\u00e1zet i n\u011bkolik novinek platn\u00fdch pro v\u0161echny z\u00e1vody.<br \/>\nTou prvn\u00ed je start kategorie junior\u016f spole\u010dn\u011b s&nbsp;kategori\u00ed MU\u017dI. Naopak start kategorie kadet\u016f bude spole\u010dn\u00fd s&nbsp;kategoriemi Masters.<br \/>\nDal\u0161\u00ed zm\u011bnou je v\u011bkov\u00e1 \u00faprava kategori\u00ed Masters podle nov\u00fdch pravidel UCI, kdy v&nbsp;t\u00e9to kategorii mohou startovat jezdci a\u017e od 35 let. Po\u010d\u00ednaje z\u00e1vodem v&nbsp;Beckov\u011b, budeme moci fandit i kategorii SuperMasters pro nejzku\u0161en\u011bj\u0161\u00ed jezdce ve v\u011bku nad 65 let.<\/p>\n<p>Beckov pat\u0159\u00ed mezi tradi\u010dn\u00ed podniky \u0160KODA TOMKET Pra\u017esk\u00e9ho MTB poh\u00e1ru. Na kombinaci p\u0159\u00edrodn\u00ed a um\u011bl\u00e9 trat\u011b u\u017e z\u00e1vodili t\u00e9m\u011b\u0159 v\u0161ichni jezdci \u010desk\u00e9 bikov\u00e9 \u0161pi\u010dky v\u010detn\u011b olympionik\u016f. Tak\u00e9 na ned\u011bln\u00ed start se p\u0159ipravuje \u0159ada reprezentant\u016f, pro kter\u00e9 bude z\u00e1vod v&nbsp;Beckov\u011b dal\u0161\u00edm testem v\u00fdkonnosti po nucen\u00e9 koronavirov\u00e9 pauze.<br \/>\n<em>\u201eTra\u0165 v&nbsp;Beckov\u011b je ve v\u00fdborn\u00e9 kondici d\u00edky pravideln\u00fdm tr\u00e9nink\u016fm\u201c<\/em>&nbsp;p\u0159ibli\u017euje \u0159editel z\u00e1vodu Pavel Mi\u0161o\u0148 z&nbsp;t\u00fdmu ADASTRA Cycling Team a dod\u00e1v\u00e1&nbsp;<em>\u201enov\u011b jsme upravili Rock Garden, kterou n\u00e1m n\u011bjak\u00fd zahr\u00e1dk\u00e1\u0159 poctiv\u011b rozebral a odvezl, polo\u017eili nov\u00e9 kl\u00e1dy v&nbsp;technick\u00fdch sekc\u00edch a tak\u00e9 postavili superklop\u00e9nku, kterou v\u00edd\u00e1me na sv\u011btov\u00fdch trat\u00edch\u201c. &nbsp;<\/em><\/p>\n<p>Foto: Barbora Klap<\/p>\n<p><a href=\"http:\/\/prahamtb.cz\/wp-content\/uploads\/2020\/06\/IMG_4971.jpg\" rel=\"lightbox\"><img decoding=\"async\" loading=\"lazy\" class=\"alignnone size-medium wp-image-5604\" src=\"http:\/\/prahamtb.cz\/wp-content\/uploads\/2020\/06\/IMG_4971-600x400.jpg\" alt=\"IMG_4971\" width=\"600\" height=\"400\"><\/a><\/p>\n","protected":false},"excerpt":{"rendered":"<a href=\"https:\/\/www.skcpraha.cz\/?p=5815\"><img width=\"150\" src=\"\" class=\"alignleft wp-post-image tfe\" alt=\"\" title=\"\" \/><\/a><p>V&nbsp;ned\u011bli 7. \u010dervna 2020 odstartuje do sv\u00e9 osm\u00e9 sez\u00f3ny \u0160KODA TOMKET Pra\u017esk\u00fd MTB poh\u00e1r z\u00e1vodem v&nbsp;Beckov\u011b. Z\u00e1vod bude prov\u00e1zet cel\u00e1 \u0159ada opat\u0159en\u00ed souvisej\u00edc\u00edch s&nbsp;pandemi\u00ed koronaviru. Po\u0159adatel\u00e9 \u017e\u00e1daj\u00ed z\u00e1vodn\u00edky i jejich doprovody, aby sledovali ofici\u00e1ln\u00ed str\u00e1nky z\u00e1vodu na&nbsp;www.prahamtb.cz&nbsp;&nbsp;a pe\u010dliv\u011b se sezn\u00e1mili se v\u0161emi \u00fapravami z\u00e1vodu v&nbsp;Beckov\u011b&nbsp;http:\/\/prahamtb.cz\/?page_id=12. Z\u00e1sadn\u00ed zm\u011bny se t\u00fdkaj\u00ed p\u0159edev\u0161\u00edm t\u011bchto bod\u016f: &#8211; p\u0159ihl\u00e1\u0161en\u00ed na [&hellip;]<\/p>\n","protected":false},"author":1,"featured_media":0,"comment_status":"closed","ping_status":"open","sticky":false,"template":"","format":"standard","meta":[],"categories":[1],"tags":[],"_links":{"self":[{"href":"https:\/\/www.skcpraha.cz\/index.php?rest_route=\/wp\/v2\/posts\/5815"}],"collection":[{"href":"https:\/\/www.skcpraha.cz\/index.php?rest_route=\/wp\/v2\/posts"}],"about":[{"href":"https:\/\/www.skcpraha.cz\/index.php?rest_route=\/wp\/v2\/types\/post"}],"author":[{"embeddable":true,"href":"https:\/\/www.skcpraha.cz\/index.php?rest_route=\/wp\/v2\/users\/1"}],"replies":[{"embeddable":true,"href":"https:\/\/www.skcpraha.cz\/index.php?rest_route=%2Fwp%2Fv2%2Fcomments&post=5815"}],"version-history":[{"count":1,"href":"https:\/\/www.skcpraha.cz\/index.php?rest_route=\/wp\/v2\/posts\/5815\/revisions"}],"predecessor-version":[{"id":5816,"href":"https:\/\/www.skcpraha.cz\/index.php?rest_route=\/wp\/v2\/posts\/5815\/revisions\/5816"}],"wp:attachment":[{"href":"https:\/\/www.skcpraha.cz\/index.php?rest_route=%2Fwp%2Fv2%2Fmedia&parent=5815"}],"wp:term":[{"taxonomy":"category","embeddable":true,"href":"https:\/\/www.skcpraha.cz\/index.php?rest_route=%2Fwp%2Fv2%2Fcategories&post=5815"},{"taxonomy":"post_tag","embeddable":true,"href":"https:\/\/www.skcpraha.cz\/index.php?rest_route=%2Fwp%2Fv2%2Ftags&post=5815"}],"curies":[{"name":"wp","href":"https:\/\/api.w.org\/{rel}","templated":true}]}}