{"id":5811,"date":"2020-05-27T19:44:52","date_gmt":"2020-05-27T19:44:52","guid":{"rendered":"http:\/\/www.skcpraha.cz\/?p=5811"},"modified":"2020-05-27T19:44:52","modified_gmt":"2020-05-27T19:44:52","slug":"registrace-skoda-tomket-prazskeho-mtb-poharu-bude-spustena-ve-ctvrtek-28-5-v-1100-hodin","status":"publish","type":"post","link":"https:\/\/www.skcpraha.cz\/?p=5811","title":{"rendered":"Registrace \u0160KODA TOMKET Pra\u017esk\u00e9ho MTB poh\u00e1ru bude spu\u0161t\u011bna ve \u010dtvrtek 28.5. v 11:00 hodin!"},"content":{"rendered":"<p>Online registrace \u0160KODA TOMKET Pra\u017esk\u00e9ho MTB poh\u00e1ru bude spu\u0161t\u011bna ve \u010dtvrtek 28. kv\u011btna 2020 v&nbsp;11:00 hodin.<\/p>\n<p>Po\u0159adatel\u00e9 \u017e\u00e1daj\u00ed v\u0161echny z\u00e1jemce o start v&nbsp;\u010dervnov\u00fdch term\u00ednech poh\u00e1ru, aby prioritn\u011b volili online formu registrace s&nbsp;ohledem na bezpe\u010dnostn\u00ed opat\u0159en\u00ed, kter\u00e1 v&nbsp;\u010cesk\u00e9 republice panuj\u00ed v&nbsp;souvislosti s&nbsp;pandemi\u00ed koronaviru.<\/p>\n<p>P\u0159ihl\u00e1\u0161en\u00ed na m\u00edst\u011b bude mo\u017en\u00e9 pouze ve v\u00fdjime\u010dn\u00fdch p\u0159\u00edpadech za zv\u00fd\u0161en\u00e9 startovn\u00e9.<br \/>\n<strong>&nbsp;<\/strong><br \/>\n<strong>Term\u00ednov\u00e1 listina&nbsp;<\/strong><strong>\u0160KODA TOMKET Pra\u017esk\u00e9ho MTB poh\u00e1ru 2020:<\/strong><br \/>\n<strong>1. ned\u011ble &nbsp;&nbsp; 7. \u010dervna&nbsp;&nbsp;&nbsp;&nbsp;&nbsp; &nbsp;&nbsp;&nbsp;Beckov&nbsp;<\/strong><br \/>\n<strong>2. ned\u011ble&nbsp;&nbsp;&nbsp; 21. \u010dervna &nbsp;&nbsp;&nbsp; &nbsp;&nbsp; Kbely \u2013 P\u0159ebor Prahy<\/strong><br \/>\n<strong>3. sobota&nbsp; &nbsp;&nbsp;27. \u010dervna &nbsp;&nbsp;&nbsp;&nbsp;&nbsp;&nbsp; Zli\u010d\u00edn&nbsp;<\/strong><br \/>\n<strong>4. ned\u011ble&nbsp; &nbsp;&nbsp;28. \u010dervna&nbsp;&nbsp;&nbsp;&nbsp;&nbsp;&nbsp;&nbsp;&nbsp;Zli\u010d\u00edn&nbsp;<\/strong><br \/>\n<strong>5. sobota &nbsp;&nbsp; 26. z\u00e1\u0159\u00ed&nbsp;&nbsp;&nbsp;&nbsp;&nbsp;&nbsp;&nbsp;&nbsp;&nbsp;&nbsp;K\u0159eslice<\/strong><br \/>\n<strong>6. ned\u011ble&nbsp;&nbsp;&nbsp; 27. z\u00e1\u0159\u00ed&nbsp;&nbsp;&nbsp;&nbsp;&nbsp;&nbsp;&nbsp;&nbsp;&nbsp;&nbsp;Libu\u0161<\/strong><br \/>\n<strong>7. p\u00e1tek&nbsp;&nbsp;&nbsp;&nbsp; &nbsp;13. listopadu&nbsp;&nbsp; Lidov\u00fd d\u016fm Kbely \u2013 Slavnostn\u00ed ve\u010der a vyhl\u00e1\u0161en\u00ed TOMKET Pra\u017esk\u00e9ho MTB poh\u00e1ru 2020&nbsp;&nbsp;&nbsp;&nbsp;&nbsp;&nbsp;&nbsp; &nbsp;<\/strong><\/p>\n<p>Podrobn\u00e9 informace o p\u0159ipravovan\u00e9m z\u00e1vod\u011b v&nbsp;Beckov\u011b a bezpe\u010dnostn\u00edch opat\u0159en\u00edch, kter\u00e1 tento z\u00e1vod budou prov\u00e1zet p\u0159ineseme v&nbsp;samostatn\u00e9 zpr\u00e1v\u011b.<br \/>\nU\u017e nyn\u00ed m\u016f\u017eeme prozradit, \u017ee po\u0159adatelsk\u00fd t\u00fdm ADASTRA Cycling Team v&nbsp;\u010dele s&nbsp;\u0159editelem z\u00e1vodu Pavlem Mi\u0161on\u011bm p\u0159ipravil \u0159adu novinek.<\/p>\n<p>Po\u010d\u00ednaje \u017e\u00e1kovsk\u00fdmi kategoriemi bude na z\u00e1vodn\u00edky \u010dekat po del\u0161\u00ed dob\u011b op\u011bt \u00favodn\u00ed, \u201elakt\u00e1tov\u00fd\u201c, startovn\u00ed kopec nebo nov\u011b postaven\u00e1 \u201eSuperklop\u00e9nka\u201c.<\/p>\n<p>Registrace \u0160KODA TOMKET Pra\u017esk\u00fd MTB poh\u00e1r 2020:&nbsp;<a href=\"http:\/\/prahamtb.cz\/?page_id=18\">ZDE<\/a><\/p>\n<p>Foto : Barbora Klap<br \/>\n<a href=\"http:\/\/prahamtb.cz\/wp-content\/uploads\/2020\/05\/IMG_5309.jpg\" rel=\"lightbox\"><img decoding=\"async\" loading=\"lazy\" class=\"alignnone size-medium wp-image-5591\" src=\"http:\/\/prahamtb.cz\/wp-content\/uploads\/2020\/05\/IMG_5309-600x400.jpg\" alt=\"IMG_5309\" width=\"600\" height=\"400\"><\/a><\/p>\n<p>&nbsp;<\/p>\n<p><strong>&nbsp;<\/strong><\/p>\n","protected":false},"excerpt":{"rendered":"<a href=\"https:\/\/www.skcpraha.cz\/?p=5811\"><img width=\"150\" src=\"\" class=\"alignleft wp-post-image tfe\" alt=\"\" title=\"\" \/><\/a><p>Online registrace \u0160KODA TOMKET Pra\u017esk\u00e9ho MTB poh\u00e1ru bude spu\u0161t\u011bna ve \u010dtvrtek 28. kv\u011btna 2020 v&nbsp;11:00 hodin. Po\u0159adatel\u00e9 \u017e\u00e1daj\u00ed v\u0161echny z\u00e1jemce o start v&nbsp;\u010dervnov\u00fdch term\u00ednech poh\u00e1ru, aby prioritn\u011b volili online formu registrace s&nbsp;ohledem na bezpe\u010dnostn\u00ed opat\u0159en\u00ed, kter\u00e1 v&nbsp;\u010cesk\u00e9 republice panuj\u00ed v&nbsp;souvislosti s&nbsp;pandemi\u00ed koronaviru. P\u0159ihl\u00e1\u0161en\u00ed na m\u00edst\u011b bude mo\u017en\u00e9 pouze ve v\u00fdjime\u010dn\u00fdch p\u0159\u00edpadech za zv\u00fd\u0161en\u00e9 startovn\u00e9. &nbsp; [&hellip;]<\/p>\n","protected":false},"author":1,"featured_media":0,"comment_status":"closed","ping_status":"open","sticky":false,"template":"","format":"standard","meta":[],"categories":[1],"tags":[],"_links":{"self":[{"href":"https:\/\/www.skcpraha.cz\/index.php?rest_route=\/wp\/v2\/posts\/5811"}],"collection":[{"href":"https:\/\/www.skcpraha.cz\/index.php?rest_route=\/wp\/v2\/posts"}],"about":[{"href":"https:\/\/www.skcpraha.cz\/index.php?rest_route=\/wp\/v2\/types\/post"}],"author":[{"embeddable":true,"href":"https:\/\/www.skcpraha.cz\/index.php?rest_route=\/wp\/v2\/users\/1"}],"replies":[{"embeddable":true,"href":"https:\/\/www.skcpraha.cz\/index.php?rest_route=%2Fwp%2Fv2%2Fcomments&post=5811"}],"version-history":[{"count":1,"href":"https:\/\/www.skcpraha.cz\/index.php?rest_route=\/wp\/v2\/posts\/5811\/revisions"}],"predecessor-version":[{"id":5812,"href":"https:\/\/www.skcpraha.cz\/index.php?rest_route=\/wp\/v2\/posts\/5811\/revisions\/5812"}],"wp:attachment":[{"href":"https:\/\/www.skcpraha.cz\/index.php?rest_route=%2Fwp%2Fv2%2Fmedia&parent=5811"}],"wp:term":[{"taxonomy":"category","embeddable":true,"href":"https:\/\/www.skcpraha.cz\/index.php?rest_route=%2Fwp%2Fv2%2Fcategories&post=5811"},{"taxonomy":"post_tag","embeddable":true,"href":"https:\/\/www.skcpraha.cz\/index.php?rest_route=%2Fwp%2Fv2%2Ftags&post=5811"}],"curies":[{"name":"wp","href":"https:\/\/api.w.org\/{rel}","templated":true}]}}