{"id":5752,"date":"2020-05-03T11:34:42","date_gmt":"2020-05-03T11:34:42","guid":{"rendered":"http:\/\/www.skcpraha.cz\/?p=5752"},"modified":"2020-05-03T11:34:42","modified_gmt":"2020-05-03T11:34:42","slug":"anti-corona-cup-odstartoval-ondrej-cink","status":"publish","type":"post","link":"https:\/\/www.skcpraha.cz\/?p=5752","title":{"rendered":"aNti CORONA CUP odstartoval Ond\u0159ej Cink!"},"content":{"rendered":"<p>\u010cesk\u00e1 bikov\u00e1 jedni\u010dka Ond\u0159ej Cink (Kross Racing Team) odstartoval aNti CORONA CUP 2020. Presti\u017en\u00ed formu z\u00e1vod\u016f v individu\u00e1ln\u00edch j\u00edzd\u00e1ch na \u010das na vyzna\u010den\u00fdch okruz\u00edch olympijsk\u00e9ho cross country budou moci absolvovat v\u0161ichni vyznava\u010di horsk\u00fdch kol, kte\u0159\u00ed se \u0159\u00e1dn\u011b registruj\u00ed a zaznamenaj\u00ed svou j\u00edzdu prost\u0159ednictv\u00edm odpov\u00eddaj\u00edc\u00edho m\u011b\u0159i\u010de na aplikaci STRAVA.<br \/>\nSyst\u00e9m n\u00e1sledn\u011b jezdce roz\u0159ad\u00ed podle v\u011bkov\u00fdch a v\u00fdkonnostn\u00edch kategori\u00ed jako tomu je v&nbsp;\u010cesk\u00e9m poh\u00e1ru horsk\u00fdch kol XCO a povede pr\u016fb\u011b\u017en\u00e9 po\u0159ad\u00ed sout\u011b\u017ee, kter\u00e1 se uskute\u010dn\u00ed v&nbsp;term\u00ednu 1. \u2013 31. kv\u011btna 2020. Pro zku\u0161en\u00e9 jezdce nad 50 let po\u0159adatel\u00e9 p\u0159ipravili kategorii SuperMasters.<br \/>\n&nbsp;<br \/>\nPro z\u00e1vod byly nap\u0159\u00ed\u010d republikou vybr\u00e1ny nejobl\u00edben\u011bj\u0161\u00ed bikov\u00e9 trat\u011b, kter\u00e9 jsou celoro\u010dn\u011b udr\u017eovan\u00e9. Okruh Sv\u011btov\u00e9ho poh\u00e1ru a Mistrovstv\u00ed sv\u011bta v <strong>Nov\u00e9m M\u011bst\u011b na Morav\u011b<\/strong>, tra\u0165 Mistrovstv\u00ed Evropy v <strong>Brn\u011b<\/strong>, okruh Mistrovstv\u00ed republiky v <strong>Hlinsku, <\/strong>technick\u00e1 tra\u0165 \u010cesk\u00e9ho poh\u00e1ru v <strong>M\u011bst\u011b Tou\u0161kov\u011b<\/strong>&nbsp;a nen\u00e1ro\u010dn\u00fd pra\u017esk\u00fd okruh v Bike Parku <strong>Zli\u010d\u00edn<\/strong>&nbsp;na kter\u00e9m se po\u0159\u00e1daj\u00ed z\u00e1vody Pra\u017esk\u00e9ho MTB poh\u00e1ru. &nbsp;<br \/>\n&nbsp;<br \/>\naNti CORONA CUP 2020 byl symbolicky odstartov\u00e1n na okruhu Mistrovstv\u00ed sv\u011bta a Sv\u011btov\u00e9ho poh\u00e1ru v&nbsp;Nov\u00e9m M\u011bst\u011b na Morav\u011b, kter\u00fd je obl\u00edben\u00fdm z\u00e1vodem Ond\u0159eje Cinka. Na okruhu, kter\u00fd byl celkem osmkr\u00e1t vyhodnocen jako nejlep\u0161\u00ed z\u00e1vod Sv\u011btov\u00e9ho poh\u00e1ru horsk\u00fdch kol se Ond\u0159ejovi za doprovodu televizn\u00edch kamer poda\u0159ilo nastavit \u00favodn\u00ed \u010das t\u011bsn\u011b nad hranici 10 minut.<br \/>\n&nbsp;<br \/>\nP\u0159ihl\u00e1\u0161ky aNti CORONA CUP 2020: &nbsp;<a href=\"https:\/\/registrace.sportsoft.cz\/registration.aspx?e=1648\"><span class=\"s2\">registrace.sportsoft.cz<\/span><\/a><br \/>\nPropozice aNti CORONA CUP 2020: &nbsp;<a href=\"https:\/\/www.poharmtb.cz\/anti-corona-cup\"><span class=\"s2\">www.poharmtb.cz\/anti-corona-cup<\/span><\/a><br \/>\nInformace: <a href=\"http:\/\/www.poharmtb.cz\">www.poharmtb.cz<\/a><br \/>\nPr\u016fb\u011b\u017en\u00e9 po\u0159ad\u00ed: <a href=\"https:\/\/www.sportsoft.cz\/\">https:\/\/www.sportsoft.cz\/<\/a><\/p>\n<p><img decoding=\"async\" loading=\"lazy\" class=\"alignnone size-full wp-image-5753\" src=\"https:\/\/www.skcpraha.cz\/wp-content\/uploads\/2020\/05\/cink.jpg\" alt=\"\" width=\"1200\" height=\"800\" srcset=\"https:\/\/www.skcpraha.cz\/wp-content\/uploads\/2020\/05\/cink.jpg 1200w, https:\/\/www.skcpraha.cz\/wp-content\/uploads\/2020\/05\/cink-600x400.jpg 600w, https:\/\/www.skcpraha.cz\/wp-content\/uploads\/2020\/05\/cink-768x512.jpg 768w, https:\/\/www.skcpraha.cz\/wp-content\/uploads\/2020\/05\/cink-1024x683.jpg 1024w, https:\/\/www.skcpraha.cz\/wp-content\/uploads\/2020\/05\/cink-624x416.jpg 624w\" sizes=\"(max-width: 1200px) 100vw, 1200px\" \/><br \/>\n&nbsp;<\/p>\n","protected":false},"excerpt":{"rendered":"<a href=\"https:\/\/www.skcpraha.cz\/?p=5752\"><img width=\"150\" src=\"\" class=\"alignleft wp-post-image tfe\" alt=\"\" title=\"\" \/><\/a><p>\u010cesk\u00e1 bikov\u00e1 jedni\u010dka Ond\u0159ej Cink (Kross Racing Team) odstartoval aNti CORONA CUP 2020. Presti\u017en\u00ed formu z\u00e1vod\u016f v individu\u00e1ln\u00edch j\u00edzd\u00e1ch na \u010das na vyzna\u010den\u00fdch okruz\u00edch olympijsk\u00e9ho cross country budou moci absolvovat v\u0161ichni vyznava\u010di horsk\u00fdch kol, kte\u0159\u00ed se \u0159\u00e1dn\u011b registruj\u00ed a zaznamenaj\u00ed svou j\u00edzdu prost\u0159ednictv\u00edm odpov\u00eddaj\u00edc\u00edho m\u011b\u0159i\u010de na aplikaci STRAVA. Syst\u00e9m n\u00e1sledn\u011b jezdce roz\u0159ad\u00ed podle v\u011bkov\u00fdch a [&hellip;]<\/p>\n","protected":false},"author":1,"featured_media":0,"comment_status":"closed","ping_status":"open","sticky":false,"template":"","format":"standard","meta":[],"categories":[1],"tags":[],"_links":{"self":[{"href":"https:\/\/www.skcpraha.cz\/index.php?rest_route=\/wp\/v2\/posts\/5752"}],"collection":[{"href":"https:\/\/www.skcpraha.cz\/index.php?rest_route=\/wp\/v2\/posts"}],"about":[{"href":"https:\/\/www.skcpraha.cz\/index.php?rest_route=\/wp\/v2\/types\/post"}],"author":[{"embeddable":true,"href":"https:\/\/www.skcpraha.cz\/index.php?rest_route=\/wp\/v2\/users\/1"}],"replies":[{"embeddable":true,"href":"https:\/\/www.skcpraha.cz\/index.php?rest_route=%2Fwp%2Fv2%2Fcomments&post=5752"}],"version-history":[{"count":1,"href":"https:\/\/www.skcpraha.cz\/index.php?rest_route=\/wp\/v2\/posts\/5752\/revisions"}],"predecessor-version":[{"id":5754,"href":"https:\/\/www.skcpraha.cz\/index.php?rest_route=\/wp\/v2\/posts\/5752\/revisions\/5754"}],"wp:attachment":[{"href":"https:\/\/www.skcpraha.cz\/index.php?rest_route=%2Fwp%2Fv2%2Fmedia&parent=5752"}],"wp:term":[{"taxonomy":"category","embeddable":true,"href":"https:\/\/www.skcpraha.cz\/index.php?rest_route=%2Fwp%2Fv2%2Fcategories&post=5752"},{"taxonomy":"post_tag","embeddable":true,"href":"https:\/\/www.skcpraha.cz\/index.php?rest_route=%2Fwp%2Fv2%2Ftags&post=5752"}],"curies":[{"name":"wp","href":"https:\/\/api.w.org\/{rel}","templated":true}]}}