{"id":5393,"date":"2019-09-05T21:23:14","date_gmt":"2019-09-05T21:23:14","guid":{"rendered":"http:\/\/www.skcpraha.cz\/?p=5393"},"modified":"2019-09-05T21:23:14","modified_gmt":"2019-09-05T21:23:14","slug":"zlicin-je-pripraven-na-velke-finale-tomket-prazskeho-mtb-poharu","status":"publish","type":"post","link":"https:\/\/www.skcpraha.cz\/?p=5393","title":{"rendered":"Zli\u010d\u00edn je p\u0159ipraven na velk\u00e9 fin\u00e1le TOMKET Pra\u017esk\u00e9ho MTB poh\u00e1ru!"},"content":{"rendered":"<p>Fin\u00e1lov\u00fd z\u00e1vod TOMKET Pra\u017esk\u00e9ho MTB poh\u00e1ru 2019 se uskute\u010dn\u00ed v&nbsp;ned\u011bli 8. z\u00e1\u0159\u00ed na Zli\u010d\u00edn\u011b.<br \/>\nM\u00edstn\u00ed Bike Park, kter\u00fd vybudoval Martin Jarou\u0161 se sv\u00fdm t\u00fdmem Calabrone je celoro\u010dn\u011b vyhled\u00e1van\u00fd pra\u017eskou bikovou komunitou.<\/p>\n<p>A jak je Zli\u010d\u00edn p\u0159ipraven na fin\u00e1lov\u00fd z\u00e1vod, kter\u00fd se uskute\u010dn\u00ed v&nbsp;netradi\u010dn\u00ed form\u011b, hned n\u00e1sleduj\u00edc\u00ed den po z\u00e1vodu v&nbsp;Libu\u0161i?<\/p>\n<p><strong><em>\u201eOkruh a tra\u0165 je z&nbsp;99% shodn\u00e1 s&nbsp;p\u0159ebudovan\u00fdm okruhem, kter\u00fd jsme p\u0159edstavili na ja\u0159e a jel se na n\u011bm jarn\u00ed z\u00e1vod Pra\u017esk\u00e9ho MTB poh\u00e1ru. Celoro\u010dn\u00edm tr\u00e9ninkem se nov\u00e9 pas\u00e1\u017ee pat\u0159i\u010dn\u011b vyjezdily, zpevnily, cel\u00fd okruh je plynul\u00fd, bezpe\u010dn\u00fd a pokud ho m\u00e1te dob\u0159e najet\u00fd d\u00e1 se proj\u00ed\u017ed\u011bt skute\u010dn\u011b velkou rychlost\u00ed. Pojedeme v netradi\u010dn\u00ed form\u011b z\u00e1vodu, kdy navazujeme bezprost\u0159edn\u011b na Libu\u0161, \u010dek\u00e1 n\u00e1s tedy no\u010dn\u00ed stavba z\u00e1zem\u00ed, &nbsp;je to pro n\u00e1s po\u0159adatelsk\u00e1 novinka a t\u011b\u0161\u00edme se na to s&nbsp;cel\u00fdm t\u00fdmem. Okruh je p\u0159ipraven\u00fd k&nbsp;tr\u00e9ninku u\u017e nyn\u00ed, ofici\u00e1ln\u00ed tr\u00e9nink na kompletn\u011b vyzna\u010den\u00e9 trati bude v&nbsp;sobotu v&nbsp;pr\u016fb\u011bhu cel\u00e9ho dne.\u201c<\/em><\/strong>&nbsp;\u0159\u00edk\u00e1 Martin Jarou\u0161, \u0161\u00e9f zli\u010d\u00ednsk\u00e9ho t\u00fdmu Calabrone.<\/p>\n<p>Z\u00e1jemci o t\u00fdmov\u00fd prostor \u010di parkov\u00e1n\u00ed obytn\u00fdch voz\u016f v\u010detn\u011b mo\u017enosti parkov\u00e1n\u00ed ze soboty na ned\u011bli pros\u00edm pos\u00edlejte sv\u00e9 objedn\u00e1vky na:&nbsp;<a href=\"mailto:info@calabrone.cz\">info@calabrone.cz<\/a><\/p>\n<p><a href=\"http:\/\/prahamtb.cz\/wp-content\/uploads\/2018\/03\/Barbora-Klap.jpg\" rel=\"lightbox\"><img decoding=\"async\" loading=\"lazy\" class=\"alignnone size-medium wp-image-4834\" src=\"http:\/\/prahamtb.cz\/wp-content\/uploads\/2018\/03\/Barbora-Klap-600x393.jpg\" alt=\"Barbora Klap\" width=\"600\" height=\"393\"><\/a><\/p>\n","protected":false},"excerpt":{"rendered":"<a href=\"https:\/\/www.skcpraha.cz\/?p=5393\"><img width=\"150\" src=\"\" class=\"alignleft wp-post-image tfe\" alt=\"\" title=\"\" \/><\/a><p>Fin\u00e1lov\u00fd z\u00e1vod TOMKET Pra\u017esk\u00e9ho MTB poh\u00e1ru 2019 se uskute\u010dn\u00ed v&nbsp;ned\u011bli 8. z\u00e1\u0159\u00ed na Zli\u010d\u00edn\u011b. M\u00edstn\u00ed Bike Park, kter\u00fd vybudoval Martin Jarou\u0161 se sv\u00fdm t\u00fdmem Calabrone je celoro\u010dn\u011b vyhled\u00e1van\u00fd pra\u017eskou bikovou komunitou. A jak je Zli\u010d\u00edn p\u0159ipraven na fin\u00e1lov\u00fd z\u00e1vod, kter\u00fd se uskute\u010dn\u00ed v&nbsp;netradi\u010dn\u00ed form\u011b, hned n\u00e1sleduj\u00edc\u00ed den po z\u00e1vodu v&nbsp;Libu\u0161i? \u201eOkruh a tra\u0165 je z&nbsp;99% [&hellip;]<\/p>\n","protected":false},"author":1,"featured_media":0,"comment_status":"closed","ping_status":"open","sticky":false,"template":"","format":"standard","meta":[],"categories":[1],"tags":[],"_links":{"self":[{"href":"https:\/\/www.skcpraha.cz\/index.php?rest_route=\/wp\/v2\/posts\/5393"}],"collection":[{"href":"https:\/\/www.skcpraha.cz\/index.php?rest_route=\/wp\/v2\/posts"}],"about":[{"href":"https:\/\/www.skcpraha.cz\/index.php?rest_route=\/wp\/v2\/types\/post"}],"author":[{"embeddable":true,"href":"https:\/\/www.skcpraha.cz\/index.php?rest_route=\/wp\/v2\/users\/1"}],"replies":[{"embeddable":true,"href":"https:\/\/www.skcpraha.cz\/index.php?rest_route=%2Fwp%2Fv2%2Fcomments&post=5393"}],"version-history":[{"count":1,"href":"https:\/\/www.skcpraha.cz\/index.php?rest_route=\/wp\/v2\/posts\/5393\/revisions"}],"predecessor-version":[{"id":5394,"href":"https:\/\/www.skcpraha.cz\/index.php?rest_route=\/wp\/v2\/posts\/5393\/revisions\/5394"}],"wp:attachment":[{"href":"https:\/\/www.skcpraha.cz\/index.php?rest_route=%2Fwp%2Fv2%2Fmedia&parent=5393"}],"wp:term":[{"taxonomy":"category","embeddable":true,"href":"https:\/\/www.skcpraha.cz\/index.php?rest_route=%2Fwp%2Fv2%2Fcategories&post=5393"},{"taxonomy":"post_tag","embeddable":true,"href":"https:\/\/www.skcpraha.cz\/index.php?rest_route=%2Fwp%2Fv2%2Ftags&post=5393"}],"curies":[{"name":"wp","href":"https:\/\/api.w.org\/{rel}","templated":true}]}}