{"id":5299,"date":"2019-04-24T08:01:36","date_gmt":"2019-04-24T08:01:36","guid":{"rendered":"http:\/\/www.skcpraha.cz\/?p=5299"},"modified":"2019-04-24T08:01:36","modified_gmt":"2019-04-24T08:01:36","slug":"nektery-z-vitezu-tomket-prazskeho-mtb-poharu-odjede-autem-jiny-na-kole","status":"publish","type":"post","link":"https:\/\/www.skcpraha.cz\/?p=5299","title":{"rendered":"N\u011bkter\u00fd z v\u00edt\u011bz\u016f TOMKET Pra\u017esk\u00e9ho MTB poh\u00e1ru odjede autem, jin\u00fd na kole!"},"content":{"rendered":"<p>Podobn\u011b jako tomu bylo v&nbsp;minul\u00e9m roce i letos \u010dekaj\u00ed na celkov\u00e9 v\u00edt\u011bze TOMKET Pra\u017esk\u00e9ho MTB poh\u00e1ru atraktivn\u00ed ceny.<\/p>\n<p>Tou hlavn\u00ed je zap\u016fj\u010den\u00ed nov\u00e9ho vozu TOYOTA RAV 4 od spole\u010dnosti Emil Frey na dobu 3 m\u011bs\u00edc\u016f. \u0160\u0165astlivcem bude n\u011bkter\u00fd z&nbsp;celkov\u00fdch v\u00edt\u011bz\u016f dosp\u011bl\u00fdch kategori\u00ed.<\/p>\n<p>V\u00fdherce ur\u010d\u00ed losov\u00e1n\u00ed, kter\u00e9 se uskute\u010dn\u00ed na Slavnostn\u00edm ve\u010deru TOMKET Pra\u017esk\u00e9ho MTB poh\u00e1ru 2019 dne 15. listopadu v&nbsp;Music klubu Kbely.<\/p>\n<p>Pro n\u011bkter\u00e9ho z&nbsp;celkov\u00fdch v\u00edt\u011bz\u016f d\u011btsk\u00fdch a ml\u00e1de\u017enick\u00fdch kategori\u00ed maj\u00ed po\u0159adatel\u00e9 p\u0159ipravenou nem\u00e9n\u011b atraktivn\u00ed cenu. Tou bude sportovn\u00ed kolo Specialized od dal\u0161\u00edho v\u00fdznamn\u00e9ho partnera poh\u00e1ru, Velocentrum Volesk\u00fd.<\/p>\n<p>TOMKET Pra\u017esk\u00fd MTB poh\u00e1r pokra\u010duje t\u0159et\u00edm z\u00e1vodem ve st\u0159edu 1. kv\u011btna na obl\u00edben\u00e9m p\u0159\u00edrodn\u00edm okruhu v&nbsp;Beckov\u011b.<\/p>\n<p>V\u00edce informac\u00ed a propozice naleznete na:&nbsp;<a href=\"http:\/\/www.prahamtb.cz\/\" data-saferedirecturl=\"https:\/\/www.google.com\/url?q=http:\/\/www.prahamtb.cz&amp;source=gmail&amp;ust=1556177105846000&amp;usg=AFQjCNE6AqHoJI_UDMxB2bBG3mZtoe-1-A\">www.prahamtb.cz<\/a><\/p>\n<p><a href=\"http:\/\/prahamtb.cz\/wp-content\/uploads\/2019\/04\/20190424_085913-1.jpg\" rel=\"lightbox\"><img decoding=\"async\" loading=\"lazy\" class=\"alignnone size-medium wp-image-5224\" src=\"http:\/\/prahamtb.cz\/wp-content\/uploads\/2019\/04\/20190424_085913-1-600x465.jpg\" alt=\"20190424_085913 (1)\" width=\"600\" height=\"465\"><\/a><\/p>\n","protected":false},"excerpt":{"rendered":"<a href=\"https:\/\/www.skcpraha.cz\/?p=5299\"><img width=\"150\" src=\"\" class=\"alignleft wp-post-image tfe\" alt=\"\" title=\"\" \/><\/a><p>Podobn\u011b jako tomu bylo v&nbsp;minul\u00e9m roce i letos \u010dekaj\u00ed na celkov\u00e9 v\u00edt\u011bze TOMKET Pra\u017esk\u00e9ho MTB poh\u00e1ru atraktivn\u00ed ceny. Tou hlavn\u00ed je zap\u016fj\u010den\u00ed nov\u00e9ho vozu TOYOTA RAV 4 od spole\u010dnosti Emil Frey na dobu 3 m\u011bs\u00edc\u016f. \u0160\u0165astlivcem bude n\u011bkter\u00fd z&nbsp;celkov\u00fdch v\u00edt\u011bz\u016f dosp\u011bl\u00fdch kategori\u00ed. V\u00fdherce ur\u010d\u00ed losov\u00e1n\u00ed, kter\u00e9 se uskute\u010dn\u00ed na Slavnostn\u00edm ve\u010deru TOMKET Pra\u017esk\u00e9ho MTB poh\u00e1ru [&hellip;]<\/p>\n","protected":false},"author":1,"featured_media":0,"comment_status":"closed","ping_status":"open","sticky":false,"template":"","format":"standard","meta":[],"categories":[1],"tags":[],"_links":{"self":[{"href":"https:\/\/www.skcpraha.cz\/index.php?rest_route=\/wp\/v2\/posts\/5299"}],"collection":[{"href":"https:\/\/www.skcpraha.cz\/index.php?rest_route=\/wp\/v2\/posts"}],"about":[{"href":"https:\/\/www.skcpraha.cz\/index.php?rest_route=\/wp\/v2\/types\/post"}],"author":[{"embeddable":true,"href":"https:\/\/www.skcpraha.cz\/index.php?rest_route=\/wp\/v2\/users\/1"}],"replies":[{"embeddable":true,"href":"https:\/\/www.skcpraha.cz\/index.php?rest_route=%2Fwp%2Fv2%2Fcomments&post=5299"}],"version-history":[{"count":1,"href":"https:\/\/www.skcpraha.cz\/index.php?rest_route=\/wp\/v2\/posts\/5299\/revisions"}],"predecessor-version":[{"id":5300,"href":"https:\/\/www.skcpraha.cz\/index.php?rest_route=\/wp\/v2\/posts\/5299\/revisions\/5300"}],"wp:attachment":[{"href":"https:\/\/www.skcpraha.cz\/index.php?rest_route=%2Fwp%2Fv2%2Fmedia&parent=5299"}],"wp:term":[{"taxonomy":"category","embeddable":true,"href":"https:\/\/www.skcpraha.cz\/index.php?rest_route=%2Fwp%2Fv2%2Fcategories&post=5299"},{"taxonomy":"post_tag","embeddable":true,"href":"https:\/\/www.skcpraha.cz\/index.php?rest_route=%2Fwp%2Fv2%2Ftags&post=5299"}],"curies":[{"name":"wp","href":"https:\/\/api.w.org\/{rel}","templated":true}]}}