{"id":5291,"date":"2019-04-15T19:09:38","date_gmt":"2019-04-15T19:09:38","guid":{"rendered":"http:\/\/www.skcpraha.cz\/?p=5291"},"modified":"2019-04-15T19:09:38","modified_gmt":"2019-04-15T19:09:38","slug":"druhe-kolo-tomket-prazskeho-mtb-poharu-vyhral-jaroslav-kulhavy","status":"publish","type":"post","link":"https:\/\/www.skcpraha.cz\/?p=5291","title":{"rendered":"Druh\u00e9 kolo TOMKET Pra\u017esk\u00e9ho MTB poh\u00e1ru vyhr\u00e1l Jaroslav Kulhav\u00fd!"},"content":{"rendered":"<p>Ani celodenn\u00ed d\u00e9\u0161\u0165 a teplota nep\u0159esahuj\u00edc\u00ed pouh\u00e9 3 stupn\u011b nad nulou nebyly p\u0159ek\u00e1\u017ekou pro stovky biker\u016f ze v\u0161ech \u010d\u00e1st\u00ed republiky, aby se postavili na start druh\u00e9ho kola TOMKET Pra\u017esk\u00e9ho MTB poh\u00e1ru na Zli\u010d\u00edn\u011b a bojovali o dal\u0161\u00ed d\u016fle\u017eit\u00e9 poh\u00e1rov\u00e9 body. De\u0161\u0165ov\u00e1 voda zli\u010d\u00ednsk\u00e9 trati neu\u0161kodila, v\u0161echny pas\u00e1\u017ee hrav\u00e9 a perfektn\u011b p\u0159ipraven\u00e9 trati byly sj\u00edzdn\u00e9 bez omezen\u00ed.<\/p>\n<p>Olympijsk\u00fd v\u00edt\u011bz a st\u0159\u00edbrn\u00fd medailista z&nbsp;Ria Jaroslav Kulhav\u00fd (J.K. Cycling Team) pojal z\u00e1vod v&nbsp;chladn\u00e9m po\u010das\u00ed jako kvalitn\u00ed tr\u00e9nink a p\u0159ijel si bez v\u011bt\u0161\u00edch probl\u00e9m\u016f pro povinn\u00e9 v\u00edt\u011bzstv\u00ed v hlavn\u00ed&nbsp;kategorii mu\u017e\u016f, p\u0159ed Ond\u0159ejem Zelen\u00fdm (Eleven Mercedes Benz Mitas), kter\u00fd po v\u00fdborn\u00e9m v\u00fdkonu porazil \u00fa\u0159aduj\u00edc\u00edho mistra republiky do 23 let Jarom\u00edra Sk\u00e1lu (Mitas Mercedes Benz Praha Trek), kter\u00fd obsadil t\u0159et\u00ed p\u0159\u00ed\u010dku.<br \/>\nZ\u00e1vod \u017een ovl\u00e1dla v\u011bkem teprve juniorka Ad\u00e9la Holubov\u00e1 z&nbsp;t\u00fdmu kola \u2013 bbm.cz.<br \/>\nZ\u00e1vodu junior\u016f dominovala dvojice t\u00fdmu Nutrend Specialized Racing, Jan Zatloukal a Tom\u00e1\u0161 Tlamka.<\/p>\n<p>TOMKET Pra\u017esk\u00fd MTB poh\u00e1r 2019 bude pokra\u010dovat ve st\u0159edu 1. kv\u011btna z\u00e1vodem v&nbsp;Beckov\u011b.<\/p>\n<p><a href=\"http:\/\/prahamtb.cz\/wp-content\/uploads\/2019\/04\/IMG_4447.jpg\" rel=\"lightbox\"><img decoding=\"async\" loading=\"lazy\" class=\"alignnone size-medium wp-image-5220\" src=\"http:\/\/prahamtb.cz\/wp-content\/uploads\/2019\/04\/IMG_4447-600x400.jpg\" alt=\"IMG_4447\" width=\"600\" height=\"400\"><\/a><\/p>\n","protected":false},"excerpt":{"rendered":"<a href=\"https:\/\/www.skcpraha.cz\/?p=5291\"><img width=\"150\" src=\"\" class=\"alignleft wp-post-image tfe\" alt=\"\" title=\"\" \/><\/a><p>Ani celodenn\u00ed d\u00e9\u0161\u0165 a teplota nep\u0159esahuj\u00edc\u00ed pouh\u00e9 3 stupn\u011b nad nulou nebyly p\u0159ek\u00e1\u017ekou pro stovky biker\u016f ze v\u0161ech \u010d\u00e1st\u00ed republiky, aby se postavili na start druh\u00e9ho kola TOMKET Pra\u017esk\u00e9ho MTB poh\u00e1ru na Zli\u010d\u00edn\u011b a bojovali o dal\u0161\u00ed d\u016fle\u017eit\u00e9 poh\u00e1rov\u00e9 body. De\u0161\u0165ov\u00e1 voda zli\u010d\u00ednsk\u00e9 trati neu\u0161kodila, v\u0161echny pas\u00e1\u017ee hrav\u00e9 a perfektn\u011b p\u0159ipraven\u00e9 trati byly sj\u00edzdn\u00e9 bez [&hellip;]<\/p>\n","protected":false},"author":1,"featured_media":0,"comment_status":"closed","ping_status":"open","sticky":false,"template":"","format":"standard","meta":[],"categories":[1],"tags":[],"_links":{"self":[{"href":"https:\/\/www.skcpraha.cz\/index.php?rest_route=\/wp\/v2\/posts\/5291"}],"collection":[{"href":"https:\/\/www.skcpraha.cz\/index.php?rest_route=\/wp\/v2\/posts"}],"about":[{"href":"https:\/\/www.skcpraha.cz\/index.php?rest_route=\/wp\/v2\/types\/post"}],"author":[{"embeddable":true,"href":"https:\/\/www.skcpraha.cz\/index.php?rest_route=\/wp\/v2\/users\/1"}],"replies":[{"embeddable":true,"href":"https:\/\/www.skcpraha.cz\/index.php?rest_route=%2Fwp%2Fv2%2Fcomments&post=5291"}],"version-history":[{"count":1,"href":"https:\/\/www.skcpraha.cz\/index.php?rest_route=\/wp\/v2\/posts\/5291\/revisions"}],"predecessor-version":[{"id":5292,"href":"https:\/\/www.skcpraha.cz\/index.php?rest_route=\/wp\/v2\/posts\/5291\/revisions\/5292"}],"wp:attachment":[{"href":"https:\/\/www.skcpraha.cz\/index.php?rest_route=%2Fwp%2Fv2%2Fmedia&parent=5291"}],"wp:term":[{"taxonomy":"category","embeddable":true,"href":"https:\/\/www.skcpraha.cz\/index.php?rest_route=%2Fwp%2Fv2%2Fcategories&post=5291"},{"taxonomy":"post_tag","embeddable":true,"href":"https:\/\/www.skcpraha.cz\/index.php?rest_route=%2Fwp%2Fv2%2Ftags&post=5291"}],"curies":[{"name":"wp","href":"https:\/\/api.w.org\/{rel}","templated":true}]}}