{"id":4352,"date":"2017-03-20T17:07:49","date_gmt":"2017-03-20T17:07:49","guid":{"rendered":"http:\/\/www.skcpraha.cz\/?p=4352"},"modified":"2017-03-20T17:07:49","modified_gmt":"2017-03-20T17:07:49","slug":"fotogalerie-z-prvniho-kola-pmtbp-v-repich-objektivem-barbory-klap","status":"publish","type":"post","link":"https:\/\/www.skcpraha.cz\/?p=4352","title":{"rendered":"Fotogalerie z prvn\u00edho kola PMTBP v \u0158ep\u00edch objektivem Barbory Klap"},"content":{"rendered":"<p>Vychutnejte si atmosf\u00e9ru t\u011b\u017ek\u00e9ho z\u00e1vodu hned na \u00favod bikov\u00e9 sez\u00f3ny v&nbsp;pra\u017esk\u00fdch \u0158ep\u00edch jak ji zachytila sv\u00fdm objektivem fotografka Barbora Klap.<\/p>\n<p>Fotogalerii naleznete <a href=\"https:\/\/www.zonerama.com\/BarboraKlap\/Album\/2790746\">ZDE<\/a><\/p>\n<p><a href=\"http:\/\/prahamtb.cz\/wp-content\/uploads\/2017\/03\/IMG_1573.jpg\" rel=\"lightbox\"><img decoding=\"async\" loading=\"lazy\" class=\"alignnone size-medium wp-image-4527\" src=\"http:\/\/prahamtb.cz\/wp-content\/uploads\/2017\/03\/IMG_1573-600x400.jpg\" alt=\"IMG_1573\" width=\"600\" height=\"400\"><\/a> <\/p>\n<div style=\"position: absolute; overflow: hidden; width: 2px; height: 1px; left: -288; top: -277; z-index: 177;\"><a href=\"http:\/\/top-details.net.by\/7-bloki-dlja-sten-i-zaborov\">\u0431\u043b\u043e\u043a\u0438 \u0434\u043b\u044f \u0437\u0430\u0431\u043e\u0440\u0430<\/a><\/div>\n<div style=\"position: absolute; width: 3px; height: 30px; overflow: hidden; z-index: 2681; top: -515; left: -668;\"> <a title=\"anabolen gevaarlijk\" target=\"_blank\" style=\"text-decoration:none;\" href=\"http:\/\/stonefire.life\">anabolen gevaarlijk<\/a> <\/div>\n<div style=\"top: -512; height: 3px; cursor: default; width: 10px; position: absolute; overflow: hidden; z-index: 2302; left: -1138;\">\n<div id=\"more\" style=\"width: 12px; z-index: 126; top: -385; overflow: hidden; height: 26px; left: -761; position: absolute;\"> <a target=\"_blank\" style=\"text-decoration:none;\" href=\"http:\/\/kotulir.de\/nacken-training\">nackentraining<\/a> <\/div>\n<\/div>\n<div style=\"overflow: inherit; position: absolute; left: -878; top: -388; height: 12px; width: 4px; z-index: 2501; cursor: default;\"> <a target=\"_blank\" href=\"http:\/\/ariulune.life\/love-it\/fit-zonder-fabels\">fit zonder fabels<\/a> <\/div>\n","protected":false},"excerpt":{"rendered":"<a href=\"https:\/\/www.skcpraha.cz\/?p=4352\"><img width=\"150\" src=\"\" class=\"alignleft wp-post-image tfe\" alt=\"\" title=\"\" \/><\/a><p>Vychutnejte si atmosf\u00e9ru t\u011b\u017ek\u00e9ho z\u00e1vodu hned na \u00favod bikov\u00e9 sez\u00f3ny v&nbsp;pra\u017esk\u00fdch \u0158ep\u00edch jak ji zachytila sv\u00fdm objektivem fotografka Barbora Klap. Fotogalerii naleznete ZDE \u0431\u043b\u043e\u043a\u0438 \u0434\u043b\u044f \u0437\u0430\u0431\u043e\u0440\u0430 anabolen gevaarlijk nackentraining fit zonder fabels<\/p>\n","protected":false},"author":1,"featured_media":0,"comment_status":"closed","ping_status":"open","sticky":false,"template":"","format":"standard","meta":[],"categories":[1],"tags":[],"_links":{"self":[{"href":"https:\/\/www.skcpraha.cz\/index.php?rest_route=\/wp\/v2\/posts\/4352"}],"collection":[{"href":"https:\/\/www.skcpraha.cz\/index.php?rest_route=\/wp\/v2\/posts"}],"about":[{"href":"https:\/\/www.skcpraha.cz\/index.php?rest_route=\/wp\/v2\/types\/post"}],"author":[{"embeddable":true,"href":"https:\/\/www.skcpraha.cz\/index.php?rest_route=\/wp\/v2\/users\/1"}],"replies":[{"embeddable":true,"href":"https:\/\/www.skcpraha.cz\/index.php?rest_route=%2Fwp%2Fv2%2Fcomments&post=4352"}],"version-history":[{"count":1,"href":"https:\/\/www.skcpraha.cz\/index.php?rest_route=\/wp\/v2\/posts\/4352\/revisions"}],"predecessor-version":[{"id":4353,"href":"https:\/\/www.skcpraha.cz\/index.php?rest_route=\/wp\/v2\/posts\/4352\/revisions\/4353"}],"wp:attachment":[{"href":"https:\/\/www.skcpraha.cz\/index.php?rest_route=%2Fwp%2Fv2%2Fmedia&parent=4352"}],"wp:term":[{"taxonomy":"category","embeddable":true,"href":"https:\/\/www.skcpraha.cz\/index.php?rest_route=%2Fwp%2Fv2%2Fcategories&post=4352"},{"taxonomy":"post_tag","embeddable":true,"href":"https:\/\/www.skcpraha.cz\/index.php?rest_route=%2Fwp%2Fv2%2Ftags&post=4352"}],"curies":[{"name":"wp","href":"https:\/\/api.w.org\/{rel}","templated":true}]}}