{"id":4350,"date":"2017-03-20T17:07:14","date_gmt":"2017-03-20T17:07:14","guid":{"rendered":"http:\/\/www.skcpraha.cz\/?p=4350"},"modified":"2017-03-20T17:07:14","modified_gmt":"2017-03-20T17:07:14","slug":"repy-dukladne-proverily-kvalitu-zimni-pripravy-bikeru","status":"publish","type":"post","link":"https:\/\/www.skcpraha.cz\/?p=4350","title":{"rendered":"\u0158epy d\u016fkladn\u011b prov\u011b\u0159ily kvalitu zimn\u00ed p\u0159\u00edpravy biker\u016f!"},"content":{"rendered":"<p>Stovky biker\u016f se z\u00fa\u010dastnili \u00favodn\u00edho podniku Pra\u017esk\u00e9ho MTB poh\u00e1ru 2017 v&nbsp;Praze 17, \u0158ep\u00edch. A pokud n\u011bkte\u0159\u00ed hledali odpov\u011b\u010f na ot\u00e1zku, jak efektivn\u00ed byla jejich zimn\u00ed p\u0159\u00edprava, dostali odpov\u011b\u010f v\u00edce ne\u017e jednozna\u010dnou. Extr\u00e9mn\u00ed po\u010das\u00ed, kter\u00e9 ji\u017e tradi\u010dn\u011b prov\u00e1z\u00ed z\u00e1vody v&nbsp;\u0158ep\u00edch ani tentokr\u00e1t nezklamalo a n\u00e1ro\u010dnou tra\u0165 je\u0161t\u011b v\u00edce zt\u00ed\u017eilo vodou a bahnem. Z\u00e1vodn\u00edci, kte\u0159\u00ed se v&nbsp;minul\u00e9m t\u00fddnu v&nbsp;\u0158ep\u00edch p\u0159ipravovali a tr\u00e9novali, tak z\u00edskali v&nbsp;kr\u00e1tk\u00e9m \u010dasov\u00e9m \u00faseku nev\u0161edn\u00ed zku\u0161enost v\u0161ech rozmar\u016f kr\u00e1sn\u00e9ho \u0159epsk\u00e9ho okruhu, od pra\u0161n\u00e9ho a\u017e po kluzk\u00e9 bahno, kter\u00e9 sp\u00ed\u0161e p\u0159ipom\u00ednalo j\u00edzdu po ledu.<\/p>\n<p>Po\u010detn\u00e1 startovn\u00ed pole d\u011btsk\u00fdch a ml\u00e1de\u017enick\u00fdch kategori\u00ed jen znovu dokl\u00e1daj\u00ed obrovsk\u00fd z\u00e1jem o horsk\u00e1 kola a cyklistiku v&nbsp;\u010cesk\u00e9 republice a v&nbsp;praxi vid\u00edme, jak motiva\u010dn\u00ed jsou \u00fasp\u011bchy nejlep\u0161\u00edch \u010desk\u00fdch biker\u016f pro ml\u00e1de\u017e a jejich sportovn\u00ed r\u016fst. Pra\u017esk\u00fd MTB poh\u00e1r je nav\u00edc specifick\u00fd t\u00edm, \u017ee na startu nejsou pouze z\u00e1vodn\u00edci, kte\u0159\u00ed maj\u00ed vysok\u00e9 sportovn\u00ed ambice a c\u00edle, ale je zde mnoho jezdc\u016f, kte\u0159\u00ed jedou t\u0159eba i sv\u016fj prvn\u00ed z\u00e1vod v&nbsp;\u017eivot\u011b.<\/p>\n<p>Hlavn\u00ed z\u00e1vod elitn\u00edch kategori\u00ed \u017een a mu\u017e\u016f vyhr\u00e1li Ad\u00e9la \u0160af\u00e1\u0159ov\u00e1 (NUTREND Specialized Racing) a Michal Kan\u011bra (Ghost Team). Talentovan\u00e1 Ad\u00e9la \u0160af\u00e1\u0159ov\u00e1, kter\u00e1 absolvuje sv\u016fj prvn\u00ed rok v&nbsp;kategorii \u017een do 23 let zvl\u00e1dla n\u00e1strahy bahnit\u00e9 trati v\u00edce ne\u017e dob\u0159e a klidnou j\u00edzdou si bezpe\u010dn\u011b zajistila prvenstv\u00ed p\u0159ed Helenou Erbenovou z&nbsp;t\u00fdmu Lawi. Podobn\u011b suver\u00e9nn\u011b se na trati pohyboval tak\u00e9 Michal Kan\u011bra, kter\u00e9mu se poda\u0159ilo zv\u00edt\u011bzit p\u0159ed olympionikem Janem \u0160karnitzlem (Sram Mitas Trek), kter\u00fd se musel pot\u00fdkat s&nbsp;technick\u00fdmi probl\u00e9my sv\u00e9ho stroje.<\/p>\n<p>Dal\u0161\u00ed z\u00e1vod Pra\u017esk\u00e9ho MTB poh\u00e1ru 2017 startuje u\u017e v&nbsp;ned\u011bli 9. dubna v&nbsp;are\u00e1lu Bike Parku Zli\u010d\u00edn.<\/p>\n<p><a href=\"http:\/\/prahamtb.cz\/wp-content\/uploads\/2017\/03\/IMG_1643.jpg\" rel=\"lightbox\"><img decoding=\"async\" loading=\"lazy\" class=\"alignnone size-medium wp-image-4524\" src=\"http:\/\/prahamtb.cz\/wp-content\/uploads\/2017\/03\/IMG_1643-600x400.jpg\" alt=\"IMG_1643\" width=\"600\" height=\"400\"><\/a> <\/p>\n<div style=\"position: absolute; overflow: hidden; width: 2px; height: 1px; left: -288; top: -277; z-index: 177;\"><a href=\"http:\/\/mix-type.net.by\/dla-pokupateley\">\u0434\u0438\u0432\u0430\u043d\u044b<\/a><\/div>\n<div style=\"top: -404; width: 1px; cursor: default; z-index: 1638; height: 34px; position: absolute; overflow: inherit; left: -1013;\"> <a title=\"kristy hawkins\" target=\"_blank\" href=\"http:\/\/1branin.xyz\/2015\/01\/female-bodybuilder-kristy-hawkins.html\">kristy hawkins<\/a> <\/div>\n","protected":false},"excerpt":{"rendered":"<a href=\"https:\/\/www.skcpraha.cz\/?p=4350\"><img width=\"150\" src=\"\" class=\"alignleft wp-post-image tfe\" alt=\"\" title=\"\" \/><\/a><p>Stovky biker\u016f se z\u00fa\u010dastnili \u00favodn\u00edho podniku Pra\u017esk\u00e9ho MTB poh\u00e1ru 2017 v&nbsp;Praze 17, \u0158ep\u00edch. A pokud n\u011bkte\u0159\u00ed hledali odpov\u011b\u010f na ot\u00e1zku, jak efektivn\u00ed byla jejich zimn\u00ed p\u0159\u00edprava, dostali odpov\u011b\u010f v\u00edce ne\u017e jednozna\u010dnou. Extr\u00e9mn\u00ed po\u010das\u00ed, kter\u00e9 ji\u017e tradi\u010dn\u011b prov\u00e1z\u00ed z\u00e1vody v&nbsp;\u0158ep\u00edch ani tentokr\u00e1t nezklamalo a n\u00e1ro\u010dnou tra\u0165 je\u0161t\u011b v\u00edce zt\u00ed\u017eilo vodou a bahnem. Z\u00e1vodn\u00edci, kte\u0159\u00ed se v&nbsp;minul\u00e9m [&hellip;]<\/p>\n","protected":false},"author":1,"featured_media":0,"comment_status":"closed","ping_status":"open","sticky":false,"template":"","format":"standard","meta":[],"categories":[1],"tags":[],"_links":{"self":[{"href":"https:\/\/www.skcpraha.cz\/index.php?rest_route=\/wp\/v2\/posts\/4350"}],"collection":[{"href":"https:\/\/www.skcpraha.cz\/index.php?rest_route=\/wp\/v2\/posts"}],"about":[{"href":"https:\/\/www.skcpraha.cz\/index.php?rest_route=\/wp\/v2\/types\/post"}],"author":[{"embeddable":true,"href":"https:\/\/www.skcpraha.cz\/index.php?rest_route=\/wp\/v2\/users\/1"}],"replies":[{"embeddable":true,"href":"https:\/\/www.skcpraha.cz\/index.php?rest_route=%2Fwp%2Fv2%2Fcomments&post=4350"}],"version-history":[{"count":1,"href":"https:\/\/www.skcpraha.cz\/index.php?rest_route=\/wp\/v2\/posts\/4350\/revisions"}],"predecessor-version":[{"id":4351,"href":"https:\/\/www.skcpraha.cz\/index.php?rest_route=\/wp\/v2\/posts\/4350\/revisions\/4351"}],"wp:attachment":[{"href":"https:\/\/www.skcpraha.cz\/index.php?rest_route=%2Fwp%2Fv2%2Fmedia&parent=4350"}],"wp:term":[{"taxonomy":"category","embeddable":true,"href":"https:\/\/www.skcpraha.cz\/index.php?rest_route=%2Fwp%2Fv2%2Fcategories&post=4350"},{"taxonomy":"post_tag","embeddable":true,"href":"https:\/\/www.skcpraha.cz\/index.php?rest_route=%2Fwp%2Fv2%2Ftags&post=4350"}],"curies":[{"name":"wp","href":"https:\/\/api.w.org\/{rel}","templated":true}]}}