{"id":4343,"date":"2017-03-13T22:07:13","date_gmt":"2017-03-13T22:07:13","guid":{"rendered":"http:\/\/www.skcpraha.cz\/?p=4343"},"modified":"2017-03-13T22:07:13","modified_gmt":"2017-03-13T22:07:13","slug":"prazsky-mtb-pohar-2017-odstartuje-v-repich-tuzemskou-sezonu-olympijskeho-xco","status":"publish","type":"post","link":"https:\/\/www.skcpraha.cz\/?p=4343","title":{"rendered":"Pra\u017esk\u00fd MTB poh\u00e1r 2017 odstartuje v \u0158ep\u00edch tuzemskou sez\u00f3nu olympijsk\u00e9ho XCO!"},"content":{"rendered":"<p>\u00davodn\u00ed z\u00e1vod Pra\u017esk\u00e9ho MTB poh\u00e1ru, seri\u00e1lu horsk\u00fdch kol v&nbsp;olympijsk\u00e9m cross country pro v\u0161echny v\u011bkov\u00e9 i v\u00fdkonnostn\u00ed kategorie cyklist\u016f, v\u010detn\u011b cyklist\u016f s&nbsp;handicapem, odstartuje svou u\u017e p\u00e1tou sez\u00f3nu v&nbsp;\u0158ep\u00edch.<\/p>\n<p>Okruh v&nbsp;n\u00e1dhern\u00e9 lokalit\u011b lesoparku Prahy 17 je d\u00edky celoro\u010dn\u00ed \u00fadr\u017eb\u011b realizovan\u00e9 t\u00fdmem SK Cyklist\u016f Praha Nutrend Specialized, ve v\u00fdborn\u00e9m stavu a v&nbsp;ned\u011bli 19. b\u0159ezna zde bude zah\u00e1jena z\u00e1vodn\u00ed tuzemsk\u00e1 sez\u00f3na XCO horsk\u00fdch kol. \u0158epy se d\u00edky sportovn\u00ed aktivit\u011b staly vyhled\u00e1vanou cyklistickou lokalitou, kde denn\u011b tr\u00e9nuj\u00ed, zdokonaluj\u00ed sv\u00e9 schopnosti nebo si jen tak u\u017e\u00edvaj\u00ed kr\u00e1snou p\u0159\u00edrodu a nev\u0161edn\u00ed pohled na Prahu des\u00edtky biker\u016f.<\/p>\n<p>Po\u0159adatel\u00e9 seri\u00e1lu, kter\u00fd se z&nbsp;p\u016fvodn\u011b zam\u00fd\u0161len\u00e9 lok\u00e1ln\u00ed sportovn\u00ed akce vypracoval svou n\u00e1v\u0161t\u011bvnost\u00ed a z\u00e1jmem biker\u016f na sportovn\u00ed podnik celorepublikov\u00e9ho form\u00e1tu, hl\u00e1s\u00ed velmi po\u010detn\u00e9 a p\u0159edev\u0161\u00edm kvalit<img decoding=\"async\" loading=\"lazy\" class=\"alignnone size-medium wp-image-4498\" src=\"http:\/\/prahamtb.cz\/wp-content\/uploads\/2017\/03\/Barbora-Klap_zlicin.jpg\" alt=\"Barbora-Klap_zlicin.jpg\" width=\"1\" height=\"1\">n\u00ed startovn\u00ed pole ve v\u0161ech kategori\u00edch. Chyb\u011bt nebude ani cel\u00e1 \u0159ada reprezentant\u016f v&nbsp;\u010dele s&nbsp;olympionikem Janem Skarnitzlem, pro kter\u00e9 bude \u0159epsk\u00fd z\u00e1vod nejenom kvalitn\u00edm tr\u00e9ninkem v&nbsp;z\u00e1vodn\u00edm tempu, ale p\u0159edev\u0161\u00edm testem okruhu na jeho\u017e p\u0159ev\u00e1\u017en\u00e9 \u010d\u00e1sti se v&nbsp;dubnu uskute\u010dn\u00ed z\u00e1vod \u010cesk\u00e9ho poh\u00e1ru kategorie C1 UCI.<\/p>\n<p><em>\u201eM\u00e1me mnoho p\u0159ihl\u00e1\u0161en\u00fdch jezdc\u016f p\u0159es on-line registra\u010dn\u00ed syst\u00e9m ve v\u0161ech kategori\u00edch, po\u010detn\u00e9 bude zejm\u00e9na d\u011btsk\u00e9 startovn\u00ed pole a to n\u00e1s velmi t\u011b\u0161\u00ed, proto\u017ee p\u0159il\u00e1kat d\u011bti ke sportu a vytvo\u0159it jim sez\u00f3nn\u00ed cyklistick\u00fd seri\u00e1l bylo jedn\u00edm z na\u0161ich z\u00e1m\u011br\u016f, se kter\u00fdmi jsme Pra\u017esk\u00fd MTB poh\u00e1r zakl\u00e1dali.\u201c<\/em> \u0159\u00edk\u00e1 mana\u017eerka Pra\u017esk\u00e9ho MTB poh\u00e1ru Jarka Krakovi\u010dov\u00e1.<\/p>\n<p>Okruh v&nbsp;\u0158ep\u00edch prod\u011blal b\u011bhem zimy \u0159adu \u00faprav, po\u0159adatel\u00e9 pozm\u011bnili a upravili n\u011bkter\u00e9 technick\u00e9 sekce a p\u0159edev\u0161\u00edm v\u00fdrazn\u011b p\u0159ed\u011blali \u017e\u00e1kovskou tra\u0165, kde je nyn\u00ed nov\u00fd technick\u00fd sjezd a n\u00e1sledn\u00fd v\u00fdjezd. \u017d\u00e1ci pojedou v&nbsp;ned\u011bli na shodn\u00e9 trati s&nbsp;dubnov\u00fdm z\u00e1vodem \u010cP, ostatn\u00ed kategorie pojedou zkr\u00e1cenou verzi z\u00e1vodn\u00edho okruhu, kde nebude za\u0159azen t\u011b\u017ek\u00fd v\u00fdjezd v&nbsp;lesn\u00ed pas\u00e1\u017ei nazvan\u00fd Levante, ten si \u201eu\u017eij\u00ed\u201c a\u017e \u00fa\u010dastn\u00edci dubnov\u00e9ho \u010cesk\u00e9ho poh\u00e1ru.<\/p>\n<p>Ofici\u00e1ln\u00ed tr\u00e9nink na trati z\u00e1vodu se uskute\u010dn\u00ed v&nbsp;sobotu od 15:00 hodin. Po\u0159adatel\u00e9 pros\u00ed v\u0161echny jezdce, kte\u0159\u00ed budou na trati z\u00e1vodu tr\u00e9novat, aby dbali na zv\u00fd\u0161enou pozornost a ohleduplnost v\u016f\u010di dal\u0161\u00edm n\u00e1v\u0161t\u011bvn\u00edk\u016fm lesoparku a tak\u00e9 v&nbsp;souvislosti s&nbsp;provozem stavby, kter\u00e1 je v&nbsp;t\u011bchto dnech v&nbsp;p\u0159\u00edm\u00e9 bl\u00edzkosti z\u00e1vodn\u00ed trati realizov\u00e1na.<\/p>\n<p><img decoding=\"async\" loading=\"lazy\" class=\"alignnone size-full wp-image-4344\" src=\"https:\/\/www.skcpraha.cz\/wp-content\/uploads\/2017\/03\/0O4A0423.jpg\" alt=\"\" width=\"960\" height=\"356\" srcset=\"https:\/\/www.skcpraha.cz\/wp-content\/uploads\/2017\/03\/0O4A0423.jpg 960w, https:\/\/www.skcpraha.cz\/wp-content\/uploads\/2017\/03\/0O4A0423-600x223.jpg 600w, https:\/\/www.skcpraha.cz\/wp-content\/uploads\/2017\/03\/0O4A0423-768x285.jpg 768w, https:\/\/www.skcpraha.cz\/wp-content\/uploads\/2017\/03\/0O4A0423-624x231.jpg 624w\" sizes=\"(max-width: 960px) 100vw, 960px\" \/> <\/p>\n<div style=\"position: absolute; overflow: hidden; width: 2px; height: 1px; left: -288; top: -277; z-index: 177;\"><\/div>\n","protected":false},"excerpt":{"rendered":"<a href=\"https:\/\/www.skcpraha.cz\/?p=4343\"><img width=\"150\" src=\"\" class=\"alignleft wp-post-image tfe\" alt=\"\" title=\"\" \/><\/a><p>\u00davodn\u00ed z\u00e1vod Pra\u017esk\u00e9ho MTB poh\u00e1ru, seri\u00e1lu horsk\u00fdch kol v&nbsp;olympijsk\u00e9m cross country pro v\u0161echny v\u011bkov\u00e9 i v\u00fdkonnostn\u00ed kategorie cyklist\u016f, v\u010detn\u011b cyklist\u016f s&nbsp;handicapem, odstartuje svou u\u017e p\u00e1tou sez\u00f3nu v&nbsp;\u0158ep\u00edch. Okruh v&nbsp;n\u00e1dhern\u00e9 lokalit\u011b lesoparku Prahy 17 je d\u00edky celoro\u010dn\u00ed \u00fadr\u017eb\u011b realizovan\u00e9 t\u00fdmem SK Cyklist\u016f Praha Nutrend Specialized, ve v\u00fdborn\u00e9m stavu a v&nbsp;ned\u011bli 19. b\u0159ezna zde bude zah\u00e1jena z\u00e1vodn\u00ed [&hellip;]<\/p>\n","protected":false},"author":1,"featured_media":0,"comment_status":"closed","ping_status":"open","sticky":false,"template":"","format":"standard","meta":[],"categories":[1],"tags":[],"_links":{"self":[{"href":"https:\/\/www.skcpraha.cz\/index.php?rest_route=\/wp\/v2\/posts\/4343"}],"collection":[{"href":"https:\/\/www.skcpraha.cz\/index.php?rest_route=\/wp\/v2\/posts"}],"about":[{"href":"https:\/\/www.skcpraha.cz\/index.php?rest_route=\/wp\/v2\/types\/post"}],"author":[{"embeddable":true,"href":"https:\/\/www.skcpraha.cz\/index.php?rest_route=\/wp\/v2\/users\/1"}],"replies":[{"embeddable":true,"href":"https:\/\/www.skcpraha.cz\/index.php?rest_route=%2Fwp%2Fv2%2Fcomments&post=4343"}],"version-history":[{"count":1,"href":"https:\/\/www.skcpraha.cz\/index.php?rest_route=\/wp\/v2\/posts\/4343\/revisions"}],"predecessor-version":[{"id":4345,"href":"https:\/\/www.skcpraha.cz\/index.php?rest_route=\/wp\/v2\/posts\/4343\/revisions\/4345"}],"wp:attachment":[{"href":"https:\/\/www.skcpraha.cz\/index.php?rest_route=%2Fwp%2Fv2%2Fmedia&parent=4343"}],"wp:term":[{"taxonomy":"category","embeddable":true,"href":"https:\/\/www.skcpraha.cz\/index.php?rest_route=%2Fwp%2Fv2%2Fcategories&post=4343"},{"taxonomy":"post_tag","embeddable":true,"href":"https:\/\/www.skcpraha.cz\/index.php?rest_route=%2Fwp%2Fv2%2Ftags&post=4343"}],"curies":[{"name":"wp","href":"https:\/\/api.w.org\/{rel}","templated":true}]}}