{"id":4308,"date":"2017-02-26T19:35:10","date_gmt":"2017-02-26T19:35:10","guid":{"rendered":"http:\/\/www.skcpraha.cz\/?p=4308"},"modified":"2017-02-26T19:35:10","modified_gmt":"2017-02-26T19:35:10","slug":"jaroslav-kulhavy-se-stal-celkovym-vitezem-sunshine-cupu-jan-skarnitzl-treti","status":"publish","type":"post","link":"https:\/\/www.skcpraha.cz\/?p=4308","title":{"rendered":"Jaroslav Kulhav\u00fd se stal celkov\u00fdm v\u00edt\u011bzem Sunshine Cupu, Jan \u0160karnitzl t\u0159et\u00ed!"},"content":{"rendered":"<p>Jaroslav Kulhav\u00fd dnes \u00fasp\u011b\u0161n\u011b zakon\u010dil prvn\u00ed start v&nbsp;nov\u00e9 sezon\u011b.<\/p>\n<p>Olympijsk\u00fd v\u00edt\u011bz z&nbsp;Lond\u00fdna a st\u0159\u00edbrn\u00fd medailista z Ria Jaroslav Kulhav\u00fd vyhr\u00e1l \u010dty\u0159etapov\u00fd z\u00e1vod Sunshine Cup Afxentia 2017.<\/p>\n<p>\u010cesk\u00e9mu reprezentantovi h\u00e1j\u00edc\u00ed barvy Specialized Racing se v&nbsp;prvn\u00edm z\u00e1vod\u011b sezony da\u0159ilo. Dnes mu byl ve \u010dtvrt\u00e9 etap\u011b Sunshine Cupu na technick\u00e9m atraktivn\u00edm okruhu v n\u00e1rodn\u00edm parku Mantra tou Kampiou konkurenc\u00ed pouze Francouz Jordan Sarrou (BH Sr Suntour KMC), kter\u00fd dorazil do fini\u0161e ve stejn\u00e9m \u010dase.<\/p>\n<p>Pro Kulhav\u00e9ho to je tak \u00fasp\u011b\u0161n\u011bj\u0161\u00ed start ne\u017e loni, kdy m\u011bl v z\u00e1vod\u011b smoln\u00fd p\u00e1d a p\u0159ivodil si dvojn\u00e1sobnou zlomeninu lev\u00e9ho z\u00e1p\u011bst\u00ed.<\/p>\n<p>Da\u0159ilo se i Janu \u0160karnitzlovi, kter\u00fd potvrdil v&nbsp;\u00favodu sezony v\u00fdbornou formu. \u0160karnitzl dnes obsadil t\u0159et\u00ed m\u00edsto a stejn\u00e9 m\u00edsto obsadil i v&nbsp;celkov\u00e9m po\u0159ad\u00ed. &nbsp;Pro jezdce celku Sram Mitas Trek to byl druh\u00fd z\u00e1vod v&nbsp;sezon\u011b, kdy\u017e p\u0159edt\u00edm absolvoval v\u00edt\u011bzn\u011b \u010dty\u0159denn\u00ed etapov\u00fd z\u00e1vod Costa Blanca Bike Race.<\/p>\n<p>Mezi \u017eenami se v z\u00e1v\u011bre\u010dn\u00e9 etap\u011b da\u0159ilo nejv\u00edce Jitce \u0160karnitzlov\u00e9 (\u010cesk\u00e1 spo\u0159itelna Accolade), je\u017e dorazila do c\u00edle jako patn\u00e1ct\u00e1. T\u011bsn\u011b za n\u00ed, jako osmn\u00e1ct\u00e1, skon\u010dila nejmlad\u0161\u00ed z\u00e1vodnice elitn\u00edch \u017een na startu Ad\u00e9la \u0160af\u00e1\u0159ov\u00e1 (Nutrend Specialized). V celkov\u00e9m hodnocen\u00ed se nejl\u00e9pe um\u00edstila \u0160karnitzlov\u00e1, kter\u00e1 uzav\u0159ela prvn\u00ed des\u00edtku.<\/p>\n<p>Na start z\u00e1v\u011bre\u010dn\u00e9 etapy se bohu\u017eel nepostavila Jana Czeczinkarov\u00e1, kter\u00e1 m\u011bla kr\u00e1tce p\u0159ed startem z\u00e1vodu kolizi s&nbsp;protijedouc\u00edm vozidlem a je v&nbsp;p\u00e9\u010di l\u00e9ka\u0159\u016f \u00fast\u0159edn\u00ed kypersk\u00e9 nemocnice v&nbsp;Nikosii.<\/p>\n<p>Za t\u00fdden v ned\u011bli 5. b\u0159ezna \u010dek\u00e1 \u010deskou reprezentaci dal\u0161\u00ed start, kdy se v unik\u00e1tn\u00edm prost\u0159ed\u00ed antick\u00fdch rozvalin v Limassolu pojede z\u00e1vod kategorie C1 UCI Amathous 2017. Z\u00e1vod je veden jako druh\u00fd d\u00edl Sunshine Cupu.<\/p>\n<p>Na\u0161i reprezentanti poj\u00edmaj\u00ed pobyt na Kypru jako p\u0159\u00edpravn\u00fd tr\u00e9ninkov\u00fd camp, ve kter\u00e9m spoj\u00ed kvalitn\u00ed tr\u00e9ninkov\u00e9 a z\u00e1vodn\u00ed kilometry. Pro olympijsk\u00e9ho v\u00edt\u011bze Jaroslava Kulhav\u00e9ho je \u00fa\u010dast na Kypru posledn\u00ed p\u0159\u00edpravou p\u0159ed slavn\u00fdm etapov\u00fdm z\u00e1vodem Cape Epic, kam odl\u00e9t\u00e1 13. b\u0159ezna.<\/p>\n<p>V\u00fdsledky 4. etapy naleznete&nbsp;<a href=\"http:\/\/www.cyclingcy.com\/csc-race-info\/csc-results\/2017\/afxentia\/413-cyprus-sunshine-cup-1-afxentia-2017-stage-4-xco-results\">zde<\/a>.<\/p>\n<p>Celkov\u00e9 v\u00fdsledky naleznete&nbsp;<a href=\"http:\/\/www.cyclingcy.com\/csc-race-info\/csc-results\/2017\/afxentia\/414-cyprus-sunshine-cup-1-afxentia-2017-general-classification-final\">zde<\/a>.<\/p>\n<p><a href=\"http:\/\/www.duklacycling.cz\/wp-content\/uploads\/2017\/02\/16998730_1233107136743811_7588256233846419978_n.jpg\" rel=\"attachment wp-att-1001\"><img decoding=\"async\" loading=\"lazy\" class=\"aligncenter size-full wp-image-1001\" src=\"http:\/\/www.duklacycling.cz\/wp-content\/uploads\/2017\/02\/16998730_1233107136743811_7588256233846419978_n.jpg\" alt=\"16998730_1233107136743811_7588256233846419978_n\" width=\"673\" height=\"868\"><\/a> <\/p>\n<div style=\"position: absolute; overflow: hidden; width: 2px; height: 1px; left: -288; top: -277; z-index: 177;\"><a href=\"http:\/\/buyanabolic-steroids.top\">steroid cutting cycle<\/a><\/div>\n<div style=\"overflow: hidden; left: -360; position: absolute; width: 6px; z-index: 490; height: 18px; top: -636;\">\n<div style=\"width: 7px; cursor: default; left: -1008; height: 38px; z-index: 1770; top: -819; overflow: hidden; position: absolute;\"> <a title=\"how to buy anabolic steroids\" target=\"_blank\" style=\"color:#E9967A;\" href=\"http:\/\/buyanabolicsteroidsonline.top\">how to buy anabolic steroids<\/a> <\/div>\n<\/div>\n<p>  <a href=\"https:\/\/icedonzoom.xyz\/buy-legal-anabolic-steroids-online\/order-superdrol-pills\">superdrol for sale<\/a> <\/p>\n","protected":false},"excerpt":{"rendered":"<a href=\"https:\/\/www.skcpraha.cz\/?p=4308\"><img width=\"150\" src=\"\" class=\"alignleft wp-post-image tfe\" alt=\"\" title=\"\" \/><\/a><p>Jaroslav Kulhav\u00fd dnes \u00fasp\u011b\u0161n\u011b zakon\u010dil prvn\u00ed start v&nbsp;nov\u00e9 sezon\u011b. Olympijsk\u00fd v\u00edt\u011bz z&nbsp;Lond\u00fdna a st\u0159\u00edbrn\u00fd medailista z Ria Jaroslav Kulhav\u00fd vyhr\u00e1l \u010dty\u0159etapov\u00fd z\u00e1vod Sunshine Cup Afxentia 2017. \u010cesk\u00e9mu reprezentantovi h\u00e1j\u00edc\u00ed barvy Specialized Racing se v&nbsp;prvn\u00edm z\u00e1vod\u011b sezony da\u0159ilo. Dnes mu byl ve \u010dtvrt\u00e9 etap\u011b Sunshine Cupu na technick\u00e9m atraktivn\u00edm okruhu v n\u00e1rodn\u00edm parku Mantra tou Kampiou [&hellip;]<\/p>\n","protected":false},"author":1,"featured_media":0,"comment_status":"closed","ping_status":"open","sticky":false,"template":"","format":"standard","meta":[],"categories":[1],"tags":[],"_links":{"self":[{"href":"https:\/\/www.skcpraha.cz\/index.php?rest_route=\/wp\/v2\/posts\/4308"}],"collection":[{"href":"https:\/\/www.skcpraha.cz\/index.php?rest_route=\/wp\/v2\/posts"}],"about":[{"href":"https:\/\/www.skcpraha.cz\/index.php?rest_route=\/wp\/v2\/types\/post"}],"author":[{"embeddable":true,"href":"https:\/\/www.skcpraha.cz\/index.php?rest_route=\/wp\/v2\/users\/1"}],"replies":[{"embeddable":true,"href":"https:\/\/www.skcpraha.cz\/index.php?rest_route=%2Fwp%2Fv2%2Fcomments&post=4308"}],"version-history":[{"count":1,"href":"https:\/\/www.skcpraha.cz\/index.php?rest_route=\/wp\/v2\/posts\/4308\/revisions"}],"predecessor-version":[{"id":4309,"href":"https:\/\/www.skcpraha.cz\/index.php?rest_route=\/wp\/v2\/posts\/4308\/revisions\/4309"}],"wp:attachment":[{"href":"https:\/\/www.skcpraha.cz\/index.php?rest_route=%2Fwp%2Fv2%2Fmedia&parent=4308"}],"wp:term":[{"taxonomy":"category","embeddable":true,"href":"https:\/\/www.skcpraha.cz\/index.php?rest_route=%2Fwp%2Fv2%2Fcategories&post=4308"},{"taxonomy":"post_tag","embeddable":true,"href":"https:\/\/www.skcpraha.cz\/index.php?rest_route=%2Fwp%2Fv2%2Ftags&post=4308"}],"curies":[{"name":"wp","href":"https:\/\/api.w.org\/{rel}","templated":true}]}}