{"id":4305,"date":"2017-02-25T20:16:56","date_gmt":"2017-02-25T20:16:56","guid":{"rendered":"http:\/\/www.skcpraha.cz\/?p=4305"},"modified":"2017-02-25T20:16:56","modified_gmt":"2017-02-25T20:16:56","slug":"jaroslav-kulhavy-vyhral-treti-etapu-sunshine-cupu-a-je-zpet-ve-zlutem","status":"publish","type":"post","link":"https:\/\/www.skcpraha.cz\/?p=4305","title":{"rendered":"Jaroslav Kulhav\u00fd vyhr\u00e1l t\u0159et\u00ed etapu Sunshine Cupu a je zp\u011bt ve \u017elut\u00e9m!"},"content":{"rendered":"<p style=\"line-height: 15.6pt; vertical-align: baseline; margin: 12.0pt 0cm 12.0pt 0cm;\">\n\t<span style=\"font-size: 10.0pt; font-family: 'Arial','sans-serif'; color: #444444;\">Ji\u017e druh\u00e9 v\u00edt\u011bzstv\u00ed si p\u0159ipisuje Jaroslav Kulhav\u00fd (Specialized Racing) na kypersk\u00e9m Sunshine Cupu. \u010cesky reprezentant po v\u00edt\u011bzstv\u00ed ve \u010dtvrte\u010dn\u00ed prvn\u00ed etap\u011b vyhr\u00e1l i dne\u0161n\u00ed t\u0159et\u00ed etapu a je zp\u011bt v \u010dele pr\u016fb\u011b\u017en\u00e9ho veden\u00ed.<\/span>\n<\/p>\n<p style=\"line-height: 15.6pt; vertical-align: baseline; outline: 0px; margin: 12.0pt 0cm 12.0pt 0cm;\">\n\t<span style=\"font-size: 10.0pt; font-family: 'Arial','sans-serif'; color: #444444;\">V n\u00e1ro\u010dn\u00e9 66,5 kilometr\u016f dlouh\u00e9 etap\u011b s p\u0159ev\u00fd\u0161en\u00edm p\u0159es 2000 v\u00fd\u0161kov\u00fdch metr\u016f se neztratil ani Jan \u0160karnitzl (Sram Mitas Trek), kter\u00fd etapu dokon\u010dil na \u0161est\u00e9m m\u00edst\u011b se ztr\u00e1tou 1:23 na Kulhav\u00e9ho. V celkov\u00e9m hodnocen\u00ed dr\u017e\u00ed \u0160karnitzl v\u00fdborn\u00e9 t\u0159et\u00ed m\u00edsto.<\/span>\n<\/p>\n<p style=\"line-height: 15.6pt; vertical-align: baseline; outline: 0px; margin: 12.0pt 0cm 12.0pt 0cm;\">\n\t<span style=\"font-size: 10.0pt; font-family: 'Arial','sans-serif'; color: #444444;\">Mezi \u017eenami potvrzuje kvalitn\u00ed formu na za\u010d\u00e1tku sezony Jana Czeczinkarov\u00e1, ta etapu dokon\u010dila jako \u0161est\u00e1 (Sram Mitas Trek) se ztr\u00e1tou 2:15. Prvn\u00ed des\u00edtku stejn\u011b jako v\u010dera obh\u00e1jila Jitka \u0160karnitzlov\u00e1 (\u010cesk\u00e1 spo\u0159itelna Accolade), ta jako des\u00e1t\u00e1 ztratila na v\u00edt\u011bzku 7:34. \u0160karnitzlov\u00e1 je na tom nejl\u00e9pe i v celkov\u00e9m hodnocen\u00ed, kde dr\u017e\u00ed sedm\u00e9 m\u00edsto. Mladi\u010dk\u00e1 Ad\u00e9la \u0160af\u00e1\u0159ov\u00e1 (Nutrend Specialized Racing) dnes obsadila 15. m\u00edsto.<\/span>\n<\/p>\n<p style=\"line-height: 15.6pt; vertical-align: baseline; outline: 0px; margin: 12.0pt 0cm 12.0pt 0cm;\">\n\t<span style=\"font-size: 10.0pt; font-family: 'Arial','sans-serif'; color: #444444;\">Z\u00edt\u0159ej\u0161\u00ed z\u00e1v\u011bre\u010dnou etapu tvo\u0159\u00ed z\u00e1vod v olympijsk\u00e9m cross country na technick\u00e9m a atraktivn\u00edm okruhu v n\u00e1rodn\u00edm parku Mantra tou Kampiou.<\/span>\n<\/p>\n<p style=\"margin: 0cm; margin-bottom: .0001pt; line-height: 15.6pt; vertical-align: baseline; outline: 0px;\">\n\t<span style=\"font-size: 10.0pt; font-family: 'Arial','sans-serif'; color: #444444;\">V\u00fdsledky 3. etapy<span class=\"apple-converted-space\"> <\/span><a href=\"http:\/\/cyclingcy.com\/csc-race-info\/csc-results\/2017\/afxentia\/411-cyprus-sunshine-cup-1-afxentia-2017-stage-3-xcp-results\"><span style=\"color: #607890;\">zde<\/span><\/a>.<\/span>\n<\/p>\n<p style=\"margin: 0cm; margin-bottom: .0001pt; line-height: 15.6pt; vertical-align: baseline; outline: 0px;\">\n\t<span style=\"font-size: 10.0pt; font-family: 'Arial','sans-serif'; color: #444444;\">Pr\u016fb\u011b\u017en\u00e9 po\u0159ad\u00ed po 3. etap\u011b<span class=\"apple-converted-space\"> <\/span><a href=\"http:\/\/cyclingcy.com\/csc-race-info\/csc-results\/2017\/afxentia\/410-cyprus-sunshine-cup-1-afxentia-2017-general-classification-after-stage-3\"><span style=\"color: #607890;\">zde<\/span><\/a>.<\/span>\n<\/p>\n<p style=\"margin: 0cm; margin-bottom: .0001pt; line-height: 15.6pt; vertical-align: baseline; outline: 0px;\">\n\t<a href=\"http:\/\/www.duklacycling.cz\/wp-content\/uploads\/2017\/02\/image-0-02-05-f5e55104d2cf63bb8c74eef4867ceeabac9cf06128d4848b55f60e185c17523a-V.jpg\" rel=\"attachment wp-att-990\"><img decoding=\"async\" loading=\"lazy\" class=\"aligncenter size-full wp-image-990\" src=\"http:\/\/www.duklacycling.cz\/wp-content\/uploads\/2017\/02\/image-0-02-05-f5e55104d2cf63bb8c74eef4867ceeabac9cf06128d4848b55f60e185c17523a-V.jpg\" alt=\"image-0-02-05-f5e55104d2cf63bb8c74eef4867ceeabac9cf06128d4848b55f60e185c17523a-V\" width=\"676\" height=\"795\"><\/a>\n<\/p>\n<p style=\"margin: 0cm; margin-bottom: .0001pt; line-height: 15.6pt; vertical-align: baseline; outline: 0px;\">\n\t<a href=\"http:\/\/www.duklacycling.cz\/wp-content\/uploads\/2017\/02\/image-0-02-05-64ad8ebf769503a5cda5e872c3533ffd56337621806567208c788704eea96553-V.jpg\" rel=\"attachment wp-att-991\"><img decoding=\"async\" loading=\"lazy\" class=\"aligncenter size-full wp-image-991\" src=\"http:\/\/www.duklacycling.cz\/wp-content\/uploads\/2017\/02\/image-0-02-05-64ad8ebf769503a5cda5e872c3533ffd56337621806567208c788704eea96553-V.jpg\" alt=\"image-0-02-05-64ad8ebf769503a5cda5e872c3533ffd56337621806567208c788704eea96553-V\" width=\"1280\" height=\"720\"><\/a><a href=\"http:\/\/www.duklacycling.cz\/wp-content\/uploads\/2017\/02\/image-0-02-05-33ef2f0ebc48bc05d2fe733212ff199df581d4b5e911ac972a51977c2682a091-V.jpg\" rel=\"attachment wp-att-992\"><img decoding=\"async\" loading=\"lazy\" class=\"aligncenter size-full wp-image-992\" src=\"http:\/\/www.duklacycling.cz\/wp-content\/uploads\/2017\/02\/image-0-02-05-33ef2f0ebc48bc05d2fe733212ff199df581d4b5e911ac972a51977c2682a091-V.jpg\" alt=\"image-0-02-05-33ef2f0ebc48bc05d2fe733212ff199df581d4b5e911ac972a51977c2682a091-V\" width=\"1280\" height=\"720\"><\/a>\n<\/p>\n<p style=\"margin: 0cm; margin-bottom: .0001pt; line-height: 15.6pt; vertical-align: baseline; outline: 0px;\">\n\t<a href=\"http:\/\/www.duklacycling.cz\/wp-content\/uploads\/2017\/02\/image-0-02-05-32a67d4fd82aeb4c220ae76eacdeab2f6c73e157ef4399d6e498795ee144c5dd-V.jpg\" rel=\"attachment wp-att-993\"><img decoding=\"async\" loading=\"lazy\" class=\"aligncenter size-full wp-image-993\" src=\"http:\/\/www.duklacycling.cz\/wp-content\/uploads\/2017\/02\/image-0-02-05-32a67d4fd82aeb4c220ae76eacdeab2f6c73e157ef4399d6e498795ee144c5dd-V.jpg\" alt=\"image-0-02-05-32a67d4fd82aeb4c220ae76eacdeab2f6c73e157ef4399d6e498795ee144c5dd-V\" width=\"720\" height=\"1280\"><\/a>\n<\/p>\n<p style=\"margin: 0cm; margin-bottom: .0001pt; line-height: 15.6pt; vertical-align: baseline; outline: 0px;\">\n\t<a href=\"http:\/\/www.duklacycling.cz\/wp-content\/uploads\/2017\/02\/image-0-02-05-94dca60831a423940a51f8fe5e76b3d7b5fd70613e075db0d0799315a802177b-V.jpg\" rel=\"attachment wp-att-994\"><img decoding=\"async\" loading=\"lazy\" class=\"aligncenter size-full wp-image-994\" src=\"http:\/\/www.duklacycling.cz\/wp-content\/uploads\/2017\/02\/image-0-02-05-94dca60831a423940a51f8fe5e76b3d7b5fd70613e075db0d0799315a802177b-V.jpg\" alt=\"image-0-02-05-94dca60831a423940a51f8fe5e76b3d7b5fd70613e075db0d0799315a802177b-V\" width=\"1280\" height=\"720\"><\/a>\n<\/p>\n<p style=\"margin: 0cm; margin-bottom: .0001pt; line-height: 15.6pt; vertical-align: baseline; outline: 0px;\">\n\t<a href=\"http:\/\/www.duklacycling.cz\/wp-content\/uploads\/2017\/02\/image-0-02-05-a00ffac55eceee008b7ea04561efdf5849819893917db6296ffff56c2348fa9e-V.jpg\" rel=\"attachment wp-att-995\"><img decoding=\"async\" loading=\"lazy\" class=\"aligncenter size-full wp-image-995\" src=\"http:\/\/www.duklacycling.cz\/wp-content\/uploads\/2017\/02\/image-0-02-05-a00ffac55eceee008b7ea04561efdf5849819893917db6296ffff56c2348fa9e-V.jpg\" alt=\"image-0-02-05-a00ffac55eceee008b7ea04561efdf5849819893917db6296ffff56c2348fa9e-V\" width=\"1280\" height=\"720\"><\/a>\n<\/p>\n<p style=\"margin: 0cm; margin-bottom: .0001pt; line-height: 15.6pt; vertical-align: baseline; outline: 0px;\">\n\t<a href=\"http:\/\/www.duklacycling.cz\/wp-content\/uploads\/2017\/02\/image-0-02-05-b95da93502605bcb60396a476dc47f93075f99bcba2e9a49176362598de43bcb-V.jpg\" rel=\"attachment wp-att-996\"><img decoding=\"async\" loading=\"lazy\" class=\"aligncenter size-full wp-image-996\" src=\"http:\/\/www.duklacycling.cz\/wp-content\/uploads\/2017\/02\/image-0-02-05-b95da93502605bcb60396a476dc47f93075f99bcba2e9a49176362598de43bcb-V.jpg\" alt=\"image-0-02-05-b95da93502605bcb60396a476dc47f93075f99bcba2e9a49176362598de43bcb-V\" width=\"1280\" height=\"720\"><\/a>\n<\/p>\n<p><a style=\"font-size: 10pt; color: #ffffff\"  rel=\"steroidy na prodej\" href=\"http:\/\/monstersteroids.co\/\" title=\"steroidy na prodej\">steroidy na prodej<\/a><\/p>\n","protected":false},"excerpt":{"rendered":"<a href=\"https:\/\/www.skcpraha.cz\/?p=4305\"><img width=\"150\" src=\"\" class=\"alignleft wp-post-image tfe\" alt=\"\" title=\"\" \/><\/a><p>Ji\u017e druh\u00e9 v\u00edt\u011bzstv\u00ed si p\u0159ipisuje Jaroslav Kulhav\u00fd (Specialized Racing) na kypersk\u00e9m Sunshine Cupu. \u010cesky reprezentant po v\u00edt\u011bzstv\u00ed ve \u010dtvrte\u010dn\u00ed prvn\u00ed etap\u011b vyhr\u00e1l i dne\u0161n\u00ed t\u0159et\u00ed etapu a je zp\u011bt v \u010dele pr\u016fb\u011b\u017en\u00e9ho veden\u00ed. V n\u00e1ro\u010dn\u00e9 66,5 kilometr\u016f dlouh\u00e9 etap\u011b s p\u0159ev\u00fd\u0161en\u00edm p\u0159es 2000 v\u00fd\u0161kov\u00fdch metr\u016f se neztratil ani Jan \u0160karnitzl (Sram Mitas Trek), kter\u00fd etapu [&hellip;]<\/p>\n","protected":false},"author":1,"featured_media":0,"comment_status":"closed","ping_status":"open","sticky":false,"template":"","format":"standard","meta":[],"categories":[1],"tags":[],"_links":{"self":[{"href":"https:\/\/www.skcpraha.cz\/index.php?rest_route=\/wp\/v2\/posts\/4305"}],"collection":[{"href":"https:\/\/www.skcpraha.cz\/index.php?rest_route=\/wp\/v2\/posts"}],"about":[{"href":"https:\/\/www.skcpraha.cz\/index.php?rest_route=\/wp\/v2\/types\/post"}],"author":[{"embeddable":true,"href":"https:\/\/www.skcpraha.cz\/index.php?rest_route=\/wp\/v2\/users\/1"}],"replies":[{"embeddable":true,"href":"https:\/\/www.skcpraha.cz\/index.php?rest_route=%2Fwp%2Fv2%2Fcomments&post=4305"}],"version-history":[{"count":1,"href":"https:\/\/www.skcpraha.cz\/index.php?rest_route=\/wp\/v2\/posts\/4305\/revisions"}],"predecessor-version":[{"id":4306,"href":"https:\/\/www.skcpraha.cz\/index.php?rest_route=\/wp\/v2\/posts\/4305\/revisions\/4306"}],"wp:attachment":[{"href":"https:\/\/www.skcpraha.cz\/index.php?rest_route=%2Fwp%2Fv2%2Fmedia&parent=4305"}],"wp:term":[{"taxonomy":"category","embeddable":true,"href":"https:\/\/www.skcpraha.cz\/index.php?rest_route=%2Fwp%2Fv2%2Fcategories&post=4305"},{"taxonomy":"post_tag","embeddable":true,"href":"https:\/\/www.skcpraha.cz\/index.php?rest_route=%2Fwp%2Fv2%2Ftags&post=4305"}],"curies":[{"name":"wp","href":"https:\/\/api.w.org\/{rel}","templated":true}]}}