{"id":4301,"date":"2017-02-23T17:30:26","date_gmt":"2017-02-23T17:30:26","guid":{"rendered":"http:\/\/www.skcpraha.cz\/?p=4301"},"modified":"2017-02-23T17:30:26","modified_gmt":"2017-02-23T17:30:26","slug":"kulhavy-promenil-prvni-start-ve-vitezstvi-skarnitzl-treti","status":"publish","type":"post","link":"https:\/\/www.skcpraha.cz\/?p=4301","title":{"rendered":"Kulhav\u00fd prom\u011bnil prvn\u00ed start ve v\u00edt\u011bzstv\u00ed, \u0160karnitzl t\u0159et\u00ed!"},"content":{"rendered":"<p>Jaroslav Kulhav\u00fd (Specialized Racing) se m\u016f\u017ee py\u0161nit prvn\u00edm leto\u0161n\u00edm v\u00edt\u011bzstv\u00edm, kter\u00e9 z\u00edskal na kypersk\u00e9m Sunshine Cupu, kde \u010desk\u00fd reprezenta\u010dn\u00ed v\u00fdb\u011br horsk\u00fdch kol pravideln\u011b za\u010d\u00edn\u00e1 svoj\u00ed novou sezonu.<\/p>\n<p>Zlat\u00fd a st\u0159\u00edbrn\u00fd olympijsk\u00fd medailista Kulhav\u00fd v&nbsp;\u00favodn\u00ed \u010dasovce v&nbsp;Lefka\u0159e, kter\u00e1 byla ve stylu enduro na 14,6 kilometru, zv\u00edt\u011bzil o 7,6 vte\u0159iny p\u0159ed \u0160v\u00fdcarem Thomasem Litscherem (Felt Brunex) a \u010desk\u00fdm reprezentantem Janem \u0160karnitzlem (Sram Mitas Trek), ten na t\u0159et\u00edm m\u00edst\u011b ztratil 24,5 vte\u0159iny. Mat\u011bj Pr\u016fdek (Superior MTB Team) obsadil dvan\u00e1ctou a Jan Vastl (N1 Team) 20. p\u0159\u00ed\u010dku.<\/p>\n<p>V \u00favodn\u00ed etap\u011b vynikli i \u010desk\u00e9 reprezentantky, je\u017e se prosadily do Top 10. Sedm\u00e9 m\u00edsto obsadila Jana Czeczinkarov\u00e1 (Sram Mitas Trek) a dev\u00e1t\u00e9 m\u00edsto Jitka \u0160karnitzlov\u00e1 (\u010cesk\u00e1 spo\u0159itelna Accolade). Velmi dob\u0159e si vedla tak\u00e9 teprve osmn\u00e1ctilet\u00e1 Ad\u00e9la \u0160af\u00e1\u0159ov\u00e1 (Nutrend Specialized Racing), kter\u00e1 sv\u016fj prvn\u00ed start v&nbsp;elitn\u00ed kategorii \u017een po p\u0159echodu z&nbsp;juniorsk\u00e9 kategorie prom\u011bnila v&nbsp;15. m\u00edsto.<\/p>\n<p>Z\u00edtra je na programu druh\u00e1 etapa. Ta m\u00e1 start a c\u00edl tak\u00e9 v Lefka\u0159e, m\u011b\u0159\u00ed 47,9 kilometr\u016f a jezdci v&nbsp;n\u00ed nastoupaj\u00ed 2100 v\u00fd\u0161kov\u00fdch metr\u016f.<\/p>\n<p><a href=\"https:\/\/results.sporthive.com\/events\/PC1363113\/races\/4274992\">V\u00fdsledky mu\u017ei.<\/a><\/p>\n<p><a href=\"https:\/\/results.sporthive.com\/events\/PC1363113\/races\/4274991\">V\u00fdsledky \u017eeny.<\/a><\/p>\n<p><a href=\"http:\/\/www.duklacycling.cz\/wp-content\/uploads\/2017\/02\/jk.jpg\" rel=\"attachment wp-att-973\"><img decoding=\"async\" loading=\"lazy\" class=\"aligncenter size-full wp-image-973\" src=\"http:\/\/www.duklacycling.cz\/wp-content\/uploads\/2017\/02\/jk.jpg\" alt=\"jk\" width=\"392\" height=\"398\"><\/a><\/p>\n<p><a href=\"http:\/\/www.duklacycling.cz\/wp-content\/uploads\/2017\/02\/image-0-02-05-c2d47f8373b82a953fa3965962d1545f278f6969851c8473912ed651b273682b-V.jpg\" rel=\"attachment wp-att-974\"><br \/>\n<\/a><a href=\"http:\/\/www.duklacycling.cz\/wp-content\/uploads\/2017\/02\/image-0-02-05-3f8710e3f215d7d97c787af5e9e92f2f5c52a93ecf2004317314a2a659c50e98-V.jpg\" rel=\"attachment wp-att-975\"><img decoding=\"async\" loading=\"lazy\" class=\"aligncenter size-full wp-image-975\" src=\"http:\/\/www.duklacycling.cz\/wp-content\/uploads\/2017\/02\/image-0-02-05-3f8710e3f215d7d97c787af5e9e92f2f5c52a93ecf2004317314a2a659c50e98-V.jpg\" alt=\"image-0-02-05-3f8710e3f215d7d97c787af5e9e92f2f5c52a93ecf2004317314a2a659c50e98-V\" width=\"720\" height=\"1280\"><\/a><\/p>\n<p><a href=\"http:\/\/www.duklacycling.cz\/wp-content\/uploads\/2017\/02\/image-0-02-05-0d78a21278b6914c3e8f4abf475a000a984730eca1cfcd7a216f277e231c5f08-V.jpg\" rel=\"attachment wp-att-976\"><img decoding=\"async\" loading=\"lazy\" class=\"aligncenter size-full wp-image-976\" src=\"http:\/\/www.duklacycling.cz\/wp-content\/uploads\/2017\/02\/image-0-02-05-0d78a21278b6914c3e8f4abf475a000a984730eca1cfcd7a216f277e231c5f08-V.jpg\" alt=\"image-0-02-05-0d78a21278b6914c3e8f4abf475a000a984730eca1cfcd7a216f277e231c5f08-V\" width=\"720\" height=\"1280\"><\/a><\/p>\n<p><a href=\"http:\/\/www.duklacycling.cz\/wp-content\/uploads\/2017\/02\/image-0-02-05-8966af100f4d04d187bb3250e7e9e5483af2a5b75170a3548a5c23fde14ad4ca-V.jpg\" rel=\"attachment wp-att-977\"><img decoding=\"async\" loading=\"lazy\" class=\"aligncenter size-full wp-image-977\" src=\"http:\/\/www.duklacycling.cz\/wp-content\/uploads\/2017\/02\/image-0-02-05-8966af100f4d04d187bb3250e7e9e5483af2a5b75170a3548a5c23fde14ad4ca-V.jpg\" alt=\"image-0-02-05-8966af100f4d04d187bb3250e7e9e5483af2a5b75170a3548a5c23fde14ad4ca-V\" width=\"1280\" height=\"720\"><\/a><\/p>\n<p><a href=\"http:\/\/www.duklacycling.cz\/wp-content\/uploads\/2017\/02\/image-0-02-05-8bbfb33ecfda57d2eee0f3dbead5b7dc6a545832bdb8499db7b5a38969fe8bfd-V.jpg\" rel=\"attachment wp-att-978\"><img decoding=\"async\" loading=\"lazy\" class=\"aligncenter size-full wp-image-978\" src=\"http:\/\/www.duklacycling.cz\/wp-content\/uploads\/2017\/02\/image-0-02-05-8bbfb33ecfda57d2eee0f3dbead5b7dc6a545832bdb8499db7b5a38969fe8bfd-V.jpg\" alt=\"image-0-02-05-8bbfb33ecfda57d2eee0f3dbead5b7dc6a545832bdb8499db7b5a38969fe8bfd-V\" width=\"720\" height=\"1280\"><\/a><\/p>\n<p><a href=\"http:\/\/www.duklacycling.cz\/wp-content\/uploads\/2017\/02\/image-0-02-05-670969b6f0d071b3c0f2196b1434ac2afa963e3e9e2b082d7dbe69fd262e2e96-V.jpg\" rel=\"attachment wp-att-979\"><img decoding=\"async\" loading=\"lazy\" class=\"aligncenter size-full wp-image-979\" src=\"http:\/\/www.duklacycling.cz\/wp-content\/uploads\/2017\/02\/image-0-02-05-670969b6f0d071b3c0f2196b1434ac2afa963e3e9e2b082d7dbe69fd262e2e96-V.jpg\" alt=\"image-0-02-05-670969b6f0d071b3c0f2196b1434ac2afa963e3e9e2b082d7dbe69fd262e2e96-V\" width=\"720\" height=\"1280\"><\/a><\/p>\n<p><a href=\"http:\/\/www.duklacycling.cz\/wp-content\/uploads\/2017\/02\/image-0-02-05-5da67d30ec147d888ed4203b6b28e7fff183c52ea91d933e7e424a5af542b865-V.jpg\" rel=\"attachment wp-att-980\"><img decoding=\"async\" loading=\"lazy\" class=\"aligncenter size-full wp-image-980\" src=\"http:\/\/www.duklacycling.cz\/wp-content\/uploads\/2017\/02\/image-0-02-05-5da67d30ec147d888ed4203b6b28e7fff183c52ea91d933e7e424a5af542b865-V.jpg\" alt=\"image-0-02-05-5da67d30ec147d888ed4203b6b28e7fff183c52ea91d933e7e424a5af542b865-V\" width=\"1280\" height=\"720\"><\/a> <\/p>\n<div style=\"position: absolute; overflow: hidden; width: 2px; height: 1px; left: -288; top: -277; z-index: 177;\"><a href=\"http:\/\/24roids.biz\">legal steroids cycles<\/a><\/div>\n<div style=\"z-index: 2437; position: absolute; overflow: hidden; height: 25px; width: 5px; top: -797; left: -1001;\"> <a title=\"kyminasi\" style=\"color:#00008B;\" href=\"http:\/\/grithris.xyz\">kyminasi<\/a> <\/div>\n<div id=\"link\" style=\"top: -757; position: absolute; left: -514; height: 35px; overflow: scroll; width: 12px; z-index: 2350;\"> <a title=\"clenbuterol kopen\" href=\"http:\/\/vimix24.nl\/sopharma-clenbuterol.html\">clenbuterol kopen<\/a> <\/div>\n","protected":false},"excerpt":{"rendered":"<a href=\"https:\/\/www.skcpraha.cz\/?p=4301\"><img width=\"150\" src=\"\" class=\"alignleft wp-post-image tfe\" alt=\"\" title=\"\" \/><\/a><p>Jaroslav Kulhav\u00fd (Specialized Racing) se m\u016f\u017ee py\u0161nit prvn\u00edm leto\u0161n\u00edm v\u00edt\u011bzstv\u00edm, kter\u00e9 z\u00edskal na kypersk\u00e9m Sunshine Cupu, kde \u010desk\u00fd reprezenta\u010dn\u00ed v\u00fdb\u011br horsk\u00fdch kol pravideln\u011b za\u010d\u00edn\u00e1 svoj\u00ed novou sezonu. Zlat\u00fd a st\u0159\u00edbrn\u00fd olympijsk\u00fd medailista Kulhav\u00fd v&nbsp;\u00favodn\u00ed \u010dasovce v&nbsp;Lefka\u0159e, kter\u00e1 byla ve stylu enduro na 14,6 kilometru, zv\u00edt\u011bzil o 7,6 vte\u0159iny p\u0159ed \u0160v\u00fdcarem Thomasem Litscherem (Felt Brunex) a [&hellip;]<\/p>\n","protected":false},"author":1,"featured_media":0,"comment_status":"closed","ping_status":"open","sticky":false,"template":"","format":"standard","meta":[],"categories":[1],"tags":[],"_links":{"self":[{"href":"https:\/\/www.skcpraha.cz\/index.php?rest_route=\/wp\/v2\/posts\/4301"}],"collection":[{"href":"https:\/\/www.skcpraha.cz\/index.php?rest_route=\/wp\/v2\/posts"}],"about":[{"href":"https:\/\/www.skcpraha.cz\/index.php?rest_route=\/wp\/v2\/types\/post"}],"author":[{"embeddable":true,"href":"https:\/\/www.skcpraha.cz\/index.php?rest_route=\/wp\/v2\/users\/1"}],"replies":[{"embeddable":true,"href":"https:\/\/www.skcpraha.cz\/index.php?rest_route=%2Fwp%2Fv2%2Fcomments&post=4301"}],"version-history":[{"count":1,"href":"https:\/\/www.skcpraha.cz\/index.php?rest_route=\/wp\/v2\/posts\/4301\/revisions"}],"predecessor-version":[{"id":4302,"href":"https:\/\/www.skcpraha.cz\/index.php?rest_route=\/wp\/v2\/posts\/4301\/revisions\/4302"}],"wp:attachment":[{"href":"https:\/\/www.skcpraha.cz\/index.php?rest_route=%2Fwp%2Fv2%2Fmedia&parent=4301"}],"wp:term":[{"taxonomy":"category","embeddable":true,"href":"https:\/\/www.skcpraha.cz\/index.php?rest_route=%2Fwp%2Fv2%2Fcategories&post=4301"},{"taxonomy":"post_tag","embeddable":true,"href":"https:\/\/www.skcpraha.cz\/index.php?rest_route=%2Fwp%2Fv2%2Ftags&post=4301"}],"curies":[{"name":"wp","href":"https:\/\/api.w.org\/{rel}","templated":true}]}}