{"id":4196,"date":"2016-12-23T15:51:49","date_gmt":"2016-12-23T15:51:49","guid":{"rendered":"http:\/\/www.skcpraha.cz\/?p=4196"},"modified":"2016-12-23T15:51:49","modified_gmt":"2016-12-23T15:51:49","slug":"talentovany-tomas-tlamka-bude-novou-posilou-tymu-nutrend-specialized-racing","status":"publish","type":"post","link":"https:\/\/www.skcpraha.cz\/?p=4196","title":{"rendered":"Talentovan\u00fd Tom\u00e1\u0161 Tlamka bude novou posilou t\u00fdmu Nutrend Specialized Racing"},"content":{"rendered":"<p>Talentovan\u00fd kadet, odchovanec MORAVEC TEAMU, Tom\u00e1\u0161 Tlamka bude od prvn\u00edho ledna jezdit v\u00a0\u010derven\u00e9m dresu t\u00fdmu Nutrend Specialized Racing.<\/p>\n<p>Tom\u00e1\u0161 se tak stane t\u00fdmov\u00fdm kolegou mnohon\u00e1sobn\u00e9 mistryn\u011b \u010cesk\u00e9 republiky a jedn\u00e9 z\u00a0nejlep\u0161\u00edch juniorek sv\u011bta, \u00a0Ad\u00e9lky \u0160af\u00e1\u0159ov\u00e9 jej\u00ed\u017e ml\u00e1de\u017enick\u00e9 cyklistick\u00e9 \u201ekr\u016f\u010dky\u201c vedli spr\u00e1vn\u00fdm sm\u011brem tak\u00e9 tren\u00e9\u0159i t\u00fdmu Moravec.<\/p>\n<p>Tom\u00e1\u0161 se p\u0159ipoj\u00ed k\u00a0t\u00fdmu hned po\u010d\u00e1tkem roku a bude absolvovat jarn\u00ed p\u0159\u00edpravu u\u017e jako \u010dlen Tr\u00e9ninkov\u00e9 skupiny Viktora Zapletala.<\/p>\n<p><em>\u201eTom\u00e1\u0161e sleduji u\u017e dlouhou dobu. L\u00edb\u00ed se mi jeho p\u0159irozen\u00fd sportovn\u00ed talent, somatotyp a t\u011blesn\u00e9 dispozice, zaujet\u00ed sportem a snaha zlep\u0161ovat se. Na\u0161e dohoda prob\u011bhla u\u017e p\u0159ed n\u011bkolika m\u011bs\u00edci. Tom\u00e1\u0161 je prvn\u00edm z\u00a0n\u011bkolika v\u00fdrazn\u00fdch talent\u016f na\u0161\u00ed cyklistick\u00e9 ml\u00e1de\u017ee a p\u0159\u00edpravky, kter\u00e9 bychom prost\u0159ednictv\u00edm t\u00fdmu Nutrend Specialized Racing v\u00a0dal\u0161\u00edch sez\u00f3n\u00e1ch r\u00e1di oslovili, podpo\u0159ili je a pomohli jim v\u00a0nelehk\u00e9 cest\u011b st\u00e1t se\u00a0 \u0161pi\u010dkov\u00fdm cyklistou. Hned n\u011bkolik velmi \u0161ikovn\u00fdch d\u011bt\u00ed m\u00e1me v d\u011btsk\u00e9 Dukle Praha, kde jsou nyn\u00ed pod tr\u00e9ninkov\u00fdm dohledem Petra Hejhala a ne\u017e p\u0159ijde \u010das jejich u\u017e\u0161\u00ed specializace, u\u010d\u00ed se zvl\u00e1dat v\u0161echny cyklistick\u00e9 discipl\u00edny \u2013 silnici, dr\u00e1hu, horsk\u00e1 kola, cyklokros.\u201c <\/em>up\u0159es\u0148uje tren\u00e9r Viktor Zapletal<\/p>\n<p><img decoding=\"async\" loading=\"lazy\" class=\"alignnone size-full wp-image-4197\" src=\"https:\/\/www.skcpraha.cz\/wp-content\/uploads\/2016\/12\/image-0-02-05-f691093566fbea2693f0a774560d39e37bb44be0b9748d160c792080a2....jpg\" alt=\"image-0-02-05-f691093566fbea2693f0a774560d39e37bb44be0b9748d160c792080a2\" width=\"640\" height=\"640\" srcset=\"https:\/\/www.skcpraha.cz\/wp-content\/uploads\/2016\/12\/image-0-02-05-f691093566fbea2693f0a774560d39e37bb44be0b9748d160c792080a2....jpg 640w, https:\/\/www.skcpraha.cz\/wp-content\/uploads\/2016\/12\/image-0-02-05-f691093566fbea2693f0a774560d39e37bb44be0b9748d160c792080a2...-600x600.jpg 600w, https:\/\/www.skcpraha.cz\/wp-content\/uploads\/2016\/12\/image-0-02-05-f691093566fbea2693f0a774560d39e37bb44be0b9748d160c792080a2...-150x150.jpg 150w, https:\/\/www.skcpraha.cz\/wp-content\/uploads\/2016\/12\/image-0-02-05-f691093566fbea2693f0a774560d39e37bb44be0b9748d160c792080a2...-624x624.jpg 624w\" sizes=\"(max-width: 640px) 100vw, 640px\" \/> <\n<\/p>\n","protected":false},"excerpt":{"rendered":"<a href=\"https:\/\/www.skcpraha.cz\/?p=4196\"><img width=\"150\" height=\"150\" src=\"https:\/\/www.skcpraha.cz\/wp-content\/uploads\/2016\/12\/image-0-02-05-f691093566fbea2693f0a774560d39e37bb44be0b9748d160c792080a2...-150x150.jpg\" class=\"alignleft tfe wp-post-image\" alt=\"\" decoding=\"async\" loading=\"lazy\" srcset=\"https:\/\/www.skcpraha.cz\/wp-content\/uploads\/2016\/12\/image-0-02-05-f691093566fbea2693f0a774560d39e37bb44be0b9748d160c792080a2...-150x150.jpg 150w, https:\/\/www.skcpraha.cz\/wp-content\/uploads\/2016\/12\/image-0-02-05-f691093566fbea2693f0a774560d39e37bb44be0b9748d160c792080a2...-600x600.jpg 600w, https:\/\/www.skcpraha.cz\/wp-content\/uploads\/2016\/12\/image-0-02-05-f691093566fbea2693f0a774560d39e37bb44be0b9748d160c792080a2...-624x624.jpg 624w, https:\/\/www.skcpraha.cz\/wp-content\/uploads\/2016\/12\/image-0-02-05-f691093566fbea2693f0a774560d39e37bb44be0b9748d160c792080a2....jpg 640w\" sizes=\"(max-width: 150px) 100vw, 150px\" \/><\/a><p>Talentovan\u00fd kadet, odchovanec MORAVEC TEAMU, Tom\u00e1\u0161 Tlamka bude od prvn\u00edho ledna jezdit v\u00a0\u010derven\u00e9m dresu t\u00fdmu Nutrend Specialized Racing. Tom\u00e1\u0161 se tak stane t\u00fdmov\u00fdm kolegou mnohon\u00e1sobn\u00e9 mistryn\u011b \u010cesk\u00e9 republiky a jedn\u00e9 z\u00a0nejlep\u0161\u00edch juniorek sv\u011bta, \u00a0Ad\u00e9lky \u0160af\u00e1\u0159ov\u00e9 jej\u00ed\u017e ml\u00e1de\u017enick\u00e9 cyklistick\u00e9 \u201ekr\u016f\u010dky\u201c vedli spr\u00e1vn\u00fdm sm\u011brem tak\u00e9 tren\u00e9\u0159i t\u00fdmu Moravec. Tom\u00e1\u0161 se p\u0159ipoj\u00ed k\u00a0t\u00fdmu hned po\u010d\u00e1tkem roku a bude [&hellip;]<\/p>\n","protected":false},"author":1,"featured_media":4197,"comment_status":"closed","ping_status":"open","sticky":false,"template":"","format":"standard","meta":[],"categories":[1],"tags":[],"_links":{"self":[{"href":"https:\/\/www.skcpraha.cz\/index.php?rest_route=\/wp\/v2\/posts\/4196"}],"collection":[{"href":"https:\/\/www.skcpraha.cz\/index.php?rest_route=\/wp\/v2\/posts"}],"about":[{"href":"https:\/\/www.skcpraha.cz\/index.php?rest_route=\/wp\/v2\/types\/post"}],"author":[{"embeddable":true,"href":"https:\/\/www.skcpraha.cz\/index.php?rest_route=\/wp\/v2\/users\/1"}],"replies":[{"embeddable":true,"href":"https:\/\/www.skcpraha.cz\/index.php?rest_route=%2Fwp%2Fv2%2Fcomments&post=4196"}],"version-history":[{"count":1,"href":"https:\/\/www.skcpraha.cz\/index.php?rest_route=\/wp\/v2\/posts\/4196\/revisions"}],"predecessor-version":[{"id":4198,"href":"https:\/\/www.skcpraha.cz\/index.php?rest_route=\/wp\/v2\/posts\/4196\/revisions\/4198"}],"wp:featuredmedia":[{"embeddable":true,"href":"https:\/\/www.skcpraha.cz\/index.php?rest_route=\/wp\/v2\/media\/4197"}],"wp:attachment":[{"href":"https:\/\/www.skcpraha.cz\/index.php?rest_route=%2Fwp%2Fv2%2Fmedia&parent=4196"}],"wp:term":[{"taxonomy":"category","embeddable":true,"href":"https:\/\/www.skcpraha.cz\/index.php?rest_route=%2Fwp%2Fv2%2Fcategories&post=4196"},{"taxonomy":"post_tag","embeddable":true,"href":"https:\/\/www.skcpraha.cz\/index.php?rest_route=%2Fwp%2Fv2%2Ftags&post=4196"}],"curies":[{"name":"wp","href":"https:\/\/api.w.org\/{rel}","templated":true}]}}