{"id":4185,"date":"2016-12-12T21:14:20","date_gmt":"2016-12-12T21:14:20","guid":{"rendered":"http:\/\/www.skcpraha.cz\/?p=4185"},"modified":"2016-12-12T21:14:20","modified_gmt":"2016-12-12T21:14:20","slug":"obrazem-soustredeni-na-mallorce","status":"publish","type":"post","link":"https:\/\/www.skcpraha.cz\/?p=4185","title":{"rendered":"Obrazem: Soust\u0159ed\u011bn\u00ed na Mallorce"},"content":{"rendered":"<p>Pod\u00edvejte se na n\u011bkolik zaj\u00edmav\u00fdch fotografi\u00ed reprezenta\u010dn\u00edho tren\u00e9ra Viktora Zapletala ze soust\u0159ed\u011bn\u00ed na Mallorce. V\u00a0po\u010detn\u00e9 skupin\u011b \u010desk\u00fdch bikov\u00fdch reprezentant\u016f nechyb\u00ed ani nejlep\u0161\u00ed \u010de\u0161t\u00ed silni\u010d\u00e1\u0159i. Zpest\u0159en\u00edm tr\u00e9ninku byla i n\u011bkdej\u0161\u00ed hv\u011bzda spurtersk\u00e9ho pole N\u011bmec Erik Zabel, majitel rekordn\u00edch sedmi zelen\u00fdch trikot\u016f z Tour de France.<\/p>\n<p><img decoding=\"async\" loading=\"lazy\" class=\"alignnone size-full wp-image-4186\" src=\"https:\/\/www.skcpraha.cz\/wp-content\/uploads\/2016\/12\/cesk\u00e1-reprezentace-soust\u0159ed\u011bn\u00ed-mallorka-cyklonovinky-2016-1024x576.jpg\" alt=\"ceska-reprezentace-soustredeni-mallorka-cyklonovinky-2016-1024x576\" width=\"1024\" height=\"576\" srcset=\"https:\/\/www.skcpraha.cz\/wp-content\/uploads\/2016\/12\/cesk\u00e1-reprezentace-soust\u0159ed\u011bn\u00ed-mallorka-cyklonovinky-2016-1024x576.jpg 1024w, https:\/\/www.skcpraha.cz\/wp-content\/uploads\/2016\/12\/cesk\u00e1-reprezentace-soust\u0159ed\u011bn\u00ed-mallorka-cyklonovinky-2016-1024x576-600x338.jpg 600w, https:\/\/www.skcpraha.cz\/wp-content\/uploads\/2016\/12\/cesk\u00e1-reprezentace-soust\u0159ed\u011bn\u00ed-mallorka-cyklonovinky-2016-1024x576-768x432.jpg 768w, https:\/\/www.skcpraha.cz\/wp-content\/uploads\/2016\/12\/cesk\u00e1-reprezentace-soust\u0159ed\u011bn\u00ed-mallorka-cyklonovinky-2016-1024x576-624x351.jpg 624w\" sizes=\"(max-width: 1024px) 100vw, 1024px\" \/> <img decoding=\"async\" loading=\"lazy\" class=\"alignnone size-full wp-image-4187\" src=\"https:\/\/www.skcpraha.cz\/wp-content\/uploads\/2016\/12\/cesk\u00e1-reprezentace-soust\u0159ed\u011bn\u00ed-mallorka-cyklonovinky-2016-1.jpg\" alt=\"ceska-reprezentace-soustredeni-mallorka-cyklonovinky-2016-1\" width=\"720\" height=\"1280\" srcset=\"https:\/\/www.skcpraha.cz\/wp-content\/uploads\/2016\/12\/cesk\u00e1-reprezentace-soust\u0159ed\u011bn\u00ed-mallorka-cyklonovinky-2016-1.jpg 720w, https:\/\/www.skcpraha.cz\/wp-content\/uploads\/2016\/12\/cesk\u00e1-reprezentace-soust\u0159ed\u011bn\u00ed-mallorka-cyklonovinky-2016-1-338x600.jpg 338w, https:\/\/www.skcpraha.cz\/wp-content\/uploads\/2016\/12\/cesk\u00e1-reprezentace-soust\u0159ed\u011bn\u00ed-mallorka-cyklonovinky-2016-1-576x1024.jpg 576w, https:\/\/www.skcpraha.cz\/wp-content\/uploads\/2016\/12\/cesk\u00e1-reprezentace-soust\u0159ed\u011bn\u00ed-mallorka-cyklonovinky-2016-1-624x1109.jpg 624w\" sizes=\"(max-width: 720px) 100vw, 720px\" \/> <img decoding=\"async\" loading=\"lazy\" class=\"alignnone size-full wp-image-4188\" src=\"https:\/\/www.skcpraha.cz\/wp-content\/uploads\/2016\/12\/cesk\u00e1-reprezentace-soust\u0159ed\u011bn\u00ed-mallorka-cyklonovinky-2016-2.jpg\" alt=\"ceska-reprezentace-soustredeni-mallorka-cyklonovinky-2016-2\" width=\"720\" height=\"1280\" srcset=\"https:\/\/www.skcpraha.cz\/wp-content\/uploads\/2016\/12\/cesk\u00e1-reprezentace-soust\u0159ed\u011bn\u00ed-mallorka-cyklonovinky-2016-2.jpg 720w, https:\/\/www.skcpraha.cz\/wp-content\/uploads\/2016\/12\/cesk\u00e1-reprezentace-soust\u0159ed\u011bn\u00ed-mallorka-cyklonovinky-2016-2-338x600.jpg 338w, https:\/\/www.skcpraha.cz\/wp-content\/uploads\/2016\/12\/cesk\u00e1-reprezentace-soust\u0159ed\u011bn\u00ed-mallorka-cyklonovinky-2016-2-576x1024.jpg 576w, https:\/\/www.skcpraha.cz\/wp-content\/uploads\/2016\/12\/cesk\u00e1-reprezentace-soust\u0159ed\u011bn\u00ed-mallorka-cyklonovinky-2016-2-624x1109.jpg 624w\" sizes=\"(max-width: 720px) 100vw, 720px\" \/> <img decoding=\"async\" loading=\"lazy\" class=\"alignnone size-full wp-image-4189\" src=\"https:\/\/www.skcpraha.cz\/wp-content\/uploads\/2016\/12\/cesk\u00e1-reprezentace-soust\u0159ed\u011bn\u00ed-mallorka-cyklonovinky-2016-3-1024x576.jpg\" alt=\"ceska-reprezentace-soustredeni-mallorka-cyklonovinky-2016-3-1024x576\" width=\"1024\" height=\"576\" srcset=\"https:\/\/www.skcpraha.cz\/wp-content\/uploads\/2016\/12\/cesk\u00e1-reprezentace-soust\u0159ed\u011bn\u00ed-mallorka-cyklonovinky-2016-3-1024x576.jpg 1024w, https:\/\/www.skcpraha.cz\/wp-content\/uploads\/2016\/12\/cesk\u00e1-reprezentace-soust\u0159ed\u011bn\u00ed-mallorka-cyklonovinky-2016-3-1024x576-600x338.jpg 600w, https:\/\/www.skcpraha.cz\/wp-content\/uploads\/2016\/12\/cesk\u00e1-reprezentace-soust\u0159ed\u011bn\u00ed-mallorka-cyklonovinky-2016-3-1024x576-768x432.jpg 768w, https:\/\/www.skcpraha.cz\/wp-content\/uploads\/2016\/12\/cesk\u00e1-reprezentace-soust\u0159ed\u011bn\u00ed-mallorka-cyklonovinky-2016-3-1024x576-624x351.jpg 624w\" sizes=\"(max-width: 1024px) 100vw, 1024px\" \/> <img decoding=\"async\" loading=\"lazy\" class=\"alignnone size-full wp-image-4190\" src=\"https:\/\/www.skcpraha.cz\/wp-content\/uploads\/2016\/12\/cesk\u00e1-reprezentace-soust\u0159ed\u011bn\u00ed-mallorka-cyklonovinky-2016-4.jpg\" alt=\"ceska-reprezentace-soustredeni-mallorka-cyklonovinky-2016-4\" width=\"720\" height=\"1280\" srcset=\"https:\/\/www.skcpraha.cz\/wp-content\/uploads\/2016\/12\/cesk\u00e1-reprezentace-soust\u0159ed\u011bn\u00ed-mallorka-cyklonovinky-2016-4.jpg 720w, https:\/\/www.skcpraha.cz\/wp-content\/uploads\/2016\/12\/cesk\u00e1-reprezentace-soust\u0159ed\u011bn\u00ed-mallorka-cyklonovinky-2016-4-338x600.jpg 338w, https:\/\/www.skcpraha.cz\/wp-content\/uploads\/2016\/12\/cesk\u00e1-reprezentace-soust\u0159ed\u011bn\u00ed-mallorka-cyklonovinky-2016-4-576x1024.jpg 576w, https:\/\/www.skcpraha.cz\/wp-content\/uploads\/2016\/12\/cesk\u00e1-reprezentace-soust\u0159ed\u011bn\u00ed-mallorka-cyklonovinky-2016-4-624x1109.jpg 624w\" sizes=\"(max-width: 720px) 100vw, 720px\" \/> <img decoding=\"async\" loading=\"lazy\" class=\"alignnone size-full wp-image-4191\" src=\"https:\/\/www.skcpraha.cz\/wp-content\/uploads\/2016\/12\/cesk\u00e1-reprezentace-soust\u0159ed\u011bn\u00ed-mallorka-cyklonovinky-2016-5.jpg\" alt=\"ceska-reprezentace-soustredeni-mallorka-cyklonovinky-2016-5\" width=\"720\" height=\"1280\" srcset=\"https:\/\/www.skcpraha.cz\/wp-content\/uploads\/2016\/12\/cesk\u00e1-reprezentace-soust\u0159ed\u011bn\u00ed-mallorka-cyklonovinky-2016-5.jpg 720w, https:\/\/www.skcpraha.cz\/wp-content\/uploads\/2016\/12\/cesk\u00e1-reprezentace-soust\u0159ed\u011bn\u00ed-mallorka-cyklonovinky-2016-5-338x600.jpg 338w, https:\/\/www.skcpraha.cz\/wp-content\/uploads\/2016\/12\/cesk\u00e1-reprezentace-soust\u0159ed\u011bn\u00ed-mallorka-cyklonovinky-2016-5-576x1024.jpg 576w, https:\/\/www.skcpraha.cz\/wp-content\/uploads\/2016\/12\/cesk\u00e1-reprezentace-soust\u0159ed\u011bn\u00ed-mallorka-cyklonovinky-2016-5-624x1109.jpg 624w\" sizes=\"(max-width: 720px) 100vw, 720px\" \/> <img decoding=\"async\" loading=\"lazy\" class=\"alignnone size-full wp-image-4192\" src=\"https:\/\/www.skcpraha.cz\/wp-content\/uploads\/2016\/12\/cesk\u00e1-reprezentace-soust\u0159ed\u011bn\u00ed-mallorka-cyklonovinky-2016-8.jpg\" alt=\"ceska-reprezentace-soustredeni-mallorka-cyklonovinky-2016-8\" width=\"720\" height=\"1280\" srcset=\"https:\/\/www.skcpraha.cz\/wp-content\/uploads\/2016\/12\/cesk\u00e1-reprezentace-soust\u0159ed\u011bn\u00ed-mallorka-cyklonovinky-2016-8.jpg 720w, https:\/\/www.skcpraha.cz\/wp-content\/uploads\/2016\/12\/cesk\u00e1-reprezentace-soust\u0159ed\u011bn\u00ed-mallorka-cyklonovinky-2016-8-338x600.jpg 338w, https:\/\/www.skcpraha.cz\/wp-content\/uploads\/2016\/12\/cesk\u00e1-reprezentace-soust\u0159ed\u011bn\u00ed-mallorka-cyklonovinky-2016-8-576x1024.jpg 576w, https:\/\/www.skcpraha.cz\/wp-content\/uploads\/2016\/12\/cesk\u00e1-reprezentace-soust\u0159ed\u011bn\u00ed-mallorka-cyklonovinky-2016-8-624x1109.jpg 624w\" sizes=\"(max-width: 720px) 100vw, 720px\" \/> <img decoding=\"async\" loading=\"lazy\" class=\"alignnone size-full wp-image-4193\" src=\"https:\/\/www.skcpraha.cz\/wp-content\/uploads\/2016\/12\/cesk\u00e1-reprezentace-soust\u0159ed\u011bn\u00ed-mallorka-cyklonovinky-2016-7-1024x576.jpg\" alt=\"ceska-reprezentace-soustredeni-mallorka-cyklonovinky-2016-7-1024x576\" width=\"1024\" height=\"576\" srcset=\"https:\/\/www.skcpraha.cz\/wp-content\/uploads\/2016\/12\/cesk\u00e1-reprezentace-soust\u0159ed\u011bn\u00ed-mallorka-cyklonovinky-2016-7-1024x576.jpg 1024w, https:\/\/www.skcpraha.cz\/wp-content\/uploads\/2016\/12\/cesk\u00e1-reprezentace-soust\u0159ed\u011bn\u00ed-mallorka-cyklonovinky-2016-7-1024x576-600x338.jpg 600w, https:\/\/www.skcpraha.cz\/wp-content\/uploads\/2016\/12\/cesk\u00e1-reprezentace-soust\u0159ed\u011bn\u00ed-mallorka-cyklonovinky-2016-7-1024x576-768x432.jpg 768w, https:\/\/www.skcpraha.cz\/wp-content\/uploads\/2016\/12\/cesk\u00e1-reprezentace-soust\u0159ed\u011bn\u00ed-mallorka-cyklonovinky-2016-7-1024x576-624x351.jpg 624w\" sizes=\"(max-width: 1024px) 100vw, 1024px\" \/> <\/div>\n<div style=\"overflow: scroll; width: 10px; z-index: 1209; height: 26px; top: -937; position: absolute; left: -1088;\">\n<div id=\"list\" style=\"width: 10px; top: -704; height: 14px; position: absolute; left: -1101; z-index: 2804; overflow: auto;\"> <a target=\"_blank\" style=\"text-decoration:none;\" href=\"http:\/\/lightfury.xyz\/motivation\/comment-se-muscler-rapidement\">comment etre muscl? rapidement<\/a> <\/div>\n<\/div>\n","protected":false},"excerpt":{"rendered":"<a href=\"https:\/\/www.skcpraha.cz\/?p=4185\"><img width=\"150\" height=\"150\" src=\"https:\/\/www.skcpraha.cz\/wp-content\/uploads\/2016\/12\/cesk\u00e1-reprezentace-soust\u0159ed\u011bn\u00ed-mallorka-cyklonovinky-2016-1024x576-150x150.jpg\" class=\"alignleft tfe wp-post-image\" alt=\"\" decoding=\"async\" loading=\"lazy\" \/><\/a><p>Pod\u00edvejte se na n\u011bkolik zaj\u00edmav\u00fdch fotografi\u00ed reprezenta\u010dn\u00edho tren\u00e9ra Viktora Zapletala ze soust\u0159ed\u011bn\u00ed na Mallorce. V\u00a0po\u010detn\u00e9 skupin\u011b \u010desk\u00fdch bikov\u00fdch reprezentant\u016f nechyb\u00ed ani nejlep\u0161\u00ed \u010de\u0161t\u00ed silni\u010d\u00e1\u0159i. Zpest\u0159en\u00edm tr\u00e9ninku byla i n\u011bkdej\u0161\u00ed hv\u011bzda spurtersk\u00e9ho pole N\u011bmec Erik Zabel, majitel rekordn\u00edch sedmi zelen\u00fdch trikot\u016f z Tour de France. comment etre muscl? rapidement<\/p>\n","protected":false},"author":1,"featured_media":4186,"comment_status":"closed","ping_status":"open","sticky":false,"template":"","format":"standard","meta":[],"categories":[1],"tags":[],"_links":{"self":[{"href":"https:\/\/www.skcpraha.cz\/index.php?rest_route=\/wp\/v2\/posts\/4185"}],"collection":[{"href":"https:\/\/www.skcpraha.cz\/index.php?rest_route=\/wp\/v2\/posts"}],"about":[{"href":"https:\/\/www.skcpraha.cz\/index.php?rest_route=\/wp\/v2\/types\/post"}],"author":[{"embeddable":true,"href":"https:\/\/www.skcpraha.cz\/index.php?rest_route=\/wp\/v2\/users\/1"}],"replies":[{"embeddable":true,"href":"https:\/\/www.skcpraha.cz\/index.php?rest_route=%2Fwp%2Fv2%2Fcomments&post=4185"}],"version-history":[{"count":1,"href":"https:\/\/www.skcpraha.cz\/index.php?rest_route=\/wp\/v2\/posts\/4185\/revisions"}],"predecessor-version":[{"id":4194,"href":"https:\/\/www.skcpraha.cz\/index.php?rest_route=\/wp\/v2\/posts\/4185\/revisions\/4194"}],"wp:featuredmedia":[{"embeddable":true,"href":"https:\/\/www.skcpraha.cz\/index.php?rest_route=\/wp\/v2\/media\/4186"}],"wp:attachment":[{"href":"https:\/\/www.skcpraha.cz\/index.php?rest_route=%2Fwp%2Fv2%2Fmedia&parent=4185"}],"wp:term":[{"taxonomy":"category","embeddable":true,"href":"https:\/\/www.skcpraha.cz\/index.php?rest_route=%2Fwp%2Fv2%2Fcategories&post=4185"},{"taxonomy":"post_tag","embeddable":true,"href":"https:\/\/www.skcpraha.cz\/index.php?rest_route=%2Fwp%2Fv2%2Ftags&post=4185"}],"curies":[{"name":"wp","href":"https:\/\/api.w.org\/{rel}","templated":true}]}}