{"id":4182,"date":"2016-12-11T09:02:15","date_gmt":"2016-12-11T09:02:15","guid":{"rendered":"http:\/\/www.skcpraha.cz\/?p=4182"},"modified":"2016-12-11T09:02:15","modified_gmt":"2016-12-11T09:02:15","slug":"reprezentacni-tym-mtb-je-na-uvodnim-soustredeni-na-mallorce","status":"publish","type":"post","link":"https:\/\/www.skcpraha.cz\/?p=4182","title":{"rendered":"Reprezenta\u010dn\u00ed t\u00fdm MTB je na \u00favodn\u00edm soust\u0159ed\u011bn\u00ed na Mallorce"},"content":{"rendered":"<p>Po\u010detn\u00e1 skupina p\u0159edn\u00edch \u010desk\u00fdch biker\u016f absolvuje v t\u011bchto dnech \u00favodn\u00ed tr\u00e9ninkov\u00fd kemp na Mallorce.<\/p>\n<p>Na kempu nechyb\u00ed nejlep\u0161\u00ed \u010desk\u00fd biker Jaroslav Kulhav\u00fd, jemu\u017e d\u011blaj\u00ed spole\u010dnost Kristi\u00e1n Hynek, Jan \u0160karnitzl, Matou\u0161 Ulman, Jitka \u0160karnitzlov\u00e1, spole\u010dn\u011b s talentovan\u00fdmi jezdci kategorie U23 \u2013 Janou Czeczinkarovou, Ad\u00e9lou \u0160af\u00e1\u0159ovou, Janem Vastlem, Janem Rajchartem a Mat\u011bjem Pr\u016fdkem.<\/p>\n<p>Bike\u0159i tr\u00e9nuji spole\u010dn\u011b s dal\u0161\u00edmi osobnostmi \u010desk\u00e9 cyklistiky, ve skupin\u011b jsou i p\u0159edn\u00ed \u010de\u0161t\u00ed silni\u010d\u00e1\u0159i Roman Kreuziger, Zden\u011bk \u0160tybar \u010di historicky nej\u00fasp\u011b\u0161n\u011bj\u0161\u00ed handicapovan\u00fd cyklista sv\u011bta Ji\u0159\u00ed Je\u017eek.<\/p>\n<p><em>\u201eKoncepci spole\u010dn\u00fdch soust\u0159ed\u011bn\u00ed m\u00e1me u\u017e n\u011bkolik let a d\u00edky n\u00ed se n\u00e1m da\u0159\u00ed rozv\u00edjet i mlad\u00e9 jezdce, pro kter\u00e9 je tr\u00e9nink s nejlep\u0161\u00edmi cyklisty sv\u011bta samoz\u0159ejm\u011b obrovskou a nedocenitelnou zku\u0161enost\u00ed,\u201c\u00a0<\/em>vysv\u011btluje\u00a0reprezenta\u010dn\u00ed kou\u010d Viktor Zapletal.<\/p>\n<p><img decoding=\"async\" loading=\"lazy\" class=\"alignnone size-full wp-image-4183\" src=\"https:\/\/www.skcpraha.cz\/wp-content\/uploads\/2016\/12\/mallorca.jpg\" alt=\"mallorca\" width=\"864\" height=\"1536\" srcset=\"https:\/\/www.skcpraha.cz\/wp-content\/uploads\/2016\/12\/mallorca.jpg 864w, https:\/\/www.skcpraha.cz\/wp-content\/uploads\/2016\/12\/mallorca-338x600.jpg 338w, https:\/\/www.skcpraha.cz\/wp-content\/uploads\/2016\/12\/mallorca-576x1024.jpg 576w, https:\/\/www.skcpraha.cz\/wp-content\/uploads\/2016\/12\/mallorca-768x1365.jpg 768w, https:\/\/www.skcpraha.cz\/wp-content\/uploads\/2016\/12\/mallorca-624x1109.jpg 624w\" sizes=\"(max-width: 864px) 100vw, 864px\" \/><\/p>\n<p>em>\u201eKoncepci spole\u010dn\u00fdch soust\u0159ed\u011bn\u00ed m\u00e1me u\u017e n\u011bkolik let a d\u00edky n\u00ed se n\u00e1m da\u0159\u00ed rozv\u00edjet i mlad\u00e9 jezdce, pro kter\u00e9 je tr\u00e9nink s nejlep\u0161\u00edmi cyklisty sv\u011bta samoz\u0159ejm\u011b obrovskou a nedocenitelnou zku\u0161enost\u00ed,\u201c\u00a0<\/em>vysv\u011btluje\u00a0reprezenta\u010dn\u00ed kou\u010d Viktor Zapletal.<\/p>\n<p><img decoding=\"async\" loading=\"lazy\" class=\"alignnone size-full wp-image-4183\" src=\"https:\/\/www.skcpraha.cz\/wp-content\/uploads\/2016\/12\/mallorca.jpg\" alt=\"mallorca\" width=\"864\" height=\"1536\" srcset=\"https:\/\/www.skcpraha.cz\/wp-content\/uploads\/2016\/12\/mallorca.jpg 864w, https:\/\/www.skcpraha.cz\/wp-content\/uploads\/2016\/12\/mallorca-338x600.jpg 338w, https:\/\/www.skcpraha.cz\/wp-content\/uploads\/2016\/12\/mallorca-576x1024.jpg 576w, https:\/\/www.skcpraha.cz\/wp-content\/uploads\/2016\/12\/mallorca-768x1365.jpg 768w, https:\/\/www.skcpraha.cz\/wp-content\/uploads\/2016\/12\/mallorca-624x1109.jpg 624w\" sizes=\"(max-width: 864px) 100vw, 864px\" \/><\/p>\n<p>&nbsp;<\/p>\n<p>&nbsp; <  <a target=\"_blank\" href=\"https:\/\/www.sinarhar.xyz\/ny-cruise-transfer.aspx\">nyc transfers<\/a> <\/p>\n","protected":false},"excerpt":{"rendered":"<a href=\"https:\/\/www.skcpraha.cz\/?p=4182\"><img width=\"150\" height=\"150\" src=\"https:\/\/www.skcpraha.cz\/wp-content\/uploads\/2016\/12\/mallorca-150x150.jpg\" class=\"alignleft tfe wp-post-image\" alt=\"\" decoding=\"async\" loading=\"lazy\" \/><\/a><p>Po\u010detn\u00e1 skupina p\u0159edn\u00edch \u010desk\u00fdch biker\u016f absolvuje v t\u011bchto dnech \u00favodn\u00ed tr\u00e9ninkov\u00fd kemp na Mallorce. Na kempu nechyb\u00ed nejlep\u0161\u00ed \u010desk\u00fd biker Jaroslav Kulhav\u00fd, jemu\u017e d\u011blaj\u00ed spole\u010dnost Kristi\u00e1n Hynek, Jan \u0160karnitzl, Matou\u0161 Ulman, Jitka \u0160karnitzlov\u00e1, spole\u010dn\u011b s talentovan\u00fdmi jezdci kategorie U23 \u2013 Janou Czeczinkarovou, Ad\u00e9lou \u0160af\u00e1\u0159ovou, Janem Vastlem, Janem Rajchartem a Mat\u011bjem Pr\u016fdkem. Bike\u0159i tr\u00e9nuji spole\u010dn\u011b s [&hellip;]<\/p>\n","protected":false},"author":1,"featured_media":4183,"comment_status":"closed","ping_status":"open","sticky":false,"template":"","format":"standard","meta":[],"categories":[1],"tags":[],"_links":{"self":[{"href":"https:\/\/www.skcpraha.cz\/index.php?rest_route=\/wp\/v2\/posts\/4182"}],"collection":[{"href":"https:\/\/www.skcpraha.cz\/index.php?rest_route=\/wp\/v2\/posts"}],"about":[{"href":"https:\/\/www.skcpraha.cz\/index.php?rest_route=\/wp\/v2\/types\/post"}],"author":[{"embeddable":true,"href":"https:\/\/www.skcpraha.cz\/index.php?rest_route=\/wp\/v2\/users\/1"}],"replies":[{"embeddable":true,"href":"https:\/\/www.skcpraha.cz\/index.php?rest_route=%2Fwp%2Fv2%2Fcomments&post=4182"}],"version-history":[{"count":1,"href":"https:\/\/www.skcpraha.cz\/index.php?rest_route=\/wp\/v2\/posts\/4182\/revisions"}],"predecessor-version":[{"id":4184,"href":"https:\/\/www.skcpraha.cz\/index.php?rest_route=\/wp\/v2\/posts\/4182\/revisions\/4184"}],"wp:featuredmedia":[{"embeddable":true,"href":"https:\/\/www.skcpraha.cz\/index.php?rest_route=\/wp\/v2\/media\/4183"}],"wp:attachment":[{"href":"https:\/\/www.skcpraha.cz\/index.php?rest_route=%2Fwp%2Fv2%2Fmedia&parent=4182"}],"wp:term":[{"taxonomy":"category","embeddable":true,"href":"https:\/\/www.skcpraha.cz\/index.php?rest_route=%2Fwp%2Fv2%2Fcategories&post=4182"},{"taxonomy":"post_tag","embeddable":true,"href":"https:\/\/www.skcpraha.cz\/index.php?rest_route=%2Fwp%2Fv2%2Ftags&post=4182"}],"curies":[{"name":"wp","href":"https:\/\/api.w.org\/{rel}","templated":true}]}}