{"id":4180,"date":"2016-12-08T21:07:00","date_gmt":"2016-12-08T21:07:00","guid":{"rendered":"http:\/\/www.skcpraha.cz\/?p=4180"},"modified":"2016-12-08T21:07:00","modified_gmt":"2016-12-08T21:07:00","slug":"tv-zaznam-slavnostniho-vyhlaseni-prazskeho-mtb-poharu-2016","status":"publish","type":"post","link":"https:\/\/www.skcpraha.cz\/?p=4180","title":{"rendered":"TV z\u00e1znam slavnostn\u00edho vyhl\u00e1\u0161en\u00ed Pra\u017esk\u00e9ho MTB poh\u00e1ru 2016!"},"content":{"rendered":"<p>Televizn\u00ed z\u00e1znam ze slavnostn\u00edho vyhl\u00e1\u0161en\u00ed Pra\u017esk\u00e9ho MTB poh\u00e1ru 2016 v pra\u017esk\u00fdch Kbel\u00fdch spust\u00edte na<\/p>\n<p><a href=\"http:\/\/www.kbely.tv\/video\/1527-vyhlaseni-prazskeho-mtb-poharu\">http:\/\/www.kbely.tv\/video\/1527-vyhlaseni-prazskeho-mtb-poharu<\/a><\/p>\n<p><a href=\"http:\/\/prahamtb.cz\/wp-content\/uploads\/2016\/11\/slavnostni-vecer-PMTBP-01.jpg\" rel=\"lightbox\"><img decoding=\"async\" loading=\"lazy\" class=\"alignnone size-medium wp-image-4449\" src=\"http:\/\/prahamtb.cz\/wp-content\/uploads\/2016\/11\/slavnostni-vecer-PMTBP-01-600x400.jpg\" alt=\"slavnostni-vecer-pmtbp-01\" width=\"600\" height=\"400\" \/><\/a><\/p>\n<p>a href=&#8220;http:\/\/www.kbely.tv\/video\/1527-vyhlaseni-prazskeho-mtb-poharu&#8220;>http:\/\/www.kbely.tv\/video\/1527-vyhlaseni-prazskeho-mtb-poharu<\/a><\/p>\n<p><a href=\"http:\/\/prahamtb.cz\/wp-content\/uploads\/2016\/11\/slavnostni-vecer-PMTBP-01.jpg\" rel=\"lightbox\"><img decoding=\"async\" loading=\"lazy\" class=\"alignnone size-medium wp-image-4449\" src=\"http:\/\/prahamtb.cz\/wp-content\/uploads\/2016\/11\/slavnostni-vecer-PMTBP-01-600x400.jpg\" alt=\"slavnostni-vecer-pmtbp-01\" width=\"600\" height=\"400\" \/><\/a><\/p>\n<p>&nbsp;<\/p>\n<p>&nbsp; <\n<\/p>\n","protected":false},"excerpt":{"rendered":"<a href=\"https:\/\/www.skcpraha.cz\/?p=4180\"><img width=\"150\" height=\"150\" src=\"https:\/\/www.skcpraha.cz\/wp-content\/uploads\/2017\/04\/jarda-150x150.jpg\" class=\"alignleft tfe wp-post-image\" alt=\"\" decoding=\"async\" loading=\"lazy\" \/><\/a><p>Televizn\u00ed z\u00e1znam ze slavnostn\u00edho vyhl\u00e1\u0161en\u00ed Pra\u017esk\u00e9ho MTB poh\u00e1ru 2016 v pra\u017esk\u00fdch Kbel\u00fdch spust\u00edte na http:\/\/www.kbely.tv\/video\/1527-vyhlaseni-prazskeho-mtb-poharu a href=&#8220;http:\/\/www.kbely.tv\/video\/1527-vyhlaseni-prazskeho-mtb-poharu&#8220;>http:\/\/www.kbely.tv\/video\/1527-vyhlaseni-prazskeho-mtb-poharu &nbsp; &nbsp; <\n<\/p>\n","protected":false},"author":1,"featured_media":4449,"comment_status":"closed","ping_status":"open","sticky":false,"template":"","format":"standard","meta":[],"categories":[1],"tags":[],"_links":{"self":[{"href":"https:\/\/www.skcpraha.cz\/index.php?rest_route=\/wp\/v2\/posts\/4180"}],"collection":[{"href":"https:\/\/www.skcpraha.cz\/index.php?rest_route=\/wp\/v2\/posts"}],"about":[{"href":"https:\/\/www.skcpraha.cz\/index.php?rest_route=\/wp\/v2\/types\/post"}],"author":[{"embeddable":true,"href":"https:\/\/www.skcpraha.cz\/index.php?rest_route=\/wp\/v2\/users\/1"}],"replies":[{"embeddable":true,"href":"https:\/\/www.skcpraha.cz\/index.php?rest_route=%2Fwp%2Fv2%2Fcomments&post=4180"}],"version-history":[{"count":1,"href":"https:\/\/www.skcpraha.cz\/index.php?rest_route=\/wp\/v2\/posts\/4180\/revisions"}],"predecessor-version":[{"id":4181,"href":"https:\/\/www.skcpraha.cz\/index.php?rest_route=\/wp\/v2\/posts\/4180\/revisions\/4181"}],"wp:featuredmedia":[{"embeddable":true,"href":"https:\/\/www.skcpraha.cz\/index.php?rest_route=\/wp\/v2\/media\/4449"}],"wp:attachment":[{"href":"https:\/\/www.skcpraha.cz\/index.php?rest_route=%2Fwp%2Fv2%2Fmedia&parent=4180"}],"wp:term":[{"taxonomy":"category","embeddable":true,"href":"https:\/\/www.skcpraha.cz\/index.php?rest_route=%2Fwp%2Fv2%2Fcategories&post=4180"},{"taxonomy":"post_tag","embeddable":true,"href":"https:\/\/www.skcpraha.cz\/index.php?rest_route=%2Fwp%2Fv2%2Ftags&post=4180"}],"curies":[{"name":"wp","href":"https:\/\/api.w.org\/{rel}","templated":true}]}}