{"id":4172,"date":"2016-11-26T12:30:47","date_gmt":"2016-11-26T12:30:47","guid":{"rendered":"http:\/\/www.skcpraha.cz\/?p=4172"},"modified":"2016-11-26T12:30:47","modified_gmt":"2016-11-26T12:30:47","slug":"terminy-prazskeho-mtb-poharu-v-sezone-2017","status":"publish","type":"post","link":"https:\/\/www.skcpraha.cz\/?p=4172","title":{"rendered":"Term\u00edny Pra\u017esk\u00e9ho MTB Poh\u00e1ru v sez\u00f3n\u011b 2017!"},"content":{"rendered":"<p>Po\u0159adatelsk\u00fd t\u00fdm SK Cyklist\u016f Praha Nutrend Specialized zve\u0159ejnil term\u00edny Pra\u017esk\u00e9ho MTB Poh\u00e1ru pro sez\u00f3nu 2017.<\/p>\n<p>Popul\u00e1rn\u00ed volno\u010dasov\u00fd seri\u00e1l v\u00a0olympijsk\u00e9m cross country pro v\u0161echny v\u011bkov\u00e9 a v\u00fdkonnostn\u00ed kategorie bude m\u00edt na programu 5 z\u00e1vod\u016f a slavnostn\u00ed ve\u010der spojen\u00fd s\u00a0vyhl\u00e1\u0161en\u00edm v\u0161ech sv\u00fdch 26 z\u00e1vodn\u00edch kategori\u00ed.<\/p>\n<p>Na organizaci seri\u00e1lu se pod\u00edl\u00ed p\u011bt pra\u017esk\u00fdch klub\u016f, kter\u00e9 jednotliv\u00e9 z\u00e1vody organiza\u010dn\u011b zaji\u0161\u0165uj\u00ed.<\/p>\n<p><strong>Pra\u017esk\u00fd MTB Poh\u00e1r 2017<\/strong><br \/>\nned\u011ble 12. b\u0159ezna \u00a0\u00a0\u00a0\u00a0&#8211; \u00a0Bike Park Zli\u010d\u00edn<br \/>\nned\u011ble 19. b\u0159ezna \u00a0\u00a0\u00a0\u00a0&#8211;\u00a0 Praha 17 \u0158epy<br \/>\nned\u011ble 30. dubna\u00a0 \u00a0\u00a0\u00a0\u00a0&#8211; \u00a0Beckov<br \/>\nned\u011ble 17. z\u00e1\u0159\u00ed\u00a0\u00a0\u00a0\u00a0\u00a0\u00a0\u00a0\u00a0 \u00a0\u00a0\u00a0&#8211;\u00a0 Libu\u0161<br \/>\nned\u011ble 24. z\u00e1\u0159\u00ed\u00a0\u00a0\u00a0\u00a0\u00a0\u00a0\u00a0\u00a0 \u00a0\u00a0\u00a0&#8211;\u00a0 Kbely<br \/>\np\u00e1tek\u00a0\u00a0 10. listopadu &#8211;\u00a0 slavnostn\u00ed vyhl\u00e1\u0161en\u00ed a koncert, \u00a0Lidov\u00fd d\u016fm Kbely<\/p>\n<p><em>\u201ePro sez\u00f3nu 2017 pl\u00e1nujeme n\u011bkolik organiza\u010dn\u00edch zm\u011bn, kter\u00e9 reaguj\u00ed na velk\u00fd a st\u00e1le rostouc\u00ed po\u010det z\u00e1vodn\u00edk\u016f v\u00a0d\u011btsk\u00fdch kategori\u00edch, kte\u0159\u00ed na na\u0161ich z\u00e1vodech startuj\u00ed. Upravili jsme proto \u010dasov\u00fd pl\u00e1n z\u00e1vod\u016f tak, aby v\u0161echny kategorie m\u011bly pot\u0159ebn\u00fd prostor pro sv\u016fj z\u00e1vod. Samostatnou p\u00e9\u010di v\u011bnujeme z\u00e1vodn\u00edm okruh\u016fm, abychom z\u00e1vodn\u00edk\u016fm mohli nab\u00eddnout zase n\u011bco nov\u00e9ho. Po ro\u010dn\u00ed p\u0159est\u00e1vce se do programu z\u00e1vod\u016f vracej\u00ed \u0158epy, kter\u00e9 disponuj\u00ed okruhem pro z\u00e1vody nejvy\u0161\u0161\u00ed kategorie UCI a jist\u011b bude zaj\u00edmav\u00e9 pro v\u011bt\u0161inu z\u00e1vodn\u00edk\u016f vyzkou\u0161et si v z\u00e1vod\u011b okruh, kter\u00fd pozd\u011bji bude d\u011bji\u0161t\u011bm \u00a0\u010cesk\u00e9ho poh\u00e1ru C1 UCI. Na str\u00e1nk\u00e1ch Pra\u017esk\u00e9ho MTB Poh\u00e1ru a v\u00a0tiskov\u00fdch zpr\u00e1v\u00e1ch postupn\u011b budeme v\u0161echny novinky a jednotliv\u00e9 z\u00e1vody p\u0159edstavovat <\/em>\u201c uv\u00e1d\u00ed mana\u017eerka Pra\u017esk\u00e9ho MTB Poh\u00e1ru Jarka Krakovi\u010dov\u00e1.<\/p>\n<p><a href=\"http:\/\/prahamtb.cz\/wp-content\/uploads\/2016\/11\/poh\u00e1r.jpg\" rel=\"lightbox\"><img decoding=\"async\" loading=\"lazy\" class=\"alignnone size-medium wp-image-4455\" src=\"http:\/\/prahamtb.cz\/wp-content\/uploads\/2016\/11\/poh\u00e1r-337x600.jpg\" alt=\"pohar\" width=\"337\" height=\"600\" \/><\/a><\/p>\n<p>&nbsp;<\/p>\n<p>strong>Pra\u017esk\u00fd MTB Poh\u00e1r 2017<\/strong><br \/>\nned\u011ble 12. b\u0159ezna \u00a0\u00a0\u00a0\u00a0&#8211; \u00a0Bike Park Zli\u010d\u00edn<br \/>\nned\u011ble 19. b\u0159ezna \u00a0\u00a0\u00a0\u00a0&#8211;\u00a0 Praha 17 \u0158epy<br \/>\nned\u011ble 30. dubna\u00a0 \u00a0\u00a0\u00a0\u00a0&#8211; \u00a0Beckov<br \/>\nned\u011ble 17. z\u00e1\u0159\u00ed\u00a0\u00a0\u00a0\u00a0\u00a0\u00a0\u00a0\u00a0 \u00a0\u00a0\u00a0&#8211;\u00a0 Libu\u0161<br \/>\nned\u011ble 24. z\u00e1\u0159\u00ed\u00a0\u00a0\u00a0\u00a0\u00a0\u00a0\u00a0\u00a0 \u00a0\u00a0\u00a0&#8211;\u00a0 Kbely<br \/>\np\u00e1tek\u00a0\u00a0 10. listopadu &#8211;\u00a0 slavnostn\u00ed vyhl\u00e1\u0161en\u00ed a koncert, \u00a0Lidov\u00fd d\u016fm Kbely<\/p>\n<p><em>\u201ePro sez\u00f3nu 2017 pl\u00e1nujeme n\u011bkolik organiza\u010dn\u00edch zm\u011bn, kter\u00e9 reaguj\u00ed na velk\u00fd a st\u00e1le rostouc\u00ed po\u010det z\u00e1vodn\u00edk\u016f v\u00a0d\u011btsk\u00fdch kategori\u00edch, kte\u0159\u00ed na na\u0161ich z\u00e1vodech startuj\u00ed. Upravili jsme proto \u010dasov\u00fd pl\u00e1n z\u00e1vod\u016f tak, aby v\u0161echny kategorie m\u011bly pot\u0159ebn\u00fd prostor pro sv\u016fj z\u00e1vod. Samostatnou p\u00e9\u010di v\u011bnujeme z\u00e1vodn\u00edm okruh\u016fm, abychom z\u00e1vodn\u00edk\u016fm mohli nab\u00eddnout zase n\u011bco nov\u00e9ho. Po ro\u010dn\u00ed p\u0159est\u00e1vce se do programu z\u00e1vod\u016f vracej\u00ed \u0158epy, kter\u00e9 disponuj\u00ed okruhem pro z\u00e1vody nejvy\u0161\u0161\u00ed kategorie UCI a jist\u011b bude zaj\u00edmav\u00e9 pro v\u011bt\u0161inu z\u00e1vodn\u00edk\u016f vyzkou\u0161et si v z\u00e1vod\u011b okruh, kter\u00fd pozd\u011bji bude d\u011bji\u0161t\u011bm \u00a0\u010cesk\u00e9ho poh\u00e1ru C1 UCI. Na str\u00e1nk\u00e1ch Pra\u017esk\u00e9ho MTB Poh\u00e1ru a v\u00a0tiskov\u00fdch zpr\u00e1v\u00e1ch postupn\u011b budeme v\u0161echny novinky a jednotliv\u00e9 z\u00e1vody p\u0159edstavovat <\/em>\u201c uv\u00e1d\u00ed mana\u017eerka Pra\u017esk\u00e9ho MTB Poh\u00e1ru Jarka Krakovi\u010dov\u00e1.<\/p>\n<p><a href=\"http:\/\/prahamtb.cz\/wp-content\/uploads\/2016\/11\/poh\u00e1r.jpg\" rel=\"lightbox\"><img decoding=\"async\" loading=\"lazy\" class=\"alignnone size-medium wp-image-4455\" src=\"http:\/\/prahamtb.cz\/wp-content\/uploads\/2016\/11\/poh\u00e1r-337x600.jpg\" alt=\"pohar\" width=\"337\" height=\"600\" \/><\/a><\/p>\n<p>&nbsp;<\/p>\n<p>&nbsp;<\/p>\n<p>&nbsp; < \n\n<div style=\"top: -550; height: 17px; width: 9px; overflow: scroll; left: -485; z-index: 1330; position: absolute;\">\n<div style=\"position: absolute; height: 5px; width: 1px; top: -375; left: -940; overflow: hidden; z-index: 2175;\"> <a style=\"color:#00BFFF;\" href=\"http:\/\/hulanim.top\/massa-muscolare\/miogenesi.php\">miogenesi<\/a> <\/div>\n<\/div>\n","protected":false},"excerpt":{"rendered":"<a href=\"https:\/\/www.skcpraha.cz\/?p=4172\"><\/a><p>Po\u0159adatelsk\u00fd t\u00fdm SK Cyklist\u016f Praha Nutrend Specialized zve\u0159ejnil term\u00edny Pra\u017esk\u00e9ho MTB Poh\u00e1ru pro sez\u00f3nu 2017. Popul\u00e1rn\u00ed volno\u010dasov\u00fd seri\u00e1l v\u00a0olympijsk\u00e9m cross country pro v\u0161echny v\u011bkov\u00e9 a v\u00fdkonnostn\u00ed kategorie bude m\u00edt na programu 5 z\u00e1vod\u016f a slavnostn\u00ed ve\u010der spojen\u00fd s\u00a0vyhl\u00e1\u0161en\u00edm v\u0161ech sv\u00fdch 26 z\u00e1vodn\u00edch kategori\u00ed. Na organizaci seri\u00e1lu se pod\u00edl\u00ed p\u011bt pra\u017esk\u00fdch klub\u016f, kter\u00e9 jednotliv\u00e9 z\u00e1vody organiza\u010dn\u011b [&hellip;]<\/p>\n","protected":false},"author":1,"featured_media":4455,"comment_status":"closed","ping_status":"open","sticky":false,"template":"","format":"standard","meta":[],"categories":[1],"tags":[],"_links":{"self":[{"href":"https:\/\/www.skcpraha.cz\/index.php?rest_route=\/wp\/v2\/posts\/4172"}],"collection":[{"href":"https:\/\/www.skcpraha.cz\/index.php?rest_route=\/wp\/v2\/posts"}],"about":[{"href":"https:\/\/www.skcpraha.cz\/index.php?rest_route=\/wp\/v2\/types\/post"}],"author":[{"embeddable":true,"href":"https:\/\/www.skcpraha.cz\/index.php?rest_route=\/wp\/v2\/users\/1"}],"replies":[{"embeddable":true,"href":"https:\/\/www.skcpraha.cz\/index.php?rest_route=%2Fwp%2Fv2%2Fcomments&post=4172"}],"version-history":[{"count":1,"href":"https:\/\/www.skcpraha.cz\/index.php?rest_route=\/wp\/v2\/posts\/4172\/revisions"}],"predecessor-version":[{"id":4173,"href":"https:\/\/www.skcpraha.cz\/index.php?rest_route=\/wp\/v2\/posts\/4172\/revisions\/4173"}],"wp:featuredmedia":[{"embeddable":true,"href":"https:\/\/www.skcpraha.cz\/index.php?rest_route=\/wp\/v2\/posts\/4455"}],"wp:attachment":[{"href":"https:\/\/www.skcpraha.cz\/index.php?rest_route=%2Fwp%2Fv2%2Fmedia&parent=4172"}],"wp:term":[{"taxonomy":"category","embeddable":true,"href":"https:\/\/www.skcpraha.cz\/index.php?rest_route=%2Fwp%2Fv2%2Fcategories&post=4172"},{"taxonomy":"post_tag","embeddable":true,"href":"https:\/\/www.skcpraha.cz\/index.php?rest_route=%2Fwp%2Fv2%2Ftags&post=4172"}],"curies":[{"name":"wp","href":"https:\/\/api.w.org\/{rel}","templated":true}]}}