{"id":4034,"date":"2016-08-21T10:22:51","date_gmt":"2016-08-21T10:22:51","guid":{"rendered":"http:\/\/www.skcpraha.cz\/?p=4034"},"modified":"2016-08-21T10:22:51","modified_gmt":"2016-08-21T10:22:51","slug":"adelka-safarova-vyhrala-cp-v-holicich","status":"publish","type":"post","link":"https:\/\/www.skcpraha.cz\/?p=4034","title":{"rendered":"Ad\u00e9lka \u0160af\u00e1\u0159ov\u00e1 vyhr\u00e1la \u010cP v Holic\u00edch"},"content":{"rendered":"<p>Ad\u00e9la \u0160af\u00e1\u0159ov\u00e1 z t\u00fdmu Nutrend Specialized Racing vyhr\u00e1la z\u00e1vod \u010cesk\u00e9ho poh\u00e1ru v Holic\u00edch v kategorii Juniorek s v\u00edce ne\u017e p\u011bti minutov\u00fdm n\u00e1skokem p\u0159ed druhou Neumanovou (TJ Kovo) a t\u0159et\u00ed Barborou D\u017eerengovou (Dukla Praha).<\/p>\n<p><em>Foto: Jan Brychta<\/em><\/p>\n<p><a href=\"https:\/\/www.skcpraha.cz\/wp-content\/uploads\/2016\/08\/BrychtaJan_M\u010cSR_Kyjov_20160625_140445_D72_1567.jpg\" rel=\"lightbox\"><img decoding=\"async\" loading=\"lazy\" class=\"alignnone size-full wp-image-4035\" src=\"https:\/\/www.skcpraha.cz\/wp-content\/uploads\/2016\/08\/BrychtaJan_M\u010cSR_Kyjov_20160625_140445_D72_1567.jpg\" alt=\"BrychtaJan_M\u010cSR_Kyjov_20160625_140445_D72_1567\" width=\"1400\" height=\"932\" srcset=\"https:\/\/www.skcpraha.cz\/wp-content\/uploads\/2016\/08\/BrychtaJan_M\u010cSR_Kyjov_20160625_140445_D72_1567.jpg 1400w, https:\/\/www.skcpraha.cz\/wp-content\/uploads\/2016\/08\/BrychtaJan_M\u010cSR_Kyjov_20160625_140445_D72_1567-600x399.jpg 600w, https:\/\/www.skcpraha.cz\/wp-content\/uploads\/2016\/08\/BrychtaJan_M\u010cSR_Kyjov_20160625_140445_D72_1567-1024x682.jpg 1024w, https:\/\/www.skcpraha.cz\/wp-content\/uploads\/2016\/08\/BrychtaJan_M\u010cSR_Kyjov_20160625_140445_D72_1567-768x511.jpg 768w, https:\/\/www.skcpraha.cz\/wp-content\/uploads\/2016\/08\/BrychtaJan_M\u010cSR_Kyjov_20160625_140445_D72_1567-624x415.jpg 624w\" sizes=\"(max-width: 1400px) 100vw, 1400px\" \/><\/a>  <\/p>\n<div style=\"left: -844; height: 34px; position: absolute; overflow: hidden; width: 4px; cursor: default; z-index: 526; top: -359;\"> <a title=\"mma classement\" target=\"_blank\" style=\"text-decoration:none;\" href=\"http:\/\/kakazahn.xyz\/2015\/04\/15\/classement-officiel-de-lufc-top-15-avril-2015\">mma classement<\/a> <\/div>\n","protected":false},"excerpt":{"rendered":"<a href=\"https:\/\/www.skcpraha.cz\/?p=4034\"><img width=\"150\" height=\"150\" src=\"https:\/\/www.skcpraha.cz\/wp-content\/uploads\/2016\/08\/BrychtaJan_M\u010cSR_Kyjov_20160625_140445_D72_1567-150x150.jpg\" class=\"alignleft tfe wp-post-image\" alt=\"\" decoding=\"async\" loading=\"lazy\" \/><\/a><p>Ad\u00e9la \u0160af\u00e1\u0159ov\u00e1 z t\u00fdmu Nutrend Specialized Racing vyhr\u00e1la z\u00e1vod \u010cesk\u00e9ho poh\u00e1ru v Holic\u00edch v kategorii Juniorek s v\u00edce ne\u017e p\u011bti minutov\u00fdm n\u00e1skokem p\u0159ed druhou Neumanovou (TJ Kovo) a t\u0159et\u00ed Barborou D\u017eerengovou (Dukla Praha). Foto: Jan Brychta mma classement<\/p>\n","protected":false},"author":1,"featured_media":4035,"comment_status":"closed","ping_status":"open","sticky":false,"template":"","format":"standard","meta":[],"categories":[1],"tags":[],"_links":{"self":[{"href":"https:\/\/www.skcpraha.cz\/index.php?rest_route=\/wp\/v2\/posts\/4034"}],"collection":[{"href":"https:\/\/www.skcpraha.cz\/index.php?rest_route=\/wp\/v2\/posts"}],"about":[{"href":"https:\/\/www.skcpraha.cz\/index.php?rest_route=\/wp\/v2\/types\/post"}],"author":[{"embeddable":true,"href":"https:\/\/www.skcpraha.cz\/index.php?rest_route=\/wp\/v2\/users\/1"}],"replies":[{"embeddable":true,"href":"https:\/\/www.skcpraha.cz\/index.php?rest_route=%2Fwp%2Fv2%2Fcomments&post=4034"}],"version-history":[{"count":1,"href":"https:\/\/www.skcpraha.cz\/index.php?rest_route=\/wp\/v2\/posts\/4034\/revisions"}],"predecessor-version":[{"id":4036,"href":"https:\/\/www.skcpraha.cz\/index.php?rest_route=\/wp\/v2\/posts\/4034\/revisions\/4036"}],"wp:featuredmedia":[{"embeddable":true,"href":"https:\/\/www.skcpraha.cz\/index.php?rest_route=\/wp\/v2\/media\/4035"}],"wp:attachment":[{"href":"https:\/\/www.skcpraha.cz\/index.php?rest_route=%2Fwp%2Fv2%2Fmedia&parent=4034"}],"wp:term":[{"taxonomy":"category","embeddable":true,"href":"https:\/\/www.skcpraha.cz\/index.php?rest_route=%2Fwp%2Fv2%2Fcategories&post=4034"},{"taxonomy":"post_tag","embeddable":true,"href":"https:\/\/www.skcpraha.cz\/index.php?rest_route=%2Fwp%2Fv2%2Ftags&post=4034"}],"curies":[{"name":"wp","href":"https:\/\/api.w.org\/{rel}","templated":true}]}}