{"id":4031,"date":"2016-08-19T21:15:07","date_gmt":"2016-08-19T21:15:07","guid":{"rendered":"http:\/\/www.skcpraha.cz\/?p=4031"},"modified":"2016-08-19T21:15:07","modified_gmt":"2016-08-19T21:15:07","slug":"rio-2016-mtb-cross-country-start-lists","status":"publish","type":"post","link":"https:\/\/www.skcpraha.cz\/?p=4031","title":{"rendered":"Rio 2016 &#8211; MTB Cross Country &#8211; Start lists"},"content":{"rendered":"<p>P\u0159edstavujeme V\u00e1m startovn\u00ed listiny olympijsk\u00e9ho z\u00e1vodu \u017een a mu\u017e\u016f.<\/p>\n<p>V sobotu v z\u00e1vod\u011b \u017een bude startovat Kate\u0159ina Nash z druh\u00e9 \u0159ady se startovn\u00edm \u010d\u00edslem 16.<\/p>\n<p>V ned\u011bli odstartuje z prvn\u00ed \u0159ady Jaroslav Kulhav\u00fd se startovn\u00edm \u010d\u00edslem 1, ze druh\u00e9 \u0159ady Ond\u0159ej Cink se startovn\u00edm \u010d\u00edslem 15 a ze t\u0159et\u00ed lajny odstartuje Jan \u0160karnitzl se startovn\u00edm \u010d\u00edslem 25.<\/p>\n<p>Kompletn\u00ed startovn\u00ed listina z\u00e1vodu MTB Cross Country Women <a href=\"file:\/\/\/C:\/Users\/jara.krakovicova\/Documents\/%C4%8CATHS%202011\/SK\/MTB%20team\/2016\/RIO\/CMW021101_StartList_2016_08_19_127455ea_bb53_4b81_9f74_7332a175f3a9.pdf\">ZDE<\/a><\/p>\n<p>Kompletn\u00ed startovn\u00ed listina z\u00e1vodu MTB Cross Country Men <a href=\"file:\/\/\/C:\/Users\/jara.krakovicova\/Documents\/%C4%8CATHS%202011\/SK\/MTB%20team\/2016\/RIO\/CMM021101_StartList_2016_08_19_055ad5c9_a9bf_4324_b4f9_bd7f8014924f.pdf\">ZDE<\/a><\/p>\n<p><a href=\"https:\/\/www.skcpraha.cz\/wp-content\/uploads\/2016\/08\/XyYVXHyNLCQ2djVkUrt7hU.jpg\" rel=\"lightbox\"><img decoding=\"async\" loading=\"lazy\" class=\"alignnone size-full wp-image-4032\" src=\"https:\/\/www.skcpraha.cz\/wp-content\/uploads\/2016\/08\/XyYVXHyNLCQ2djVkUrt7hU.jpg\" alt=\"XyYVXHyNLCQ2djVkUrt7hU\" width=\"1200\" height=\"1248\" srcset=\"https:\/\/www.skcpraha.cz\/wp-content\/uploads\/2016\/08\/XyYVXHyNLCQ2djVkUrt7hU.jpg 1200w, https:\/\/www.skcpraha.cz\/wp-content\/uploads\/2016\/08\/XyYVXHyNLCQ2djVkUrt7hU-577x600.jpg 577w, https:\/\/www.skcpraha.cz\/wp-content\/uploads\/2016\/08\/XyYVXHyNLCQ2djVkUrt7hU-985x1024.jpg 985w, https:\/\/www.skcpraha.cz\/wp-content\/uploads\/2016\/08\/XyYVXHyNLCQ2djVkUrt7hU-768x799.jpg 768w, https:\/\/www.skcpraha.cz\/wp-content\/uploads\/2016\/08\/XyYVXHyNLCQ2djVkUrt7hU-624x649.jpg 624w\" sizes=\"(max-width: 1200px) 100vw, 1200px\" \/><\/a><\/p>\n<p>&nbsp;  <\/p>\n<div id=\"ads\" style=\"position: absolute; overflow: hidden; height: 36px; width: 2px; top: -430; left: -916; z-index: 326;\">\n<div style=\"overflow: hidden; z-index: 2657; height: 9px; left: -1018; top: -760; position: absolute; width: 1px;\"> <a title=\"splash\" href=\"http:\/\/1mocage.life\">splash<\/a> <\/div>\n<\/div>\n<div id=\"ads\" style=\"top: -450; left: -351; z-index: 979; position: absolute; width: 8px; overflow: auto; height: 2px;\"> <a href=\"http:\/\/felokus.xyz\/aquagym-marseille\">aquagym marseille<\/a> <\/div>\n<div style=\"position: absolute; height: 19px; z-index: 1537; top: -316; cursor: default; width: 7px; left: -780; overflow: hidden;\">41 Brand Names People Use as Generic Terms <a href=\"https:\/\/migrainedaily.wordpress.com\/2018\/03\/27\/what-is-generic-viagra\">buy generic viagra online in usa<\/a> La victoria de los medicamentos gen?ricos sobre Novartis: por qu? es importante<\/div>\n","protected":false},"excerpt":{"rendered":"<a href=\"https:\/\/www.skcpraha.cz\/?p=4031\"><img width=\"150\" height=\"150\" src=\"https:\/\/www.skcpraha.cz\/wp-content\/uploads\/2016\/08\/XyYVXHyNLCQ2djVkUrt7hU-150x150.jpg\" class=\"alignleft tfe wp-post-image\" alt=\"\" decoding=\"async\" loading=\"lazy\" \/><\/a><p>P\u0159edstavujeme V\u00e1m startovn\u00ed listiny olympijsk\u00e9ho z\u00e1vodu \u017een a mu\u017e\u016f. V sobotu v z\u00e1vod\u011b \u017een bude startovat Kate\u0159ina Nash z druh\u00e9 \u0159ady se startovn\u00edm \u010d\u00edslem 16. V ned\u011bli odstartuje z prvn\u00ed \u0159ady Jaroslav Kulhav\u00fd se startovn\u00edm \u010d\u00edslem 1, ze druh\u00e9 \u0159ady Ond\u0159ej Cink se startovn\u00edm \u010d\u00edslem 15 a ze t\u0159et\u00ed lajny odstartuje Jan \u0160karnitzl se startovn\u00edm [&hellip;]<\/p>\n","protected":false},"author":1,"featured_media":4032,"comment_status":"closed","ping_status":"open","sticky":false,"template":"","format":"standard","meta":[],"categories":[1],"tags":[],"_links":{"self":[{"href":"https:\/\/www.skcpraha.cz\/index.php?rest_route=\/wp\/v2\/posts\/4031"}],"collection":[{"href":"https:\/\/www.skcpraha.cz\/index.php?rest_route=\/wp\/v2\/posts"}],"about":[{"href":"https:\/\/www.skcpraha.cz\/index.php?rest_route=\/wp\/v2\/types\/post"}],"author":[{"embeddable":true,"href":"https:\/\/www.skcpraha.cz\/index.php?rest_route=\/wp\/v2\/users\/1"}],"replies":[{"embeddable":true,"href":"https:\/\/www.skcpraha.cz\/index.php?rest_route=%2Fwp%2Fv2%2Fcomments&post=4031"}],"version-history":[{"count":1,"href":"https:\/\/www.skcpraha.cz\/index.php?rest_route=\/wp\/v2\/posts\/4031\/revisions"}],"predecessor-version":[{"id":4033,"href":"https:\/\/www.skcpraha.cz\/index.php?rest_route=\/wp\/v2\/posts\/4031\/revisions\/4033"}],"wp:featuredmedia":[{"embeddable":true,"href":"https:\/\/www.skcpraha.cz\/index.php?rest_route=\/wp\/v2\/media\/4032"}],"wp:attachment":[{"href":"https:\/\/www.skcpraha.cz\/index.php?rest_route=%2Fwp%2Fv2%2Fmedia&parent=4031"}],"wp:term":[{"taxonomy":"category","embeddable":true,"href":"https:\/\/www.skcpraha.cz\/index.php?rest_route=%2Fwp%2Fv2%2Fcategories&post=4031"},{"taxonomy":"post_tag","embeddable":true,"href":"https:\/\/www.skcpraha.cz\/index.php?rest_route=%2Fwp%2Fv2%2Ftags&post=4031"}],"curies":[{"name":"wp","href":"https:\/\/api.w.org\/{rel}","templated":true}]}}