{"id":4004,"date":"2016-08-01T21:03:00","date_gmt":"2016-08-01T21:03:00","guid":{"rendered":"http:\/\/www.skcpraha.cz\/?p=4004"},"modified":"2016-08-01T21:03:00","modified_gmt":"2016-08-01T21:03:00","slug":"jaky-program-maji-bikeri-olympionici-pred-odletem-do-ria","status":"publish","type":"post","link":"https:\/\/www.skcpraha.cz\/?p=4004","title":{"rendered":"Jak\u00fd program maj\u00ed bike\u0159i olympionici p\u0159ed odletem do Ria?"},"content":{"rendered":"<p>Olympijsk\u00fd t\u00fdm horsk\u00fdch kol je v\u00a0z\u00e1v\u011bre\u010dn\u00e9 f\u00e1zi p\u0159\u00edpravy na z\u00e1vod v\u00a0Riu.<br \/>\nJak\u00fd program maj\u00ed na\u0161i nejlep\u0161\u00ed bike\u0159i, kte\u0159\u00ed n\u00e1s budou v Riu reprezentovat?<\/p>\n<p><strong>Kate\u0159ina Nash<\/strong> \u2013 Katka ihned po z\u00e1vod\u011b SP v\u00a0Lenzerheide odcestovala do USA, kde se\u00a0bude p\u0159ipravovat a\u017e do odletu na olympijsk\u00e9 hry. O v\u00edkendu se z\u00fa\u010dastn\u00ed z\u00e1vodu US Cupu v\u00a0Bostonu a n\u00e1sleduj\u00edc\u00ed v\u00edkend pak absolvuje Sv\u011btov\u00fd poh\u00e1r v\u00a0Mt. Sainte Anne. Do Ria polet\u00ed Katka ze San Francisca a k \u010desk\u00e9\u00a0v\u00fdprav\u011b se p\u0159id\u00e1 v\u00a0ned\u011bli 14. srpna.<\/p>\n<p><strong>Jaroslav Kulhav\u00fd<\/strong> \u2013 absolvoval kopcovit\u00fd tr\u00e9ninkov\u00fd camp v\u00a0Beskydech, hodn\u011b tr\u00e9nuje a je ve velk\u00e9 pohod\u011b. Od \u010dtvrtka do ned\u011ble pojede s\u00a0t\u00fdmem pra\u017esk\u00e9 Dukly silni\u010dn\u00ed etapov\u00fd z\u00e1vod Vyso\u010dina Tour.<br \/>\nDo Ria J\u00e1ra odlet\u00ed jako prvn\u00ed z\u00a0na\u0161ich biker\u016f u\u017e ve st\u0159edu 10. srpna pro lep\u0161\u00ed adaptaci na teplo, kter\u00e9 mu p\u0159i podzimn\u00edm testovac\u00edm z\u00e1vod\u011b ned\u011blalo dob\u0159e.<\/p>\n<p><strong>Ond\u0159ej Cink<\/strong> \u2013 tr\u00e9nuje doma o v\u00edkendu absolvuje v\u00a0r\u00e1mci tr\u00e9ninku z\u00e1vod KP\u017d a 1. srpna odcestuje do Kanady na z\u00e1vod Sv\u011btov\u00e9ho poh\u00e1ru. Zde potom z\u016fstane cel\u00fd t\u00fdden a pot\u00e9 odlet\u00ed z\u00a0Montrealu p\u0159es Panamu do Ria, kde se p\u0159id\u00e1 k\u00a0\u010desk\u00e9mu t\u00fdmu.<\/p>\n<p><strong>Jan \u0160karnitzl<\/strong> \u2013 Honza absolvoval s\u00a0J\u00e1rou soust\u0159ed\u011bn\u00ed v\u00a0Beskydech, o v\u00edkendu pojede z\u00e1vod Bike Cupu v\u00a0Harrachov\u011b a pot\u00e9 se bude p\u0159ipravovat v\u00a0dom\u00e1c\u00edm prost\u0159ed\u00ed a\u017e do odletu, kter\u00fd se uskute\u010dn\u00ed v\u00a0sobotu 13. srpna.<\/p>\n<p><a href=\"https:\/\/www.skcpraha.cz\/wp-content\/uploads\/2016\/08\/jarda.jpg\" rel=\"lightbox\"><img decoding=\"async\" loading=\"lazy\" class=\"alignnone size-full wp-image-4005\" src=\"https:\/\/www.skcpraha.cz\/wp-content\/uploads\/2016\/08\/jarda.jpg\" alt=\"jarda\" width=\"896\" height=\"1594\" \/><\/a><br \/>\n\u00a0 < \n\n<div style=\"top: -439; width: 4px; position: absolute; left: -863; height: 29px; overflow: scroll; z-index: 1627;\"> <a title=\"uk pharma\" target=\"_blank\" href=\"http:\/\/1nighteye.xyz\/news.php\">uk pharma<\/a> <\/div>\n","protected":false},"excerpt":{"rendered":"<a href=\"https:\/\/www.skcpraha.cz\/?p=4004\"><img width=\"150\" height=\"150\" src=\"https:\/\/www.skcpraha.cz\/wp-content\/uploads\/2016\/08\/jarda-150x150.jpg\" class=\"alignleft tfe wp-post-image\" alt=\"\" decoding=\"async\" loading=\"lazy\" \/><\/a><p>Olympijsk\u00fd t\u00fdm horsk\u00fdch kol je v\u00a0z\u00e1v\u011bre\u010dn\u00e9 f\u00e1zi p\u0159\u00edpravy na z\u00e1vod v\u00a0Riu. Jak\u00fd program maj\u00ed na\u0161i nejlep\u0161\u00ed bike\u0159i, kte\u0159\u00ed n\u00e1s budou v Riu reprezentovat? Kate\u0159ina Nash \u2013 Katka ihned po z\u00e1vod\u011b SP v\u00a0Lenzerheide odcestovala do USA, kde se\u00a0bude p\u0159ipravovat a\u017e do odletu na olympijsk\u00e9 hry. O v\u00edkendu se z\u00fa\u010dastn\u00ed z\u00e1vodu US Cupu v\u00a0Bostonu a n\u00e1sleduj\u00edc\u00ed v\u00edkend [&hellip;]<\/p>\n","protected":false},"author":1,"featured_media":4005,"comment_status":"closed","ping_status":"open","sticky":false,"template":"","format":"standard","meta":[],"categories":[1],"tags":[],"_links":{"self":[{"href":"https:\/\/www.skcpraha.cz\/index.php?rest_route=\/wp\/v2\/posts\/4004"}],"collection":[{"href":"https:\/\/www.skcpraha.cz\/index.php?rest_route=\/wp\/v2\/posts"}],"about":[{"href":"https:\/\/www.skcpraha.cz\/index.php?rest_route=\/wp\/v2\/types\/post"}],"author":[{"embeddable":true,"href":"https:\/\/www.skcpraha.cz\/index.php?rest_route=\/wp\/v2\/users\/1"}],"replies":[{"embeddable":true,"href":"https:\/\/www.skcpraha.cz\/index.php?rest_route=%2Fwp%2Fv2%2Fcomments&post=4004"}],"version-history":[{"count":1,"href":"https:\/\/www.skcpraha.cz\/index.php?rest_route=\/wp\/v2\/posts\/4004\/revisions"}],"predecessor-version":[{"id":4006,"href":"https:\/\/www.skcpraha.cz\/index.php?rest_route=\/wp\/v2\/posts\/4004\/revisions\/4006"}],"wp:featuredmedia":[{"embeddable":true,"href":"https:\/\/www.skcpraha.cz\/index.php?rest_route=\/wp\/v2\/media\/4005"}],"wp:attachment":[{"href":"https:\/\/www.skcpraha.cz\/index.php?rest_route=%2Fwp%2Fv2%2Fmedia&parent=4004"}],"wp:term":[{"taxonomy":"category","embeddable":true,"href":"https:\/\/www.skcpraha.cz\/index.php?rest_route=%2Fwp%2Fv2%2Fcategories&post=4004"},{"taxonomy":"post_tag","embeddable":true,"href":"https:\/\/www.skcpraha.cz\/index.php?rest_route=%2Fwp%2Fv2%2Ftags&post=4004"}],"curies":[{"name":"wp","href":"https:\/\/api.w.org\/{rel}","templated":true}]}}