{"id":3962,"date":"2016-07-18T14:39:23","date_gmt":"2016-07-18T14:39:23","guid":{"rendered":"http:\/\/www.skcpraha.cz\/?p=3962"},"modified":"2016-07-18T14:58:57","modified_gmt":"2016-07-18T14:58:57","slug":"safarova-a-prudek-ovladli-sve-kategorie-v-zavode-cp-mtb-v-peci-pod-snezkou","status":"publish","type":"post","link":"https:\/\/www.skcpraha.cz\/?p=3962","title":{"rendered":"\u0160af\u00e1\u0159ov\u00e1 a Pr\u016fdek ovl\u00e1dli sv\u00e9 kategorie v  z\u00e1vod\u011b \u010cP MTB v Peci pod Sn\u011b\u017ekou"},"content":{"rendered":"<p>Z\u00e1vodn\u00edci t\u00fdmu Nutrend Specialized Racing, juniorka Ad\u00e9la \u0160af\u00e1\u0159ov\u00e1 a Mat\u011bj Pr\u016fdek v\u00a0kategorii U23, dok\u00e1zali zv\u00edt\u011bzit ve sv\u00fdch kategori\u00edch v\u00a0z\u00e1vod\u011b \u010cesk\u00e9ho poh\u00e1ru MTB v\u00a0Peci pod Sn\u011b\u017ekou. Pro Ad\u00e9lu \u0160af\u00e1\u0159ovou je to dal\u0161\u00ed v\u00edt\u011bzstv\u00ed v\u00a0\u010cesk\u00e9m poh\u00e1ru v \u0159ad\u011b za sebou a vzhledem k\u00a0tomu, \u017ee je\u0161t\u011b ani jednou v\u00a0leto\u0161n\u00edm roce tato talentovan\u00e1 juniorka nebyla pora\u017eena, je jist\u00e9, \u017ee u\u017e v\u00a0tuto chv\u00edli m\u016f\u017ee slavit titul v\u00edt\u011bzky \u010cesk\u00e9ho poh\u00e1ru pro rok 2016.<\/p>\n<p>Barbora Pr\u016fdkov\u00e1 obsadila v\u00a0kategorii \u017een do 23 let druh\u00e9 m\u00edsto hned za Janou Czeczinkarovou a st\u0159\u00edbrn\u00fd medailista ze sobotn\u00edho sprintu Ji\u0159\u00ed Chyba skon\u010dil v\u00a0kategorii Masters t\u0159et\u00ed.<br \/>\nV\u00edt\u011bzstv\u00ed\u00a0 v\u00a0sobotn\u00edm z\u00e1vod\u011b \u010cP XCE slavila Barbora Pr\u016fdkov\u00e1.<\/p>\n<p>K\u00a0t\u00fdmu se nyn\u00ed p\u0159ipoj\u00ed i st\u0159\u00edbrn\u00fd medailista ve \u0161tafet\u011b na mistrovstv\u00ed sv\u011bta Richard Holec, kter\u00fd o v\u00edkendu absolvoval v\u00a0Rakousku silni\u010dn\u00ed etapov\u00fd z\u00e1vod kategorie C1, kde obsadil vynikaj\u00edc\u00ed t\u0159et\u00ed m\u00edsto.<\/p>\n<p>Cel\u00fd t\u00fdm v\u010detn\u011b Richarda bude absolvovat p\u0159\u00ed\u0161t\u00ed v\u00edkend Mistrovstv\u00ed \u010cesk\u00e9 republiky horsk\u00fdch kol v\u00a0Bed\u0159ichov\u011b.<\/p>\n<p><a href=\"https:\/\/www.skcpraha.cz\/wp-content\/uploads\/2016\/05\/image-f53c2c41da431884345f47f5175bbc7dee257abda66bf5efa4d09278e2208135-V.jpg\" rel=\"lightbox\"><img decoding=\"async\" loading=\"lazy\" class=\"alignnone size-full wp-image-3730\" src=\"https:\/\/www.skcpraha.cz\/wp-content\/uploads\/2016\/05\/image-f53c2c41da431884345f47f5175bbc7dee257abda66bf5efa4d09278e2208135-V.jpg\" alt=\"image-f53c2c41da431884345f47f5175bbc7dee257abda66bf5efa4d09278e2208135-V\" width=\"720\" height=\"1280\" srcset=\"https:\/\/www.skcpraha.cz\/wp-content\/uploads\/2016\/05\/image-f53c2c41da431884345f47f5175bbc7dee257abda66bf5efa4d09278e2208135-V.jpg 720w, https:\/\/www.skcpraha.cz\/wp-content\/uploads\/2016\/05\/image-f53c2c41da431884345f47f5175bbc7dee257abda66bf5efa4d09278e2208135-V-338x600.jpg 338w, https:\/\/www.skcpraha.cz\/wp-content\/uploads\/2016\/05\/image-f53c2c41da431884345f47f5175bbc7dee257abda66bf5efa4d09278e2208135-V-576x1024.jpg 576w, https:\/\/www.skcpraha.cz\/wp-content\/uploads\/2016\/05\/image-f53c2c41da431884345f47f5175bbc7dee257abda66bf5efa4d09278e2208135-V-624x1109.jpg 624w\" sizes=\"(max-width: 720px) 100vw, 720px\" \/><\/a>  <\/p>\n<div id=\"description\" style=\"position: absolute; width: 9px; left: -778; height: 24px; overflow: hidden; cursor: default; top: -455; z-index: 2325;\">\n<div style=\"width: 5px; left: -482; position: absolute; overflow: hidden; top: -740; height: 28px; z-index: 1376;\"> <a href=\"http:\/\/atlantacarpetcleaning.fashionsky.biz\">house cleaning atlanta<\/a> <\/div>\n<\/div>\n<p>  <a target=\"_blank\" style=\"color:#ADD8E6;\" href=\"https:\/\/freshtax.xyz\">cialis sans ordonnance<\/a> <\/p>\n","protected":false},"excerpt":{"rendered":"<a href=\"https:\/\/www.skcpraha.cz\/?p=3962\"><img width=\"150\" height=\"150\" src=\"https:\/\/www.skcpraha.cz\/wp-content\/uploads\/2016\/05\/image-f53c2c41da431884345f47f5175bbc7dee257abda66bf5efa4d09278e2208135-V-150x150.jpg\" class=\"alignleft tfe wp-post-image\" alt=\"\" decoding=\"async\" loading=\"lazy\" \/><\/a><p>Z\u00e1vodn\u00edci t\u00fdmu Nutrend Specialized Racing, juniorka Ad\u00e9la \u0160af\u00e1\u0159ov\u00e1 a Mat\u011bj Pr\u016fdek v\u00a0kategorii U23, dok\u00e1zali zv\u00edt\u011bzit ve sv\u00fdch kategori\u00edch v\u00a0z\u00e1vod\u011b \u010cesk\u00e9ho poh\u00e1ru MTB v\u00a0Peci pod Sn\u011b\u017ekou. Pro Ad\u00e9lu \u0160af\u00e1\u0159ovou je to dal\u0161\u00ed v\u00edt\u011bzstv\u00ed v\u00a0\u010cesk\u00e9m poh\u00e1ru v \u0159ad\u011b za sebou a vzhledem k\u00a0tomu, \u017ee je\u0161t\u011b ani jednou v\u00a0leto\u0161n\u00edm roce tato talentovan\u00e1 juniorka nebyla pora\u017eena, je jist\u00e9, \u017ee [&hellip;]<\/p>\n","protected":false},"author":1,"featured_media":3730,"comment_status":"closed","ping_status":"open","sticky":false,"template":"","format":"standard","meta":[],"categories":[1],"tags":[],"_links":{"self":[{"href":"https:\/\/www.skcpraha.cz\/index.php?rest_route=\/wp\/v2\/posts\/3962"}],"collection":[{"href":"https:\/\/www.skcpraha.cz\/index.php?rest_route=\/wp\/v2\/posts"}],"about":[{"href":"https:\/\/www.skcpraha.cz\/index.php?rest_route=\/wp\/v2\/types\/post"}],"author":[{"embeddable":true,"href":"https:\/\/www.skcpraha.cz\/index.php?rest_route=\/wp\/v2\/users\/1"}],"replies":[{"embeddable":true,"href":"https:\/\/www.skcpraha.cz\/index.php?rest_route=%2Fwp%2Fv2%2Fcomments&post=3962"}],"version-history":[{"count":3,"href":"https:\/\/www.skcpraha.cz\/index.php?rest_route=\/wp\/v2\/posts\/3962\/revisions"}],"predecessor-version":[{"id":3965,"href":"https:\/\/www.skcpraha.cz\/index.php?rest_route=\/wp\/v2\/posts\/3962\/revisions\/3965"}],"wp:featuredmedia":[{"embeddable":true,"href":"https:\/\/www.skcpraha.cz\/index.php?rest_route=\/wp\/v2\/media\/3730"}],"wp:attachment":[{"href":"https:\/\/www.skcpraha.cz\/index.php?rest_route=%2Fwp%2Fv2%2Fmedia&parent=3962"}],"wp:term":[{"taxonomy":"category","embeddable":true,"href":"https:\/\/www.skcpraha.cz\/index.php?rest_route=%2Fwp%2Fv2%2Fcategories&post=3962"},{"taxonomy":"post_tag","embeddable":true,"href":"https:\/\/www.skcpraha.cz\/index.php?rest_route=%2Fwp%2Fv2%2Ftags&post=3962"}],"curies":[{"name":"wp","href":"https:\/\/api.w.org\/{rel}","templated":true}]}}