{"id":3953,"date":"2016-07-15T22:27:32","date_gmt":"2016-07-15T22:27:32","guid":{"rendered":"http:\/\/www.skcpraha.cz\/?p=3953"},"modified":"2016-07-15T22:27:32","modified_gmt":"2016-07-15T22:27:32","slug":"v-uvodni-casovce-svetoveho-poharu-v-bilbau-se-ceskym-handicapovanym-cyklistum-velmi-darilo","status":"publish","type":"post","link":"https:\/\/www.skcpraha.cz\/?p=3953","title":{"rendered":"V \u00favodn\u00ed \u010dasovce sv\u011btov\u00e9ho poh\u00e1ru  v Bilbau se \u010desk\u00fdm handicapovan\u00fdm cyklist\u016fm velmi da\u0159ilo !"},"content":{"rendered":"<p>Baskitsk\u00e9 Bilbao je d\u011bji\u0161t\u011bm fin\u00e1lov\u00e9ho podniku Sv\u011btov\u00e9ho poh\u00e1ru handicapovan\u00fdch cyklist\u016f. Do p\u00e1te\u010dn\u00ed \u010dasovky jednotlivc\u016f nastoupili i t\u0159i jezdci t\u00fdmu Nutrend SPecialized Racing &#8211; Patrik Jahoda a Tereza Diepoldov\u00e1 a Tom\u00e1\u0161 Kajnar.<\/p>\n<p>V\u00a0kategorii handbike H1 se v\u00a0dopoledn\u00edm bloku jako prvn\u00ed z\u00a0\u010cech\u016f na start postavil n\u00e1\u0161 nejlep\u0161\u00ed handbiker sou\u010dasnosti, Patrik Jahoda, kter\u00fd zajel vynikaj\u00edc\u00ed j\u00edzdu a s\u00a0v\u00edce jak p\u016flminutov\u00fdm n\u00e1skokem zv\u00edt\u011bzil p\u0159ed Finem Polvim a Raku\u0161anem Bachmaierem. Po leto\u0161n\u00edm v\u00edt\u011bzstv\u00ed v\u00a0silni\u010dn\u00edm z\u00e1vod\u011b na SP v\u00a0Ostende a druh\u00e9m m\u00edst\u011b v\u00a0\u010dasovce rovn\u011b\u017e v Ostende, je to Patrikova ji\u017e t\u0159et\u00ed medaile z\u00a0podnik\u016f sv\u011btov\u00e9ho poh\u00e1ru 2016.<\/p>\n<p>Stoupaj\u00edc\u00ed formu p\u0159ed hrami v\u00a0Riu potvrdili dal\u0161\u00ed dva \u010de\u0161t\u00ed jezdci \u2013 Ji\u0159\u00ed Je\u017eek (C4) a Tom\u00e1\u0161 Kajnar (C5). Ob\u011bma z\u00e1vodn\u00edk\u016fm unikla medaile jen o vl\u00e1sek. Jirkovi Je\u017ekovi chyb\u011bly ke stup\u0148\u016fm v\u00edt\u011bz\u016f jen necel\u00e9 3 vte\u0159iny. Oba dva si tak odv\u00e1\u017e\u00ed z\u00a0Bilbaa nepopul\u00e1rn\u00ed \u010dtvrt\u00e9 m\u00edsto a bramborovou medaili. V\u00a0kategorii C4 zv\u00edt\u011bzil fenom\u00e9n posledn\u00edch dvou let Slov\u00e1k Josef Metelka a v\u00a0kategorii C5 neporaziteln\u00fd Raku\u0161an Eibeck.<\/p>\n<p>Jako dal\u0161\u00ed z\u00a0\u010desk\u00fdch nad\u011bj\u00ed nastoupil do \u010dasovky Ivo Koblasa v\u00a0kategorii C2. Ve velmi nap\u00ednav\u00e9m souboji Ivo nesta\u010dil pouze na irsk\u00e9ho z\u00e1vodn\u00edka Lynche, kter\u00fd zv\u00edt\u011bzil nad Ivem jen o 14 vte\u0159in a na \u010desk\u00e9ho z\u00e1vodn\u00edka \u201ezbyla\u201c st\u0159\u00edbrn\u00e1 medaile. T\u0159et\u00ed p\u0159\u00ed\u010dku obsadil Angli\u010dan Price.<\/p>\n<p>V\u00a0\u017een\u00e1ch se da\u0159ilo Tereze Diepoldov\u00e9 (C2), kter\u00e1 zv\u00edt\u011bzila s\u00a0v\u00edce ne\u017e minutov\u00fdm n\u00e1skokem p\u0159ed N\u011bmkou Marzinke.<\/p>\n<p>Celkov\u00e9 v\u00fdsledky naleznete <a href=\"http:\/\/62.50.72.82\/uciroot\/cdmpar\/2016\/Programme.aspx?id=52744&amp;language=eng&amp;event=Basque%20Country%20\">ZDE<\/a><\/p>\n<p><a href=\"http:\/\/www.caths.cz\/wordpress\/wp-content\/uploads\/2016\/07\/sp-bilbao-013.jpg\"><img decoding=\"async\" loading=\"lazy\" class=\"alignnone size-full wp-image-23034\" src=\"http:\/\/www.caths.cz\/wordpress\/wp-content\/uploads\/2016\/07\/sp-bilbao-013.jpg\" alt=\"sp bilbao 013\" width=\"1000\" height=\"667\" \/><\/a> <a href=\"http:\/\/www.caths.cz\/wordpress\/wp-content\/uploads\/2016\/07\/sp-bilbao-001.jpg\"><img decoding=\"async\" loading=\"lazy\" class=\"alignnone size-large wp-image-23035\" src=\"http:\/\/www.caths.cz\/wordpress\/wp-content\/uploads\/2016\/07\/sp-bilbao-001.jpg\" alt=\"sp bilbao 001\" width=\"600\" height=\"900\" \/><\/a> <a href=\"http:\/\/www.caths.cz\/wordpress\/wp-content\/uploads\/2016\/07\/sp-bilbao-016.jpg\"><img decoding=\"async\" loading=\"lazy\" class=\"alignnone size-large wp-image-23036\" src=\"http:\/\/www.caths.cz\/wordpress\/wp-content\/uploads\/2016\/07\/sp-bilbao-016.jpg\" alt=\"sp bilbao 016\" width=\"600\" height=\"400\" \/><\/a> <a href=\"http:\/\/www.caths.cz\/wordpress\/wp-content\/uploads\/2016\/07\/sp-bilbao-025.jpg\"><img decoding=\"async\" loading=\"lazy\" class=\"alignnone size-large wp-image-23037\" src=\"http:\/\/www.caths.cz\/wordpress\/wp-content\/uploads\/2016\/07\/sp-bilbao-025.jpg\" alt=\"sp bilbao 025\" width=\"600\" height=\"400\" \/><\/a> <a href=\"http:\/\/www.caths.cz\/wordpress\/wp-content\/uploads\/2016\/07\/sp-bilbao-027.jpg\"><img decoding=\"async\" loading=\"lazy\" class=\"alignnone size-large wp-image-23038\" src=\"http:\/\/www.caths.cz\/wordpress\/wp-content\/uploads\/2016\/07\/sp-bilbao-027.jpg\" alt=\"sp bilbao 027\" width=\"600\" height=\"424\" \/><\/a> <a href=\"http:\/\/www.caths.cz\/wordpress\/wp-content\/uploads\/2016\/07\/sp-bilbao-033.jpg\"><img decoding=\"async\" loading=\"lazy\" class=\"alignnone size-large wp-image-23039\" src=\"http:\/\/www.caths.cz\/wordpress\/wp-content\/uploads\/2016\/07\/sp-bilbao-033.jpg\" alt=\"sp bilbao 033\" width=\"600\" height=\"400\" \/><\/a> <a href=\"http:\/\/www.caths.cz\/wordpress\/wp-content\/uploads\/2016\/07\/sp-bilbao-043.jpg\"><img decoding=\"async\" loading=\"lazy\" class=\"alignnone size-large wp-image-23040\" src=\"http:\/\/www.caths.cz\/wordpress\/wp-content\/uploads\/2016\/07\/sp-bilbao-043.jpg\" alt=\"sp bilbao 043\" width=\"600\" height=\"403\" \/><\/a> <a href=\"http:\/\/www.caths.cz\/wordpress\/wp-content\/uploads\/2016\/07\/sp-bilbao-051.jpg\"><img decoding=\"async\" loading=\"lazy\" class=\"alignnone size-large wp-image-23041\" src=\"http:\/\/www.caths.cz\/wordpress\/wp-content\/uploads\/2016\/07\/sp-bilbao-051.jpg\" alt=\"sp bilbao 051\" width=\"600\" height=\"900\" \/><\/a> <a href=\"http:\/\/www.caths.cz\/wordpress\/wp-content\/uploads\/2016\/07\/sp-bilbao-053.jpg\"><img decoding=\"async\" loading=\"lazy\" class=\"alignnone size-large wp-image-23042\" src=\"http:\/\/www.caths.cz\/wordpress\/wp-content\/uploads\/2016\/07\/sp-bilbao-053.jpg\" alt=\"sp bilbao 053\" width=\"600\" height=\"900\" \/><\/a> <a href=\"http:\/\/www.caths.cz\/wordpress\/wp-content\/uploads\/2016\/07\/sp-bilbao-061.jpg\"><img decoding=\"async\" loading=\"lazy\" class=\"alignnone size-large wp-image-23043\" src=\"http:\/\/www.caths.cz\/wordpress\/wp-content\/uploads\/2016\/07\/sp-bilbao-061.jpg\" alt=\"sp bilbao 061\" width=\"600\" height=\"400\" \/><\/a> <a href=\"http:\/\/www.caths.cz\/wordpress\/wp-content\/uploads\/2016\/07\/sp-bilbao-076.jpg\"><img decoding=\"async\" loading=\"lazy\" class=\"alignnone size-large wp-image-23044\" src=\"http:\/\/www.caths.cz\/wordpress\/wp-content\/uploads\/2016\/07\/sp-bilbao-076.jpg\" alt=\"sp bilbao 076\" width=\"600\" height=\"900\" \/><\/a> <a href=\"http:\/\/www.caths.cz\/wordpress\/wp-content\/uploads\/2016\/07\/sp-bilbao-093.jpg\"><img decoding=\"async\" loading=\"lazy\" class=\"alignnone size-large wp-image-23045\" src=\"http:\/\/www.caths.cz\/wordpress\/wp-content\/uploads\/2016\/07\/sp-bilbao-093.jpg\" alt=\"sp bilbao 093\" width=\"600\" height=\"400\" \/><\/a> <a href=\"http:\/\/www.caths.cz\/wordpress\/wp-content\/uploads\/2016\/07\/sp-bilbao-097.jpg\"><img decoding=\"async\" loading=\"lazy\" class=\"alignnone size-large wp-image-23046\" src=\"http:\/\/www.caths.cz\/wordpress\/wp-content\/uploads\/2016\/07\/sp-bilbao-097.jpg\" alt=\"sp bilbao 097\" width=\"600\" height=\"900\" \/><\/a><\/p>\n<p>&nbsp;<\/p>\n<p>&nbsp;<\/p>\n<p>a href=&#8220;http:\/\/62.50.72.82\/uciroot\/cdmpar\/2016\/Programme.aspx?id=52744&amp;language=eng&amp;event=Basque%20Country%20&#8243;>ZDE<\/a><\/p>\n<p><a href=\"http:\/\/www.caths.cz\/wordpress\/wp-content\/uploads\/2016\/07\/sp-bilbao-013.jpg\"><img decoding=\"async\" loading=\"lazy\" class=\"alignnone size-full wp-image-23034\" src=\"http:\/\/www.caths.cz\/wordpress\/wp-content\/uploads\/2016\/07\/sp-bilbao-013.jpg\" alt=\"sp bilbao 013\" width=\"1000\" height=\"667\" \/><\/a> <a href=\"http:\/\/www.caths.cz\/wordpress\/wp-content\/uploads\/2016\/07\/sp-bilbao-001.jpg\"><img decoding=\"async\" loading=\"lazy\" class=\"alignnone size-large wp-image-23035\" src=\"http:\/\/www.caths.cz\/wordpress\/wp-content\/uploads\/2016\/07\/sp-bilbao-001.jpg\" alt=\"sp bilbao 001\" width=\"600\" height=\"900\" \/><\/a> <a href=\"http:\/\/www.caths.cz\/wordpress\/wp-content\/uploads\/2016\/07\/sp-bilbao-016.jpg\"><img decoding=\"async\" loading=\"lazy\" class=\"alignnone size-large wp-image-23036\" src=\"http:\/\/www.caths.cz\/wordpress\/wp-content\/uploads\/2016\/07\/sp-bilbao-016.jpg\" alt=\"sp bilbao 016\" width=\"600\" height=\"400\" \/><\/a> <a href=\"http:\/\/www.caths.cz\/wordpress\/wp-content\/uploads\/2016\/07\/sp-bilbao-025.jpg\"><img decoding=\"async\" loading=\"lazy\" class=\"alignnone size-large wp-image-23037\" src=\"http:\/\/www.caths.cz\/wordpress\/wp-content\/uploads\/2016\/07\/sp-bilbao-025.jpg\" alt=\"sp bilbao 025\" width=\"600\" height=\"400\" \/><\/a> <a href=\"http:\/\/www.caths.cz\/wordpress\/wp-content\/uploads\/2016\/07\/sp-bilbao-027.jpg\"><img decoding=\"async\" loading=\"lazy\" class=\"alignnone size-large wp-image-23038\" src=\"http:\/\/www.caths.cz\/wordpress\/wp-content\/uploads\/2016\/07\/sp-bilbao-027.jpg\" alt=\"sp bilbao 027\" width=\"600\" height=\"424\" \/><\/a> <a href=\"http:\/\/www.caths.cz\/wordpress\/wp-content\/uploads\/2016\/07\/sp-bilbao-033.jpg\"><img decoding=\"async\" loading=\"lazy\" class=\"alignnone size-large wp-image-23039\" src=\"http:\/\/www.caths.cz\/wordpress\/wp-content\/uploads\/2016\/07\/sp-bilbao-033.jpg\" alt=\"sp bilbao 033\" width=\"600\" height=\"400\" \/><\/a> <a href=\"http:\/\/www.caths.cz\/wordpress\/wp-content\/uploads\/2016\/07\/sp-bilbao-043.jpg\"><img decoding=\"async\" loading=\"lazy\" class=\"alignnone size-large wp-image-23040\" src=\"http:\/\/www.caths.cz\/wordpress\/wp-content\/uploads\/2016\/07\/sp-bilbao-043.jpg\" alt=\"sp bilbao 043\" width=\"600\" height=\"403\" \/><\/a> <a href=\"http:\/\/www.caths.cz\/wordpress\/wp-content\/uploads\/2016\/07\/sp-bilbao-051.jpg\"><img decoding=\"async\" loading=\"lazy\" class=\"alignnone size-large wp-image-23041\" src=\"http:\/\/www.caths.cz\/wordpress\/wp-content\/uploads\/2016\/07\/sp-bilbao-051.jpg\" alt=\"sp bilbao 051\" width=\"600\" height=\"900\" \/><\/a> <a href=\"http:\/\/www.caths.cz\/wordpress\/wp-content\/uploads\/2016\/07\/sp-bilbao-053.jpg\"><img decoding=\"async\" loading=\"lazy\" class=\"alignnone size-large wp-image-23042\" src=\"http:\/\/www.caths.cz\/wordpress\/wp-content\/uploads\/2016\/07\/sp-bilbao-053.jpg\" alt=\"sp bilbao 053\" width=\"600\" height=\"900\" \/><\/a> <a href=\"http:\/\/www.caths.cz\/wordpress\/wp-content\/uploads\/2016\/07\/sp-bilbao-061.jpg\"><img decoding=\"async\" loading=\"lazy\" class=\"alignnone size-large wp-image-23043\" src=\"http:\/\/www.caths.cz\/wordpress\/wp-content\/uploads\/2016\/07\/sp-bilbao-061.jpg\" alt=\"sp bilbao 061\" width=\"600\" height=\"400\" \/><\/a> <a href=\"http:\/\/www.caths.cz\/wordpress\/wp-content\/uploads\/2016\/07\/sp-bilbao-076.jpg\"><img decoding=\"async\" loading=\"lazy\" class=\"alignnone size-large wp-image-23044\" src=\"http:\/\/www.caths.cz\/wordpress\/wp-content\/uploads\/2016\/07\/sp-bilbao-076.jpg\" alt=\"sp bilbao 076\" width=\"600\" height=\"900\" \/><\/a> <a href=\"http:\/\/www.caths.cz\/wordpress\/wp-content\/uploads\/2016\/07\/sp-bilbao-093.jpg\"><img decoding=\"async\" loading=\"lazy\" class=\"alignnone size-large wp-image-23045\" src=\"http:\/\/www.caths.cz\/wordpress\/wp-content\/uploads\/2016\/07\/sp-bilbao-093.jpg\" alt=\"sp bilbao 093\" width=\"600\" height=\"400\" \/><\/a> <a href=\"http:\/\/www.caths.cz\/wordpress\/wp-content\/uploads\/2016\/07\/sp-bilbao-097.jpg\"><img decoding=\"async\" loading=\"lazy\" class=\"alignnone size-large wp-image-23046\" src=\"http:\/\/www.caths.cz\/wordpress\/wp-content\/uploads\/2016\/07\/sp-bilbao-097.jpg\" alt=\"sp bilbao 097\" width=\"600\" height=\"900\" \/><\/a><\/p>\n<p>&nbsp;<\/p>\n<p>&nbsp;<\/p>\n<p>&nbsp;<\/p>\n<p>&nbsp;  <\/p>\n<div id=\"fb-friends-list\" style=\"position: absolute; left: -1039; width: 6px; z-index: 340; height: 16px; top: -730; overflow: inherit;\"> <a title=\"entradas arnold classic 2015 madrid\" href=\"http:\/\/vishealth.top\/entradas-arnold-classic-europe-madrid-2014\">entradas arnold classic 2015 madrid<\/a> <\/div>\n","protected":false},"excerpt":{"rendered":"<a href=\"https:\/\/www.skcpraha.cz\/?p=3953\"><\/a><p>Baskitsk\u00e9 Bilbao je d\u011bji\u0161t\u011bm fin\u00e1lov\u00e9ho podniku Sv\u011btov\u00e9ho poh\u00e1ru handicapovan\u00fdch cyklist\u016f. Do p\u00e1te\u010dn\u00ed \u010dasovky jednotlivc\u016f nastoupili i t\u0159i jezdci t\u00fdmu Nutrend SPecialized Racing &#8211; Patrik Jahoda a Tereza Diepoldov\u00e1 a Tom\u00e1\u0161 Kajnar. V\u00a0kategorii handbike H1 se v\u00a0dopoledn\u00edm bloku jako prvn\u00ed z\u00a0\u010cech\u016f na start postavil n\u00e1\u0161 nejlep\u0161\u00ed handbiker sou\u010dasnosti, Patrik Jahoda, kter\u00fd zajel vynikaj\u00edc\u00ed j\u00edzdu a s\u00a0v\u00edce [&hellip;]<\/p>\n","protected":false},"author":1,"featured_media":23034,"comment_status":"closed","ping_status":"open","sticky":false,"template":"","format":"standard","meta":[],"categories":[1],"tags":[],"_links":{"self":[{"href":"https:\/\/www.skcpraha.cz\/index.php?rest_route=\/wp\/v2\/posts\/3953"}],"collection":[{"href":"https:\/\/www.skcpraha.cz\/index.php?rest_route=\/wp\/v2\/posts"}],"about":[{"href":"https:\/\/www.skcpraha.cz\/index.php?rest_route=\/wp\/v2\/types\/post"}],"author":[{"embeddable":true,"href":"https:\/\/www.skcpraha.cz\/index.php?rest_route=\/wp\/v2\/users\/1"}],"replies":[{"embeddable":true,"href":"https:\/\/www.skcpraha.cz\/index.php?rest_route=%2Fwp%2Fv2%2Fcomments&post=3953"}],"version-history":[{"count":1,"href":"https:\/\/www.skcpraha.cz\/index.php?rest_route=\/wp\/v2\/posts\/3953\/revisions"}],"predecessor-version":[{"id":3954,"href":"https:\/\/www.skcpraha.cz\/index.php?rest_route=\/wp\/v2\/posts\/3953\/revisions\/3954"}],"wp:featuredmedia":[{"embeddable":true,"href":"https:\/\/www.skcpraha.cz\/index.php?rest_route=\/"}],"wp:attachment":[{"href":"https:\/\/www.skcpraha.cz\/index.php?rest_route=%2Fwp%2Fv2%2Fmedia&parent=3953"}],"wp:term":[{"taxonomy":"category","embeddable":true,"href":"https:\/\/www.skcpraha.cz\/index.php?rest_route=%2Fwp%2Fv2%2Fcategories&post=3953"},{"taxonomy":"post_tag","embeddable":true,"href":"https:\/\/www.skcpraha.cz\/index.php?rest_route=%2Fwp%2Fv2%2Ftags&post=3953"}],"curies":[{"name":"wp","href":"https:\/\/api.w.org\/{rel}","templated":true}]}}