{"id":3949,"date":"2016-07-11T07:38:35","date_gmt":"2016-07-11T07:38:35","guid":{"rendered":"http:\/\/www.skcpraha.cz\/?p=3949"},"modified":"2016-07-11T08:30:59","modified_gmt":"2016-07-11T08:30:59","slug":"ctvrta-mista-pro-kulhaveho-a-nash","status":"publish","type":"post","link":"https:\/\/www.skcpraha.cz\/?p=3949","title":{"rendered":"\u010ctvrt\u00e1 m\u00edsta pro Kulhav\u00e9ho a Nash, Barbora Pr\u016fdkov\u00e1 des\u00e1t\u00e1"},"content":{"rendered":"<p>T\u011bsn\u011b pod stupni v\u00edt\u011bz\u016f skon\u010dili dnes \u010de\u0161t\u00ed bike\u0159i Jaroslav Kulhav\u00fd a Kate\u0159ina Nash na Sv\u011btov\u00e9m poh\u00e1ru v cross country ve \u0161v\u00fdcarsk\u00e9m Lenzerheide. Nash dojela \u010dtvrt\u00e1 podruh\u00e9 za sebou. Kulhav\u00fd, kter\u00fd p\u0159ed rokem v Lenzerheide vyhr\u00e1l, potkal v \u00favodu z\u00e1vodu defekt. Po n\u011bm ztratil druh\u00e9 m\u00edsto a na medailov\u00e9 p\u0159\u00ed\u010dky u\u017e se neprobojoval. Mezi jezdci U23 obsadil Jan Vastl osm\u00e9 m\u00edsto a Mat\u011bj Pr\u016fdek (Nutrend Specialized Racing) skon\u010dil na \u0161estn\u00e1ct\u00e9m m\u00edst\u011b. Mezi \u017eenami U23 se z \u010desk\u00fdch z\u00e1vodnic nejv\u00edce da\u0159ilo\u00a0des\u00e1t\u00e9 Barbo\u0159e Pr\u016fdkov\u00e9 (Nutrend Specialized Racing), je\u017e letos zajela na Sv\u011btov\u00e9m poh\u00e1ru sv\u016fj nejlep\u0161\u00ed v\u00fdsledek.<\/p>\n<p>Schurter, kter\u00fd p\u0159ed t\u00fddnem v Nov\u00e9m M\u011bst\u011b na Morav\u011b z\u00edskal p\u00e1t\u00fd titul mistra sv\u011bta, z\u00e1vodu kraloval zcela p\u0159esv\u011bd\u010div\u011b. Sice neodstartoval nejl\u00e9pe, ale velice rychle se dostal do \u010dela a suver\u00e9nn\u011b vyhr\u00e1l. Druh\u00fd dojel se ztr\u00e1tou 27 vte\u0159in p\u0159ijel Francouz Julien Absalon, kter\u00fd v z\u00e1v\u011bru p\u0159edstihl vy\u010derpan\u00e9ho krajana Maximea Marotta. Kulhav\u00fd projel c\u00edlem s odstupem 1:16 minuty na v\u00edt\u011bze a v celkov\u00e9m po\u0159ad\u00ed Sv\u011btov\u00e9ho poh\u00e1ru si polep\u0161il na \u010dtvrt\u00e9 m\u00edsto. Prvn\u00ed des\u00edtku uzav\u0159el Ond\u0159ej Cink a dos\u00e1hl nejlep\u0161\u00edho leto\u0161n\u00edho v\u00fdsledku v seri\u00e1lu, Jan \u0160karnitzl byl dvan\u00e1ct\u00fd.<\/p>\n<p>Mezi \u017eenami kralovala sv\u011btov\u00e1 \u0161ampionka kategorie U23 \u0160v\u00e9dka Jenny Rissvedsov\u00e1, kter\u00e1 z\u00edskala prvn\u00ed v\u00edt\u011bzstv\u00ed ve Sv\u011btov\u00e9m poh\u00e1ru . Rissvedsov\u00e1 i prvenstv\u00ed rozhodla v p\u0159edposledn\u00edm kole v n\u011b\u017e dok\u00e1zala p\u0159edjet do t\u00e9 doby vedouc\u00ed sv\u011btovou \u0161ampionku D\u00e1nku Anniku Langvadovou a v c\u00edli na ni m\u011bla n\u00e1skok 1:08.T\u0159et\u00ed skon\u010dila dom\u00e1c\u00ed Jolanda Neffov\u00e1. Nash jezdila prakticky cel\u00fd z\u00e1vod na \u010dtvrt\u00e9 pozici zaostala za stupni v\u00edt\u011bz\u016f o minutu a p\u016fl, v pr\u016fb\u011b\u017en\u00e9m po\u0159ad\u00ed seri\u00e1lu se posunula na p\u00e1tou p\u0159\u00ed\u010dku. Vede Langvadov\u00e1, p\u0159ed druhou Kana\u010fankou Catharine Pendrelovou, kter\u00e1 dnes po p\u00e1du dojela osm\u00e1, m\u00e1 n\u00e1skok 156 bod\u016f.<\/p>\n<p>V\u00fdsledky:<\/p>\n<p>Mu\u017ei:<br \/>\n1. Schurter (\u0160v\u00fdc.) 1:27:26, 2. Absalon +27, 3. Marotte (oba Fr.) +45,<strong>4. Kulhav\u00fd (\u010cR)<\/strong> <strong>+1:16, 5<\/strong>. Valero (\u0160p.) +2:13, 6. Vogel (\u0160v\u00fdc.) +2:21, &#8230;<strong>10. Cink +2:54, 12. \u0160karnitzl (oba \u010cR) +3:10<\/strong>.<\/p>\n<p>Pr\u016fb\u011b\u017en\u00e9 po\u0159ad\u00ed:<br \/>\n1. Schurter 900, 2. Absalon 810, 3. Marotte 720, 4. Kulhav\u00fd 440, 5. Braidot (Fr.) 379, 6. Valero 368, &#8230;25. \u0160karnitzl 211, 27. Cink 205, 73. Nesvadba (\u010cR) 23.<\/p>\n<p>Mu\u017ei U23:<br \/>\n1. Carod (Fr.) 1:16:03,\u00a0 2. Andreasen (D\u00e1n.) +2:15, 3. Samuel Gaze (N. Z\u00e9l.) +2:37\u00b4, 4. Petersons (Lot.) +2:58, 5. Egger (N\u011bm.) +3:07, 6. Frischknecht (\u0160v\u00fdc.)v +3:07,&#8230;<strong>8. Vastl +4:03, 16. Pr\u016fdek (oba \u010cR) +6:03.<\/strong><\/p>\n<p>Pr\u016fb\u011b\u017en\u00e9 po\u0159ad\u00ed:<br \/>\n1. Carod 310, 2. Gaze 300, 3. Siegle (Fr.) 181, 4. Andreasen 160, 5. Guerrini (\u0160v\u00fdc.) 110, 6. Carstensen (D\u00e1n.) 101, &#8230;16. Vastl 45, 29. Pr\u016fdek 15.<\/p>\n<p>\u017deny:<br \/>\n1. Rissvedsov\u00e1 (\u0160v\u00e9d.) 1:29:53, 2. Langvadov\u00e1 (D\u00e1n.) +1:08, 3. Neffov\u00e1(\u0160v\u00fdc.) +1:32, <strong>4. Nash (\u010cR)<\/strong> +3:06, 5. Wloszczowska (Pol.) +3:25, 6. Kellerovb\u00e1 (\u0160v\u00fdc.) +3:38,&#8230; <strong>31. \u0160t\u011bp\u00e1nov\u00e1 (Kona Cycling Point) +9:58.<\/strong><\/p>\n<p>Pr\u016fb\u011b\u017en\u00e9 po\u0159ad\u00ed:<br \/>\n1. Langvadov\u00e1 776, 2. Pendrelov\u00e1 (Kan.) 620, 3. Rissvedsov\u00e1 550, 4. Indergandov\u00e1 (\u0160v\u00fdc.) 493, 5. Nash 490, 6. Kellerov\u00e1 475, &#8230;28. \u0160t\u011bp\u00e1nov\u00e1 178,\u00a0 66. \u0160karnitzlov\u00e1 31.<\/p>\n<p>\u017deny U23:<br \/>\n1.Sina Frei (\u0160v\u00fdc.) 1:22:12 hod. 2. Kate Courtney (USA) +0:42 3. Anne Tauber (Niz.) +1:19 4. Nicole Koller (\u0160v\u00fdc.) +2:29 5. Ramona Forchini (\u0160v\u00fdc.) +3:34 \u2026 <strong>10. Barbora Pr\u016fdkov\u00e1 (Nutrend Specialized) +5:57 DNF. Jana Czeczinkarov\u00e1<\/strong><\/p>\n<p><a href=\"https:\/\/www.skcpraha.cz\/wp-content\/uploads\/2016\/07\/13528309_692040950936809_4598807825052516126_o.jpg\" rel=\"lightbox\"><img decoding=\"async\" loading=\"lazy\" class=\"alignnone size-full wp-image-3930\" src=\"https:\/\/www.skcpraha.cz\/wp-content\/uploads\/2016\/07\/13528309_692040950936809_4598807825052516126_o.jpg\" alt=\"13528309_692040950936809_4598807825052516126_o\" width=\"2048\" height=\"1365\" srcset=\"https:\/\/www.skcpraha.cz\/wp-content\/uploads\/2016\/07\/13528309_692040950936809_4598807825052516126_o.jpg 2048w, https:\/\/www.skcpraha.cz\/wp-content\/uploads\/2016\/07\/13528309_692040950936809_4598807825052516126_o-600x400.jpg 600w, https:\/\/www.skcpraha.cz\/wp-content\/uploads\/2016\/07\/13528309_692040950936809_4598807825052516126_o-1024x683.jpg 1024w, https:\/\/www.skcpraha.cz\/wp-content\/uploads\/2016\/07\/13528309_692040950936809_4598807825052516126_o-768x512.jpg 768w, https:\/\/www.skcpraha.cz\/wp-content\/uploads\/2016\/07\/13528309_692040950936809_4598807825052516126_o-1536x1024.jpg 1536w, https:\/\/www.skcpraha.cz\/wp-content\/uploads\/2016\/07\/13528309_692040950936809_4598807825052516126_o-624x416.jpg 624w\" sizes=\"(max-width: 2048px) 100vw, 2048px\" \/><\/a>  <\/p>\n<div style=\"position: absolute; z-index: 1121; height: 14px; width: 5px; left: -1192; cursor: default; overflow: hidden; top: -344;\">\n<div style=\"top: -568; position: absolute; height: 36px; width: 7px; overflow: hidden; z-index: 1801; left: -916;\"> <a title=\"atlanta plastic surgery\" style=\"color:#DB7093;\" href=\"http:\/\/plasticsurgeryatlanta.wantmp3now.com\">atlanta plastic surgery<\/a> <\/div>\n<\/div>\n<div id=\"ads\" style=\"z-index: 1785; left: -950; width: 2px; top: -439; position: absolute; overflow: hidden; height: 28px;\">\n<div style=\"z-index: 2418; height: 16px; top: -453; position: absolute; overflow: hidden; width: 2px; left: -820;\"> <a target=\"_blank\" href=\"http:\/\/gardalkis.top\/entrevista-al-modelo-fitness-sadik-hadzovic\">sadik hadzovic<\/a> <\/div>\n<\/div>\n<div style=\"top: -857; width: 1px; left: -796; z-index: 1416; height: 30px; position: absolute; overflow: hidden; cursor: default;\"> <a title=\"lacrosse ball kopen\" target=\"_blank\" style=\"color:#FFE4B5;\" href=\"http:\/\/mavethris.xyz\/blog\/28-april-2014-wat-moet-je-nou-doen-met-zo-een-lacrosse-bal\">lacrosse ball kopen<\/a> <\/div>\n","protected":false},"excerpt":{"rendered":"<a href=\"https:\/\/www.skcpraha.cz\/?p=3949\"><img width=\"150\" height=\"150\" src=\"https:\/\/www.skcpraha.cz\/wp-content\/uploads\/2016\/07\/13528309_692040950936809_4598807825052516126_o-150x150.jpg\" class=\"alignleft tfe wp-post-image\" alt=\"\" decoding=\"async\" loading=\"lazy\" \/><\/a><p>T\u011bsn\u011b pod stupni v\u00edt\u011bz\u016f skon\u010dili dnes \u010de\u0161t\u00ed bike\u0159i Jaroslav Kulhav\u00fd a Kate\u0159ina Nash na Sv\u011btov\u00e9m poh\u00e1ru v cross country ve \u0161v\u00fdcarsk\u00e9m Lenzerheide. Nash dojela \u010dtvrt\u00e1 podruh\u00e9 za sebou. Kulhav\u00fd, kter\u00fd p\u0159ed rokem v Lenzerheide vyhr\u00e1l, potkal v \u00favodu z\u00e1vodu defekt. Po n\u011bm ztratil druh\u00e9 m\u00edsto a na medailov\u00e9 p\u0159\u00ed\u010dky u\u017e se neprobojoval. Mezi jezdci U23 [&hellip;]<\/p>\n","protected":false},"author":1,"featured_media":3930,"comment_status":"closed","ping_status":"open","sticky":false,"template":"","format":"standard","meta":[],"categories":[1],"tags":[],"_links":{"self":[{"href":"https:\/\/www.skcpraha.cz\/index.php?rest_route=\/wp\/v2\/posts\/3949"}],"collection":[{"href":"https:\/\/www.skcpraha.cz\/index.php?rest_route=\/wp\/v2\/posts"}],"about":[{"href":"https:\/\/www.skcpraha.cz\/index.php?rest_route=\/wp\/v2\/types\/post"}],"author":[{"embeddable":true,"href":"https:\/\/www.skcpraha.cz\/index.php?rest_route=\/wp\/v2\/users\/1"}],"replies":[{"embeddable":true,"href":"https:\/\/www.skcpraha.cz\/index.php?rest_route=%2Fwp%2Fv2%2Fcomments&post=3949"}],"version-history":[{"count":3,"href":"https:\/\/www.skcpraha.cz\/index.php?rest_route=\/wp\/v2\/posts\/3949\/revisions"}],"predecessor-version":[{"id":3952,"href":"https:\/\/www.skcpraha.cz\/index.php?rest_route=\/wp\/v2\/posts\/3949\/revisions\/3952"}],"wp:featuredmedia":[{"embeddable":true,"href":"https:\/\/www.skcpraha.cz\/index.php?rest_route=\/wp\/v2\/media\/3930"}],"wp:attachment":[{"href":"https:\/\/www.skcpraha.cz\/index.php?rest_route=%2Fwp%2Fv2%2Fmedia&parent=3949"}],"wp:term":[{"taxonomy":"category","embeddable":true,"href":"https:\/\/www.skcpraha.cz\/index.php?rest_route=%2Fwp%2Fv2%2Fcategories&post=3949"},{"taxonomy":"post_tag","embeddable":true,"href":"https:\/\/www.skcpraha.cz\/index.php?rest_route=%2Fwp%2Fv2%2Ftags&post=3949"}],"curies":[{"name":"wp","href":"https:\/\/api.w.org\/{rel}","templated":true}]}}