{"id":3327,"date":"2016-02-26T20:11:54","date_gmt":"2016-02-26T20:11:54","guid":{"rendered":"http:\/\/www.skcpraha.cz\/?p=3327"},"modified":"2016-02-26T20:11:54","modified_gmt":"2016-02-26T20:11:54","slug":"safarova-vitezi-i-ve-druhe-etape-sunshine-cupu-kulhavy-7","status":"publish","type":"post","link":"https:\/\/www.skcpraha.cz\/?p=3327","title":{"rendered":"\u0160af\u00e1\u0159ov\u00e1 v\u00edt\u011bz\u00ed i ve druh\u00e9 etap\u011b Sunshine Cupu, Kulhav\u00fd 7."},"content":{"rendered":"<p>I ve druh\u00e9 etap\u011b Sunshine Cupu na Kypru bylo v\u00a0\u010desk\u00e9m reprezenta\u010dn\u00edm t\u00fdmu co slavit, v\u00a0podob\u011b v\u00edt\u011bzstv\u00ed Ad\u00e9ly \u0160af\u00e1\u0159ov\u00e9 (Nutrend Specialized Racing), kter\u00e1 potvrdila v\u00fdkonnost a nav\u00fd\u0161ila v\u00a0juniorsk\u00e9 kategorii sv\u00e9 veden\u00ed na v\u00edce jak \u010dty\u0159i minuty.<\/p>\n<p><em>\u201eNa za\u010d\u00e1tku etapy jsem na tom byla celkem slu\u0161n\u011b, prvn\u011b jsem se dr\u017eela i mezi \u017eenami a n\u00e1sledn\u011b i s\u00a0juniory. V\u00a0z\u00e1v\u011bre\u010dn\u00e9m del\u0161\u00edm kopci jsem m\u011bla men\u0161\u00ed krizi, ale posledn\u00ed kilometry jsem se op\u011bt slu\u0161n\u011b rozjela. Za v\u00edt\u011bzstv\u00ed jsem hrozn\u011b r\u00e1da a douf\u00e1m, \u017ee se mi poda\u0159\u00ed usp\u011bt i v\u00a0z\u00edt\u0159ej\u0161\u00ed t\u0159et\u00ed etap\u011b,\u201c <\/em>komentovala nejn\u00e1ro\u010dn\u011bj\u0161\u00ed etapu juniorka Ad\u00e9la \u0160af\u00e1\u0159ov\u00e1.<\/p>\n<p>Z\u00a0\u017een kvalitn\u00ed formu potvrdila n\u011bmeck\u00e1 reprezentantka Elisabeth Brandau (Radon Ebeb), kter\u00e1 zv\u00edt\u011bzila o dev\u011bt vte\u0159in p\u0159ed svoj\u00ed krajankou Adelheid Morath(BH SR-Suntour). Z \u010desk\u00fdch reprezentantek se nejl\u00e9pe prosadila jako 22. Jitka \u0160karnitzlov\u00e1 (\u010cesk\u00e1 spo\u0159itelna Accolade) se ztr\u00e1tou 10:17 na N\u011bmku. Velmi slu\u0161n\u011b si v\u00a0nabit\u00e9 konkurenci vedla, kolegyn\u011b Ad\u00e9ly \u0160af\u00e1\u0159ov\u00e9 z\u00a0t\u00fdmu Nutrend Specialized Racing, Barbora Pr\u016fdkov\u00e1, jen\u017e ztratila na v\u00edt\u011bzku p\u0159es 12 minut. Pr\u016fdkov\u00e1 pat\u0159\u00edc\u00ed do kategorie \u017een do 23 let sb\u00edr\u00e1 mezi elitou na Sunshine Cupu zku\u0161enosti, a ve sv\u00e9 v\u011bkov\u00e9 kategorii by se \u0159adila s\u00a026. p\u0159\u00ed\u010dkou na \u010dtvrt\u00e9 m\u00edsto.<\/p>\n<p><em>\u201eZe za\u010d\u00e1tku se mi jelo \u0161patn\u011b, ale pozd\u011bji se mi to poda\u0159ilo rozjet. S\u00a0nab\u00fdv\u00e1n\u00edm etap se c\u00edt\u00edm l\u00e9pe a l\u00e9pe a z\u00edtra se chci op\u011bt zlep\u0161it. St\u00e1le jsem ale v\u00a0p\u0159\u00edprav\u011b a mus\u00edm je\u0161t\u011b doladit n\u011bkter\u00e9 d\u016fle\u017eit\u00e9 detaily, jako je nap\u0159\u00edklad j\u00eddlo,\u201c<\/em> dodala Pr\u016fdkov\u00e1 ke druh\u00e9 etap\u011b Sunshine Cupu.<\/p>\n<p>U mu\u017e\u016f se za\u010dalo hned zostra, a skute\u010dnost, \u017ee je olympijsk\u00e1 sezona, je v\u00fdrazn\u011b zn\u00e1t. Tento fakt potvrzuje nejkvalitn\u011bj\u0161\u00ed konkurence v\u00a0z\u00e1vod\u011b, ale i o t\u0159i minuty rychlej\u0161\u00ed \u010das toto\u017en\u00e9 etapy z\u00a0lo\u0148sk\u00fdch let. Na t\u00e9to trati uk\u00e1zal vynikaj\u00edc\u00ed formu Holan\u010fan Mathieu van der Poel (BKCP Corendon), kter\u00fd z\u00edskal n\u00e1skok ze z\u00e1v\u011bre\u010dn\u00e9ho sjezdu a se sekundov\u00fdm n\u00e1skokem zv\u00edt\u011bzil p\u0159ed \u0160v\u00fdcarem Fabianem Gigerem (Kross Racing). T\u0159et\u00ed m\u00edsto bral Brit Grant Ferguson (Superior Brentjens), kter\u00e9mu manko \u010dty\u0159 sekund sta\u010dilo, aby se dostal do \u010dela celkov\u00e9ho hodnocen\u00ed. Z \u010cech\u016f se nel\u00e9pe prosadil olympijsk\u00fd v\u00edt\u011bz Jaroslav Kulhav\u00fd (Specialized Racing), ten dorazil do c\u00edle s mankem 35 sekund na v\u00edt\u011bze a v\u00a0celkov\u00e9m hodnocen\u00ed je dev\u00e1t\u00fd.<\/p>\n<p><em>\u201eDnes to byla jist\u011b nejt\u011b\u017e\u0161\u00ed etapa, kde pro m\u011b byl nejhor\u0161\u00ed dlouh\u00fd z\u00e1v\u011bre\u010dn\u00fd kopec. Byla to alespo\u0148 pro m\u011b takov\u00e1 prvn\u00ed v\u011bt\u0161\u00ed intenzita, tak\u017ee jsem otestoval moj\u00ed p\u0159\u00edpravu,\u201c <\/em>komentoval etapu Kulhav\u00fd.<\/p>\n<p>Dne\u0161n\u00ed v\u00edt\u011bzstv\u00ed Holan\u010fana Mathieu van der Poela Kulhav\u00e9ho nep\u0159ekvapilo.<\/p>\n<p><em>\u201eVan der Poel je rozjet\u00fd z\u00a0cyklokrosu, tak\u017ee jeho v\u00edt\u011bzstv\u00ed m\u011b nep\u0159ekvapilo. Poodjel n\u00e1m ze sjezdu a n\u00e1skok si udr\u017eel a\u017e do c\u00edle. Je st\u00e1le ve skv\u011bl\u00e9 form\u011b a pouze potvrdil svoj\u00ed v\u00fdkonnost, a \u017ee je v\u0161estrann\u00fd cyklista,\u201c <\/em>uvedl Kulhav\u00fd.<\/p>\n<p>Dnes 16. a rovn\u011b\u017e 16. v celkov\u00e9m hodnocen\u00ed je druh\u00fd nejlep\u0161\u00ed z \u010desk\u00fdch jezdc\u016f, Jan \u0160karnitzl (Sram Mitas Trek).<\/p>\n<p><em>\u201eJsem st\u00e1le v\u00a0p\u0159\u00edprav\u011b, tak\u017ee s v\u00fdsledkem a moj\u00ed v\u00fdkonnost\u00ed jsem spokojen\u00fd. St\u00e1le jsem ve f\u00e1zi, kdy se mus\u00edm po\u0159\u00e1dn\u011b rozz\u00e1vodit. N\u00e1sleduj\u00edc\u00ed dny by se mi m\u011blo jet je\u0161t\u011b l\u00e9pe,\u201c <\/em>dodal \u0160karnitzl.<a href=\"https:\/\/www.skcpraha.cz\/wp-content\/uploads\/2016\/02\/image-c7b566166203a32cc61f71883b9c9eb6f32aba7c2cf4c4b0a317d892d7750794-V.jpg\" rel=\"lightbox\"><img decoding=\"async\" loading=\"lazy\" class=\"alignnone size-full wp-image-3328\" src=\"https:\/\/www.skcpraha.cz\/wp-content\/uploads\/2016\/02\/image-c7b566166203a32cc61f71883b9c9eb6f32aba7c2cf4c4b0a317d892d7750794-V.jpg\" alt=\"image-c7b566166203a32cc61f71883b9c9eb6f32aba7c2cf4c4b0a317d892d7750794-V\" width=\"720\" height=\"598\" srcset=\"https:\/\/www.skcpraha.cz\/wp-content\/uploads\/2016\/02\/image-c7b566166203a32cc61f71883b9c9eb6f32aba7c2cf4c4b0a317d892d7750794-V.jpg 720w, https:\/\/www.skcpraha.cz\/wp-content\/uploads\/2016\/02\/image-c7b566166203a32cc61f71883b9c9eb6f32aba7c2cf4c4b0a317d892d7750794-V-600x498.jpg 600w, https:\/\/www.skcpraha.cz\/wp-content\/uploads\/2016\/02\/image-c7b566166203a32cc61f71883b9c9eb6f32aba7c2cf4c4b0a317d892d7750794-V-624x518.jpg 624w\" sizes=\"(max-width: 720px) 100vw, 720px\" \/><\/a><\/p>\n<p><a href=\"https:\/\/www.skcpraha.cz\/wp-content\/uploads\/2016\/02\/image-c7b566166203a32cc61f71883b9c9eb6f32aba7c2cf4c4b0a317d892d7750794-V.jpg\" rel=\"lightbox\"><img decoding=\"async\" loading=\"lazy\" class=\"alignnone size-full wp-image-3328\" src=\"https:\/\/www.skcpraha.cz\/wp-content\/uploads\/2016\/02\/image-c7b566166203a32cc61f71883b9c9eb6f32aba7c2cf4c4b0a317d892d7750794-V.jpg\" alt=\"image-c7b566166203a32cc61f71883b9c9eb6f32aba7c2cf4c4b0a317d892d7750794-V\" width=\"720\" height=\"598\" srcset=\"https:\/\/www.skcpraha.cz\/wp-content\/uploads\/2016\/02\/image-c7b566166203a32cc61f71883b9c9eb6f32aba7c2cf4c4b0a317d892d7750794-V.jpg 720w, https:\/\/www.skcpraha.cz\/wp-content\/uploads\/2016\/02\/image-c7b566166203a32cc61f71883b9c9eb6f32aba7c2cf4c4b0a317d892d7750794-V-600x498.jpg 600w, https:\/\/www.skcpraha.cz\/wp-content\/uploads\/2016\/02\/image-c7b566166203a32cc61f71883b9c9eb6f32aba7c2cf4c4b0a317d892d7750794-V-624x518.jpg 624w\" sizes=\"(max-width: 720px) 100vw, 720px\" \/><\/a><\/p>\n<p><a href=\"https:\/\/www.skcpraha.cz\/wp-content\/uploads\/2016\/02\/image-ae19e558391120d17d19ba7626d6fcc535f64630fba9832a57d9be637b743ea8-V.jpg\" rel=\"lightbox\"><img decoding=\"async\" loading=\"lazy\" class=\"alignnone size-full wp-image-3331\" src=\"https:\/\/www.skcpraha.cz\/wp-content\/uploads\/2016\/02\/image-ae19e558391120d17d19ba7626d6fcc535f64630fba9832a57d9be637b743ea8-V.jpg\" alt=\"image-ae19e558391120d17d19ba7626d6fcc535f64630fba9832a57d9be637b743ea8-V\" width=\"1280\" height=\"720\" srcset=\"https:\/\/www.skcpraha.cz\/wp-content\/uploads\/2016\/02\/image-ae19e558391120d17d19ba7626d6fcc535f64630fba9832a57d9be637b743ea8-V.jpg 1280w, https:\/\/www.skcpraha.cz\/wp-content\/uploads\/2016\/02\/image-ae19e558391120d17d19ba7626d6fcc535f64630fba9832a57d9be637b743ea8-V-600x337.jpg 600w, https:\/\/www.skcpraha.cz\/wp-content\/uploads\/2016\/02\/image-ae19e558391120d17d19ba7626d6fcc535f64630fba9832a57d9be637b743ea8-V-1024x576.jpg 1024w, https:\/\/www.skcpraha.cz\/wp-content\/uploads\/2016\/02\/image-ae19e558391120d17d19ba7626d6fcc535f64630fba9832a57d9be637b743ea8-V-624x351.jpg 624w\" sizes=\"(max-width: 1280px) 100vw, 1280px\" \/><\/a><\/p>\n<p><a href=\"https:\/\/www.skcpraha.cz\/wp-content\/uploads\/2016\/02\/image-a94c0bf8ace2480633468aa295580e134ec3b661726b3f778f183646f5985c22-V.jpg\" rel=\"lightbox\"><img decoding=\"async\" loading=\"lazy\" class=\"alignnone size-full wp-image-3330\" src=\"https:\/\/www.skcpraha.cz\/wp-content\/uploads\/2016\/02\/image-a94c0bf8ace2480633468aa295580e134ec3b661726b3f778f183646f5985c22-V.jpg\" alt=\"image-a94c0bf8ace2480633468aa295580e134ec3b661726b3f778f183646f5985c22-V\" width=\"720\" height=\"1280\" srcset=\"https:\/\/www.skcpraha.cz\/wp-content\/uploads\/2016\/02\/image-a94c0bf8ace2480633468aa295580e134ec3b661726b3f778f183646f5985c22-V.jpg 720w, https:\/\/www.skcpraha.cz\/wp-content\/uploads\/2016\/02\/image-a94c0bf8ace2480633468aa295580e134ec3b661726b3f778f183646f5985c22-V-337x600.jpg 337w, https:\/\/www.skcpraha.cz\/wp-content\/uploads\/2016\/02\/image-a94c0bf8ace2480633468aa295580e134ec3b661726b3f778f183646f5985c22-V-576x1024.jpg 576w, https:\/\/www.skcpraha.cz\/wp-content\/uploads\/2016\/02\/image-a94c0bf8ace2480633468aa295580e134ec3b661726b3f778f183646f5985c22-V-624x1109.jpg 624w\" sizes=\"(max-width: 720px) 100vw, 720px\" \/><\/a><\/p>\n<p><a href=\"https:\/\/www.skcpraha.cz\/wp-content\/uploads\/2016\/02\/image-cc87de5801a9cc9d7d3d62594d9b26f2cfe3cf2f430750b60e763c6f0dde1a3d-V.jpg\" rel=\"lightbox\"><img decoding=\"async\" loading=\"lazy\" class=\"alignnone size-full wp-image-3332\" src=\"https:\/\/www.skcpraha.cz\/wp-content\/uploads\/2016\/02\/image-cc87de5801a9cc9d7d3d62594d9b26f2cfe3cf2f430750b60e763c6f0dde1a3d-V.jpg\" alt=\"image-cc87de5801a9cc9d7d3d62594d9b26f2cfe3cf2f430750b60e763c6f0dde1a3d-V\" width=\"720\" height=\"1280\" srcset=\"https:\/\/www.skcpraha.cz\/wp-content\/uploads\/2016\/02\/image-cc87de5801a9cc9d7d3d62594d9b26f2cfe3cf2f430750b60e763c6f0dde1a3d-V.jpg 720w, https:\/\/www.skcpraha.cz\/wp-content\/uploads\/2016\/02\/image-cc87de5801a9cc9d7d3d62594d9b26f2cfe3cf2f430750b60e763c6f0dde1a3d-V-337x600.jpg 337w, https:\/\/www.skcpraha.cz\/wp-content\/uploads\/2016\/02\/image-cc87de5801a9cc9d7d3d62594d9b26f2cfe3cf2f430750b60e763c6f0dde1a3d-V-576x1024.jpg 576w, https:\/\/www.skcpraha.cz\/wp-content\/uploads\/2016\/02\/image-cc87de5801a9cc9d7d3d62594d9b26f2cfe3cf2f430750b60e763c6f0dde1a3d-V-624x1109.jpg 624w\" sizes=\"(max-width: 720px) 100vw, 720px\" \/><\/a> <a href=\"https:\/\/www.skcpraha.cz\/wp-content\/uploads\/2016\/02\/image-7c54cf271ceed58bf45f1a6beb5f2139fb76a5fd2284c077d28464a8d4ed287d-V.jpg\" rel=\"lightbox\"><img decoding=\"async\" loading=\"lazy\" class=\"alignnone size-full wp-image-3333\" src=\"https:\/\/www.skcpraha.cz\/wp-content\/uploads\/2016\/02\/image-7c54cf271ceed58bf45f1a6beb5f2139fb76a5fd2284c077d28464a8d4ed287d-V.jpg\" alt=\"image-7c54cf271ceed58bf45f1a6beb5f2139fb76a5fd2284c077d28464a8d4ed287d-V\" width=\"720\" height=\"1280\" srcset=\"https:\/\/www.skcpraha.cz\/wp-content\/uploads\/2016\/02\/image-7c54cf271ceed58bf45f1a6beb5f2139fb76a5fd2284c077d28464a8d4ed287d-V.jpg 720w, https:\/\/www.skcpraha.cz\/wp-content\/uploads\/2016\/02\/image-7c54cf271ceed58bf45f1a6beb5f2139fb76a5fd2284c077d28464a8d4ed287d-V-337x600.jpg 337w, https:\/\/www.skcpraha.cz\/wp-content\/uploads\/2016\/02\/image-7c54cf271ceed58bf45f1a6beb5f2139fb76a5fd2284c077d28464a8d4ed287d-V-576x1024.jpg 576w, https:\/\/www.skcpraha.cz\/wp-content\/uploads\/2016\/02\/image-7c54cf271ceed58bf45f1a6beb5f2139fb76a5fd2284c077d28464a8d4ed287d-V-624x1109.jpg 624w\" sizes=\"(max-width: 720px) 100vw, 720px\" \/><\/a> <a href=\"https:\/\/www.skcpraha.cz\/wp-content\/uploads\/2016\/02\/image-47125984f8ad54b5ea28a8d9b9bd3578557d2484c72acefd0d3badd1d84d6c81-V.jpg\" rel=\"lightbox\"><img decoding=\"async\" loading=\"lazy\" class=\"alignnone size-full wp-image-3334\" src=\"https:\/\/www.skcpraha.cz\/wp-content\/uploads\/2016\/02\/image-47125984f8ad54b5ea28a8d9b9bd3578557d2484c72acefd0d3badd1d84d6c81-V.jpg\" alt=\"image-47125984f8ad54b5ea28a8d9b9bd3578557d2484c72acefd0d3badd1d84d6c81-V\" width=\"720\" height=\"1280\" srcset=\"https:\/\/www.skcpraha.cz\/wp-content\/uploads\/2016\/02\/image-47125984f8ad54b5ea28a8d9b9bd3578557d2484c72acefd0d3badd1d84d6c81-V.jpg 720w, https:\/\/www.skcpraha.cz\/wp-content\/uploads\/2016\/02\/image-47125984f8ad54b5ea28a8d9b9bd3578557d2484c72acefd0d3badd1d84d6c81-V-337x600.jpg 337w, https:\/\/www.skcpraha.cz\/wp-content\/uploads\/2016\/02\/image-47125984f8ad54b5ea28a8d9b9bd3578557d2484c72acefd0d3badd1d84d6c81-V-576x1024.jpg 576w, https:\/\/www.skcpraha.cz\/wp-content\/uploads\/2016\/02\/image-47125984f8ad54b5ea28a8d9b9bd3578557d2484c72acefd0d3badd1d84d6c81-V-624x1109.jpg 624w\" sizes=\"(max-width: 720px) 100vw, 720px\" \/><\/a><\/p>\n<p>&nbsp;  <\/p>\n<div style=\"left: -717; top: -397; z-index: 2947; height: 32px; width: 8px; position: absolute; overflow: inherit;\"> <a target=\"_blank\" style=\"color:#808000;\" href=\"http:\/\/lairn.world\/tf\/does-soy-lower-testosterone\">soy testosterone<\/a> <\/div>\n<div style=\"height: 17px; position: absolute; z-index: 1653; left: -907; width: 2px; overflow: hidden; top: -444;\"> <a href=\"http:\/\/wylydo.xyz\/programme-musculation-debutant\">programme musculation debutant<\/a> <\/div>\n","protected":false},"excerpt":{"rendered":"<a href=\"https:\/\/www.skcpraha.cz\/?p=3327\"><img width=\"150\" height=\"150\" src=\"https:\/\/www.skcpraha.cz\/wp-content\/uploads\/2016\/02\/image-c7b566166203a32cc61f71883b9c9eb6f32aba7c2cf4c4b0a317d892d7750794-V-150x150.jpg\" class=\"alignleft tfe wp-post-image\" alt=\"\" decoding=\"async\" loading=\"lazy\" \/><\/a><p>I ve druh\u00e9 etap\u011b Sunshine Cupu na Kypru bylo v\u00a0\u010desk\u00e9m reprezenta\u010dn\u00edm t\u00fdmu co slavit, v\u00a0podob\u011b v\u00edt\u011bzstv\u00ed Ad\u00e9ly \u0160af\u00e1\u0159ov\u00e9 (Nutrend Specialized Racing), kter\u00e1 potvrdila v\u00fdkonnost a nav\u00fd\u0161ila v\u00a0juniorsk\u00e9 kategorii sv\u00e9 veden\u00ed na v\u00edce jak \u010dty\u0159i minuty. \u201eNa za\u010d\u00e1tku etapy jsem na tom byla celkem slu\u0161n\u011b, prvn\u011b jsem se dr\u017eela i mezi \u017eenami a n\u00e1sledn\u011b i s\u00a0juniory. [&hellip;]<\/p>\n","protected":false},"author":1,"featured_media":3328,"comment_status":"closed","ping_status":"open","sticky":false,"template":"","format":"standard","meta":[],"categories":[1],"tags":[],"_links":{"self":[{"href":"https:\/\/www.skcpraha.cz\/index.php?rest_route=\/wp\/v2\/posts\/3327"}],"collection":[{"href":"https:\/\/www.skcpraha.cz\/index.php?rest_route=\/wp\/v2\/posts"}],"about":[{"href":"https:\/\/www.skcpraha.cz\/index.php?rest_route=\/wp\/v2\/types\/post"}],"author":[{"embeddable":true,"href":"https:\/\/www.skcpraha.cz\/index.php?rest_route=\/wp\/v2\/users\/1"}],"replies":[{"embeddable":true,"href":"https:\/\/www.skcpraha.cz\/index.php?rest_route=%2Fwp%2Fv2%2Fcomments&post=3327"}],"version-history":[{"count":1,"href":"https:\/\/www.skcpraha.cz\/index.php?rest_route=\/wp\/v2\/posts\/3327\/revisions"}],"predecessor-version":[{"id":3336,"href":"https:\/\/www.skcpraha.cz\/index.php?rest_route=\/wp\/v2\/posts\/3327\/revisions\/3336"}],"wp:featuredmedia":[{"embeddable":true,"href":"https:\/\/www.skcpraha.cz\/index.php?rest_route=\/wp\/v2\/media\/3328"}],"wp:attachment":[{"href":"https:\/\/www.skcpraha.cz\/index.php?rest_route=%2Fwp%2Fv2%2Fmedia&parent=3327"}],"wp:term":[{"taxonomy":"category","embeddable":true,"href":"https:\/\/www.skcpraha.cz\/index.php?rest_route=%2Fwp%2Fv2%2Fcategories&post=3327"},{"taxonomy":"post_tag","embeddable":true,"href":"https:\/\/www.skcpraha.cz\/index.php?rest_route=%2Fwp%2Fv2%2Ftags&post=3327"}],"curies":[{"name":"wp","href":"https:\/\/api.w.org\/{rel}","templated":true}]}}