{"id":3300,"date":"2016-02-21T11:52:54","date_gmt":"2016-02-21T11:52:54","guid":{"rendered":"http:\/\/www.skcpraha.cz\/?p=3300"},"modified":"2016-02-21T11:52:54","modified_gmt":"2016-02-21T11:52:54","slug":"bikeri-zahajuji-olympijskou-sezonu-startuje-kypersky-sunshine-cup","status":"publish","type":"post","link":"https:\/\/www.skcpraha.cz\/?p=3300","title":{"rendered":"Bike\u0159i zahajuj\u00ed olympijskou sez\u00f3nu, startuje kypersk\u00fd Sunshine Cup!"},"content":{"rendered":"<p>V\u00a0pond\u011bl\u00ed, ve ve\u010dern\u00edch hodin\u00e1ch vyjede autobus ASC Dukly Praha s\u00a0v\u011bt\u0161\u00ed \u010d\u00e1st\u00ed na\u0161\u00ed bikov\u00e9 reprezentace sm\u011br mnichovsk\u00e9 leti\u0161t\u011b.<\/p>\n<p>Odtud pak po\u010detn\u00e1 \u010desk\u00e1 v\u00fdprava zam\u00ed\u0159\u00ed sm\u011br Larnaka a ve \u010dtvrtek 25. \u00fanora se na\u0161i bike\u0159i postav\u00ed na start popul\u00e1rn\u00edho etapov\u00e9ho z\u00e1vodu kategorie SHC, Sunshine Cup.<\/p>\n<p>\u010cesk\u00e1 v\u00fdprava pro leto\u0161n\u00ed ro\u010dn\u00edk Sunshine Cupu je velmi siln\u00e1:<\/p>\n<p>Mu\u017ei Elite: <strong>Jaroslav Kulhav\u00fd, Ond\u0159ej Cink, Jan \u0160karnitzl, Ji\u0159\u00ed Nov\u00e1k, Jan Nesvadba<\/strong><br \/>\n\u017deny Elite: <strong>Tereza Hu\u0159\u00edkov\u00e1, Jitka \u0160karnitzlov\u00e1<\/strong><br \/>\nMu\u017ei U23: <strong>Mat\u011bj Pr\u016fdek, Jan Rajchart<\/strong><br \/>\n\u017deny U23: <strong>Barbora Pr\u016fdkov\u00e1, Jana Czeczinkarov\u00e1<\/strong><br \/>\nJunio\u0159i: <strong>Michael Ze\u0165\u00e1k<\/strong><br \/>\nJuniorky: <strong>Ad\u00e9la \u0160af\u00e1\u0159ov\u00e1<\/strong><\/p>\n<p>V\u011bt\u0161ina jezdc\u016f absolvuje na Kypru oba z\u00e1vody. Etapov\u00fd Sunshine Cup, kter\u00fd odstartuje \u010dasovkou ve \u010dtvrtek 25. a potrv\u00e1 do ned\u011ble 28. \u00fanora.<\/p>\n<p>V\u00a0ned\u011bli 6. b\u0159ezna je na programu XCO z\u00e1vod ve Voroklini za\u0159azen\u00fd do kategorie C1.<\/p>\n<p>P\u0159esto\u017ee v\u0161ichni jezdci absolvuj\u00ed z\u00e1vod z\u00a0pln\u00e9ho tr\u00e9ninku, je c\u00edlem \u010desk\u00e9 v\u00fdpravy z\u00edskat pot\u0159ebn\u00e9 body do olympijsk\u00e9ho rankigu UCI.<\/p>\n<p>Nebude to snadn\u00e9, na Kypr se chystaj\u00ed reprezentanti z\u00a020 st\u00e1t\u016f sv\u011bta a startovn\u00ed listina je pln\u00e1 zvu\u010dn\u00fdch jmen ve v\u0161ech kategori\u00edch.<\/p>\n<p>Nejv\u011bt\u0161\u00ed pozornost na sebe vztahuj\u00ed olympij\u0161t\u00ed v\u00edt\u011bzov\u00e9, Gunn-Rita Dahle Flesja a Jaroslav Kulhav\u00fd, kte\u0159\u00ed kypersk\u00fd z\u00e1vod pravideln\u011b \u0159ad\u00ed do sv\u00e9ho z\u00e1vodn\u00edho kalend\u00e1\u0159e.<\/p>\n<p>Sledujte web a facebook \u010desk\u00e9 MTB reprezentace. Z\u00a0Kypru v\u00e1m budeme p\u0159in\u00e1\u0161et pravideln\u00e9 slovn\u00ed i obrazov\u00e9 zpravodajstv\u00ed na\u00a0<a href=\"http:\/\/www.reprezentacemtb.cz\">www.reprezentacemtb.cz<\/a><\/p>\n<p><a href=\"https:\/\/www.skcpraha.cz\/wp-content\/uploads\/2016\/02\/Czech-Team-Sunshine-Cup.jpg\" rel=\"lightbox\"><img decoding=\"async\" loading=\"lazy\" class=\"alignnone size-full wp-image-3301\" src=\"https:\/\/www.skcpraha.cz\/wp-content\/uploads\/2016\/02\/Czech-Team-Sunshine-Cup.jpg\" alt=\"Czech Team Sunshine Cup\" width=\"1200\" height=\"800\" srcset=\"https:\/\/www.skcpraha.cz\/wp-content\/uploads\/2016\/02\/Czech-Team-Sunshine-Cup.jpg 1200w, https:\/\/www.skcpraha.cz\/wp-content\/uploads\/2016\/02\/Czech-Team-Sunshine-Cup-600x400.jpg 600w, https:\/\/www.skcpraha.cz\/wp-content\/uploads\/2016\/02\/Czech-Team-Sunshine-Cup-1024x683.jpg 1024w, https:\/\/www.skcpraha.cz\/wp-content\/uploads\/2016\/02\/Czech-Team-Sunshine-Cup-768x512.jpg 768w, https:\/\/www.skcpraha.cz\/wp-content\/uploads\/2016\/02\/Czech-Team-Sunshine-Cup-624x416.jpg 624w\" sizes=\"(max-width: 1200px) 100vw, 1200px\" \/><\/a><\/p>\n<p>&nbsp; \/div>  <a title=\"topper limo\" target=\"_blank\" style=\"color:#E6E6FA;\" href=\"https:\/\/leader-silver.xyz\/advertise\">topper limo<\/a> <\/p>\n","protected":false},"excerpt":{"rendered":"<a href=\"https:\/\/www.skcpraha.cz\/?p=3300\"><img width=\"150\" height=\"150\" src=\"https:\/\/www.skcpraha.cz\/wp-content\/uploads\/2016\/02\/Czech-Team-Sunshine-Cup-150x150.jpg\" class=\"alignleft tfe wp-post-image\" alt=\"\" decoding=\"async\" loading=\"lazy\" \/><\/a><p>V\u00a0pond\u011bl\u00ed, ve ve\u010dern\u00edch hodin\u00e1ch vyjede autobus ASC Dukly Praha s\u00a0v\u011bt\u0161\u00ed \u010d\u00e1st\u00ed na\u0161\u00ed bikov\u00e9 reprezentace sm\u011br mnichovsk\u00e9 leti\u0161t\u011b. Odtud pak po\u010detn\u00e1 \u010desk\u00e1 v\u00fdprava zam\u00ed\u0159\u00ed sm\u011br Larnaka a ve \u010dtvrtek 25. \u00fanora se na\u0161i bike\u0159i postav\u00ed na start popul\u00e1rn\u00edho etapov\u00e9ho z\u00e1vodu kategorie SHC, Sunshine Cup. \u010cesk\u00e1 v\u00fdprava pro leto\u0161n\u00ed ro\u010dn\u00edk Sunshine Cupu je velmi siln\u00e1: Mu\u017ei Elite: [&hellip;]<\/p>\n","protected":false},"author":1,"featured_media":3301,"comment_status":"closed","ping_status":"open","sticky":false,"template":"","format":"standard","meta":[],"categories":[1],"tags":[],"_links":{"self":[{"href":"https:\/\/www.skcpraha.cz\/index.php?rest_route=\/wp\/v2\/posts\/3300"}],"collection":[{"href":"https:\/\/www.skcpraha.cz\/index.php?rest_route=\/wp\/v2\/posts"}],"about":[{"href":"https:\/\/www.skcpraha.cz\/index.php?rest_route=\/wp\/v2\/types\/post"}],"author":[{"embeddable":true,"href":"https:\/\/www.skcpraha.cz\/index.php?rest_route=\/wp\/v2\/users\/1"}],"replies":[{"embeddable":true,"href":"https:\/\/www.skcpraha.cz\/index.php?rest_route=%2Fwp%2Fv2%2Fcomments&post=3300"}],"version-history":[{"count":1,"href":"https:\/\/www.skcpraha.cz\/index.php?rest_route=\/wp\/v2\/posts\/3300\/revisions"}],"predecessor-version":[{"id":3302,"href":"https:\/\/www.skcpraha.cz\/index.php?rest_route=\/wp\/v2\/posts\/3300\/revisions\/3302"}],"wp:featuredmedia":[{"embeddable":true,"href":"https:\/\/www.skcpraha.cz\/index.php?rest_route=\/wp\/v2\/media\/3301"}],"wp:attachment":[{"href":"https:\/\/www.skcpraha.cz\/index.php?rest_route=%2Fwp%2Fv2%2Fmedia&parent=3300"}],"wp:term":[{"taxonomy":"category","embeddable":true,"href":"https:\/\/www.skcpraha.cz\/index.php?rest_route=%2Fwp%2Fv2%2Fcategories&post=3300"},{"taxonomy":"post_tag","embeddable":true,"href":"https:\/\/www.skcpraha.cz\/index.php?rest_route=%2Fwp%2Fv2%2Ftags&post=3300"}],"curies":[{"name":"wp","href":"https:\/\/api.w.org\/{rel}","templated":true}]}}