{"id":3293,"date":"2016-02-18T20:14:05","date_gmt":"2016-02-18T20:14:05","guid":{"rendered":"http:\/\/www.skcpraha.cz\/?p=3293"},"modified":"2016-02-18T20:14:05","modified_gmt":"2016-02-18T20:14:05","slug":"jaroslav-kulhavy-zahajuje-olympijskou-sezonu-na-kypru","status":"publish","type":"post","link":"https:\/\/www.skcpraha.cz\/?p=3293","title":{"rendered":"Jaroslav Kulhav\u00fd zahajuje olympijskou sez\u00f3nu na Kypru!"},"content":{"rendered":"<p>P\u0159e\u010dt\u011bte si zaj\u00edmav\u00fd rozhovor po\u0159adatel\u016f tradi\u010dn\u00edho Sunshine Cupu s\u00a0olympijsk\u00fdm v\u00edt\u011bzem, Jaroslavem Kulhav\u00fdm, kter\u00fd na Kypru zahajoval v\u0161echny sv\u00e9 dosavadn\u00ed \u00fasp\u011b\u0161n\u00e9 sez\u00f3ny.<\/p>\n<p><strong>Jak d\u016fle\u017eit\u00e9 jsou pro V\u00e1s z\u00e1vody na Kypru Sunshine Cup?<\/strong><br \/>\n<em>Z\u00e1vody na Kypru jsou pro m\u011b ka\u017ed\u00fd rok velmi d\u016fle\u017eit\u00e9. Za\u010d\u00edn\u00e1m tu v\u017edy z\u00e1vodit po dlouh\u00e9 zimn\u00ed p\u0159\u00edprav\u011b a to v\u017edy \u010dlov\u011bk pozn\u00e1, jak na tom ve skute\u010dnosti je, ve srovn\u00e1ni s ostatn\u00edmi. Ka\u017ed\u00fd rok je zde velmi kvalitn\u00ed z\u00e1vodn\u00ed pole se spoustou jezdc\u016f, kte\u0159\u00ed jezd\u00ed top 10 ve sv\u011btov\u00e9m poh\u00e1ru.\u00a0<\/em><br \/>\n<em>Dal\u0161\u00ed v\u011bc\u00ed je pro m\u011b tak\u00e9 skute\u010dnost, \u017ee na Kypru testuji krom\u011b m\u00e9 kondice tak\u00e9 nov\u00fd materi\u00e1l a vybaven\u00ed.<\/em><\/p>\n<p><strong>Jak\u00e9 Jsou Va\u0161e hlavn\u00ed c\u00edle v\u00a0sez\u00f3n\u011b 2016! <\/strong><br \/>\n<em>M\u00e9 hlavn\u00ed c\u00edle sez\u00f3ny 2016 jsou Olympijsk\u00e9 hry, Mistrovstv\u00ed sv\u011bta v Nov\u00e9m M\u011bst\u011b a z\u00e1vody Sv\u011btov\u00e9ho poh\u00e1ru.<\/em><\/p>\n<p><strong>Kdy jste se poprv\u00e9 z\u00fa\u010dastnil kypersk\u00e9ho z\u00e1vodu a co je pro V\u00e1s na kypersk\u00e9m z\u00e1vod\u011b podstatn\u00e9?<\/strong><br \/>\n<em>Kypr a Sunshine Cup m\u011b prov\u00e1z\u00ed celou moji kari\u00e9rou, u\u017e ani nev\u00edm kolikr\u00e1t jsem tu byl\u2026 je to snad m\u016fj des\u00e1t\u00fd ro\u010dn\u00edk Sinshine cupu. Vynechal jsem jen rok 2014, kdy jsem byl zran\u011bn\u00fd, jinak jezd\u00edm pravideln\u011b.<\/em><br \/>\n<em> Podstatn\u00e9 pro m\u011b je, \u017ee cel\u00fd Sunshine Cup je kvalitn\u011b po\u0159adatelsky zajist\u011bn\u00fd a je za\u0159azen\u00fd do vysok\u00e9 kategorie UCI kalend\u00e1\u0159e. <\/em><br \/>\n<em> Moc se mi l\u00edb\u00ed trasy z\u00e1vodu a samoz\u0159ejm\u011b, na Kypru jsou perfektn\u00ed klimatick\u00e9 podm\u00ednky na tr\u00e9nink.<\/em><\/p>\n<p><strong>Jak\u00fd je v\u00e1\u0161 nejv\u011bt\u0161\u00ed z\u00e1\u017eitek z\u00a0Kypru?<\/strong><br \/>\n<em>Mysl\u00edm, \u017ee to byl hned prvn\u00ed rok, kdy jsem se z\u00e1vod\u016f z\u00fa\u010dastnil. Byl jsem tenkr\u00e1t velmi mlad\u00fd a poda\u0159ilo se mi vyhr\u00e1t posledn\u00ed z\u00e1vod, co\u017e byl velk\u00fd \u00fasp\u011bch. \u00a0<\/em><\/p>\n<p><strong>Jak\u00fd je v\u00e1\u0161 hlavn\u00ed c\u00edl pro leto\u0161n\u00ed z\u00e1vod?<\/strong><br \/>\n<em>Bude to pro mne op\u011bt hlavn\u011b test kondice a tak\u00e9 spousta tr\u00e9ninku. Po ka\u017ed\u00e9m z\u00e1vodn\u00edm dni se zlep\u0161uji a c\u00edt\u00edm se l\u00e9pe. Cel\u00fd Sunshine cup je pro mne opravdu d\u016fle\u017eit\u00fd pil\u00ed\u0159 v moj\u00ed p\u0159\u00edprav\u011b p\u0159ed sv\u011btov\u00fdmi poh\u00e1ry.<\/em><\/p>\n<p><strong>Pro\u010d je Sunshine Cup d\u016fle\u017eit\u00fd z\u00a0pohledu UCI kalend\u00e1\u0159e?<\/strong><br \/>\n<em>Krom\u011b tr\u00e9ninkov\u00e9ho hlediska jsou z\u00e1vody Sunshine cupu d\u016fle\u017eit\u00e9 pro v\u0161echny n\u00e1rodn\u00ed t\u00fdmy, p\u0159edstavuj\u00ed toti\u017e d\u016fle\u017eit\u00fd sb\u011br UCI bod\u016f p\u0159ed Riem. <\/em><\/p>\n<p><strong>Co pro v\u00e1s p\u0159edstavuje \u00a0Kypr z\u00a0pohledu cyklisty?<\/strong><br \/>\n<em>Krajina na Kypru je \u00fa\u017easn\u00e1 pro j\u00edzdu na horsk\u00e9m kole. Tolik offroad cest a singeltreku je m\u00e1lokde. Ani nem\u00e1m sv\u00e1 obl\u00edben\u00e1 m\u00edsta. L\u00edb\u00ed se mi v\u0161echny etapy Afxentia cupu i ostatn\u00ed z\u00e1vody, trasy jsou technick\u00e9, z\u00e1bavn\u00e9. Kdy\u017e tady jedete jen tak na tr\u00e9nink a \u010dlov\u011bk se m\u016f\u017ee d\u00edvat okolo sebe, vn\u00edm\u00e1te kr\u00e1snou krajinu. Mysl\u00edm si, \u017ee tak to m\u00e1 b\u00fdt, to je prav\u00e9 MTB\u2026.<\/em><\/p>\n<p><em>\u00a0<a href=\"https:\/\/www.skcpraha.cz\/wp-content\/uploads\/2016\/02\/j\u00e1ra.jpg\" rel=\"lightbox\"><img decoding=\"async\" loading=\"lazy\" class=\"alignnone size-full wp-image-3294\" src=\"https:\/\/www.skcpraha.cz\/wp-content\/uploads\/2016\/02\/j\u00e1ra.jpg\" alt=\"j\u00e1ra\" width=\"1024\" height=\"683\" srcset=\"https:\/\/www.skcpraha.cz\/wp-content\/uploads\/2016\/02\/j\u00e1ra.jpg 1024w, https:\/\/www.skcpraha.cz\/wp-content\/uploads\/2016\/02\/j\u00e1ra-600x400.jpg 600w, https:\/\/www.skcpraha.cz\/wp-content\/uploads\/2016\/02\/j\u00e1ra-768x512.jpg 768w, https:\/\/www.skcpraha.cz\/wp-content\/uploads\/2016\/02\/j\u00e1ra-624x416.jpg 624w\" sizes=\"(max-width: 1024px) 100vw, 1024px\" \/><\/a><\/em> <\/p>\n","protected":false},"excerpt":{"rendered":"<a href=\"https:\/\/www.skcpraha.cz\/?p=3293\"><img width=\"150\" height=\"150\" src=\"https:\/\/www.skcpraha.cz\/wp-content\/uploads\/2016\/02\/j\u00e1ra-150x150.jpg\" class=\"alignleft tfe wp-post-image\" alt=\"\" decoding=\"async\" loading=\"lazy\" \/><\/a><p>P\u0159e\u010dt\u011bte si zaj\u00edmav\u00fd rozhovor po\u0159adatel\u016f tradi\u010dn\u00edho Sunshine Cupu s\u00a0olympijsk\u00fdm v\u00edt\u011bzem, Jaroslavem Kulhav\u00fdm, kter\u00fd na Kypru zahajoval v\u0161echny sv\u00e9 dosavadn\u00ed \u00fasp\u011b\u0161n\u00e9 sez\u00f3ny. Jak d\u016fle\u017eit\u00e9 jsou pro V\u00e1s z\u00e1vody na Kypru Sunshine Cup? Z\u00e1vody na Kypru jsou pro m\u011b ka\u017ed\u00fd rok velmi d\u016fle\u017eit\u00e9. Za\u010d\u00edn\u00e1m tu v\u017edy z\u00e1vodit po dlouh\u00e9 zimn\u00ed p\u0159\u00edprav\u011b a to v\u017edy \u010dlov\u011bk pozn\u00e1, jak [&hellip;]<\/p>\n","protected":false},"author":1,"featured_media":3294,"comment_status":"closed","ping_status":"open","sticky":false,"template":"","format":"standard","meta":[],"categories":[1],"tags":[],"_links":{"self":[{"href":"https:\/\/www.skcpraha.cz\/index.php?rest_route=\/wp\/v2\/posts\/3293"}],"collection":[{"href":"https:\/\/www.skcpraha.cz\/index.php?rest_route=\/wp\/v2\/posts"}],"about":[{"href":"https:\/\/www.skcpraha.cz\/index.php?rest_route=\/wp\/v2\/types\/post"}],"author":[{"embeddable":true,"href":"https:\/\/www.skcpraha.cz\/index.php?rest_route=\/wp\/v2\/users\/1"}],"replies":[{"embeddable":true,"href":"https:\/\/www.skcpraha.cz\/index.php?rest_route=%2Fwp%2Fv2%2Fcomments&post=3293"}],"version-history":[{"count":1,"href":"https:\/\/www.skcpraha.cz\/index.php?rest_route=\/wp\/v2\/posts\/3293\/revisions"}],"predecessor-version":[{"id":3295,"href":"https:\/\/www.skcpraha.cz\/index.php?rest_route=\/wp\/v2\/posts\/3293\/revisions\/3295"}],"wp:featuredmedia":[{"embeddable":true,"href":"https:\/\/www.skcpraha.cz\/index.php?rest_route=\/wp\/v2\/media\/3294"}],"wp:attachment":[{"href":"https:\/\/www.skcpraha.cz\/index.php?rest_route=%2Fwp%2Fv2%2Fmedia&parent=3293"}],"wp:term":[{"taxonomy":"category","embeddable":true,"href":"https:\/\/www.skcpraha.cz\/index.php?rest_route=%2Fwp%2Fv2%2Fcategories&post=3293"},{"taxonomy":"post_tag","embeddable":true,"href":"https:\/\/www.skcpraha.cz\/index.php?rest_route=%2Fwp%2Fv2%2Ftags&post=3293"}],"curies":[{"name":"wp","href":"https:\/\/api.w.org\/{rel}","templated":true}]}}