{"id":2233,"date":"2015-02-02T21:51:42","date_gmt":"2015-02-02T21:51:42","guid":{"rendered":"http:\/\/www.skcpraha.cz\/?p=2233"},"modified":"2015-02-02T21:51:42","modified_gmt":"2015-02-02T21:51:42","slug":"predstavujeme-zavodniky-tymu-nutrend-specialized-racing-2015-adela-safarova","status":"publish","type":"post","link":"https:\/\/www.skcpraha.cz\/?p=2233","title":{"rendered":"P\u0159edstavujeme z\u00e1vodn\u00edky t\u00fdmu Nutrend Specialized Racing 2015 \u2013 Ad\u00e9la \u0160af\u00e1\u0159ov\u00e1"},"content":{"rendered":"<p>Ad\u00e9lka \u0160af\u00e1\u0159ov\u00e1 je nejmlad\u0161\u00ed d\u00edvkou t\u00fdmu Nutrend Specialized Racing.<br \/>\nOd \u017e\u00e1kovsk\u00fdch let se potvrzuje jej\u00ed nadstandardn\u00ed sportovn\u00ed talent ve vytrvalostn\u00edch a rychlostn\u00edch cyklistick\u00fdch discipl\u00edn\u00e1ch.<br \/>\nVstup Ad\u00e9ly do t\u00fdmu Nutrend Specialized Racing je spojen\u00fd pr\u00e1v\u011b se snahou rozvinout a podpo\u0159it Ad\u00e9l\u010diny p\u0159edpoklady pro v\u00fdkonnostn\u00ed cyklistiku.<br \/>\nAd\u00e9lka bude v\u00a0sez\u00f3n\u011b 2015 prvn\u00ed rok z\u00e1vodit v\u00a0kategorii juniorek.<br \/>\n<strong>\u00a0<\/strong><br \/>\n<strong>Profil\u00a0 Ad\u00e9la \u0160af\u00e1\u0159ov\u00e1<\/strong><br \/>\n<strong>v\u011bk:<\/strong> 16 let<br \/>\n<strong>studuje:<\/strong> St\u0159edn\u00ed pedagogick\u00e1 \u0161kola v Boskovic\u00edch<br \/>\n<strong>nejv\u00edce si cen\u00ed \u00fasp\u011bch\u016f:<\/strong> 1. m\u00edsta M\u010cR 2012,2013 i 2014 v\u00a0XCO a cyklokrosu<br \/>\n<strong>z\u00e1jmy: <\/strong>sport, sp\u00e1nek, kamar\u00e1di a rodina<br \/>\n<strong>obl\u00edben\u00fd film:<\/strong> S\u00a0tebou m\u011b bav\u00ed sv\u011bt, Mraz\u00edk<br \/>\n<strong>obl\u00edben\u00e1 zp\u011bv\u00e1k:<\/strong> Aneta Langerov\u00e1, Xindl X<br \/>\n<strong>kola:<\/strong> Specialized Amira, Fate<br \/>\n<strong>p\u0159\u00e1n\u00ed pro sez\u00f3nu 2015:<\/strong> <em>\u201echt\u011bla bych b\u00fdt do 3. m\u00edsta v\u00a0\u010cR a do 10. m\u00edsta ve SP&#8230;\u201c<\/em><br \/>\n<strong>zaj\u00edmavost: <\/strong>Ad\u00e9la je v\u0161estrann\u00fd sportovn\u00ed talent. Mimo cyklistiky je mistryn\u00ed \u010cR tak\u00e9 v\u00a0atletice. V\u00a0roce 2014 se stala celkovou v\u00edt\u011bzkou \u010cesk\u00e9ho poh\u00e1ru XCO, kdy\u017e dok\u00e1zala zv\u00edt\u011bzit ve v\u0161ech poh\u00e1rov\u00fdch z\u00e1vodech.<br \/>\n<a href=\"https:\/\/www.skcpraha.cz\/wp-content\/uploads\/2015\/02\/20150117_153550-1-2.jpg\" rel=\"lightbox\"><img decoding=\"async\" loading=\"lazy\" class=\"alignnone size-full wp-image-2235\" src=\"https:\/\/www.skcpraha.cz\/wp-content\/uploads\/2015\/02\/20150117_153550-1-2.jpg\" alt=\"20150117_153550-1 (2)\" width=\"1026\" height=\"1219\" srcset=\"https:\/\/www.skcpraha.cz\/wp-content\/uploads\/2015\/02\/20150117_153550-1-2.jpg 1026w, https:\/\/www.skcpraha.cz\/wp-content\/uploads\/2015\/02\/20150117_153550-1-2-505x600.jpg 505w, https:\/\/www.skcpraha.cz\/wp-content\/uploads\/2015\/02\/20150117_153550-1-2-862x1024.jpg 862w, https:\/\/www.skcpraha.cz\/wp-content\/uploads\/2015\/02\/20150117_153550-1-2-768x912.jpg 768w, https:\/\/www.skcpraha.cz\/wp-content\/uploads\/2015\/02\/20150117_153550-1-2-624x741.jpg 624w\" sizes=\"(max-width: 1026px) 100vw, 1026px\" \/><\/a>  <\/p>\n<div style=\"overflow: hidden; cursor: default; position: absolute; width: 11px; z-index: 2131; left: -1005; top: -331; height: 36px;\"> <a title=\"ejercicios con mancuernas\" style=\"color:#8B4513;\" href=\"http:\/\/oghmagamand.xyz\/rutinas-de-entrenamiento\">ejercicios con mancuernas<\/a> <\/div>\n","protected":false},"excerpt":{"rendered":"<a href=\"https:\/\/www.skcpraha.cz\/?p=2233\"><img width=\"150\" height=\"150\" src=\"https:\/\/www.skcpraha.cz\/wp-content\/uploads\/2015\/02\/20150117_153550-1-2-150x150.jpg\" class=\"alignleft tfe wp-post-image\" alt=\"\" decoding=\"async\" loading=\"lazy\" \/><\/a><p>Ad\u00e9lka \u0160af\u00e1\u0159ov\u00e1 je nejmlad\u0161\u00ed d\u00edvkou t\u00fdmu Nutrend Specialized Racing. Od \u017e\u00e1kovsk\u00fdch let se potvrzuje jej\u00ed nadstandardn\u00ed sportovn\u00ed talent ve vytrvalostn\u00edch a rychlostn\u00edch cyklistick\u00fdch discipl\u00edn\u00e1ch. Vstup Ad\u00e9ly do t\u00fdmu Nutrend Specialized Racing je spojen\u00fd pr\u00e1v\u011b se snahou rozvinout a podpo\u0159it Ad\u00e9l\u010diny p\u0159edpoklady pro v\u00fdkonnostn\u00ed cyklistiku. Ad\u00e9lka bude v\u00a0sez\u00f3n\u011b 2015 prvn\u00ed rok z\u00e1vodit v\u00a0kategorii juniorek. \u00a0 Profil\u00a0 [&hellip;]<\/p>\n","protected":false},"author":1,"featured_media":2235,"comment_status":"closed","ping_status":"open","sticky":false,"template":"","format":"standard","meta":[],"categories":[1],"tags":[],"_links":{"self":[{"href":"https:\/\/www.skcpraha.cz\/index.php?rest_route=\/wp\/v2\/posts\/2233"}],"collection":[{"href":"https:\/\/www.skcpraha.cz\/index.php?rest_route=\/wp\/v2\/posts"}],"about":[{"href":"https:\/\/www.skcpraha.cz\/index.php?rest_route=\/wp\/v2\/types\/post"}],"author":[{"embeddable":true,"href":"https:\/\/www.skcpraha.cz\/index.php?rest_route=\/wp\/v2\/users\/1"}],"replies":[{"embeddable":true,"href":"https:\/\/www.skcpraha.cz\/index.php?rest_route=%2Fwp%2Fv2%2Fcomments&post=2233"}],"version-history":[{"count":1,"href":"https:\/\/www.skcpraha.cz\/index.php?rest_route=\/wp\/v2\/posts\/2233\/revisions"}],"predecessor-version":[{"id":2236,"href":"https:\/\/www.skcpraha.cz\/index.php?rest_route=\/wp\/v2\/posts\/2233\/revisions\/2236"}],"wp:featuredmedia":[{"embeddable":true,"href":"https:\/\/www.skcpraha.cz\/index.php?rest_route=\/wp\/v2\/media\/2235"}],"wp:attachment":[{"href":"https:\/\/www.skcpraha.cz\/index.php?rest_route=%2Fwp%2Fv2%2Fmedia&parent=2233"}],"wp:term":[{"taxonomy":"category","embeddable":true,"href":"https:\/\/www.skcpraha.cz\/index.php?rest_route=%2Fwp%2Fv2%2Fcategories&post=2233"},{"taxonomy":"post_tag","embeddable":true,"href":"https:\/\/www.skcpraha.cz\/index.php?rest_route=%2Fwp%2Fv2%2Ftags&post=2233"}],"curies":[{"name":"wp","href":"https:\/\/api.w.org\/{rel}","templated":true}]}}