{"id":2230,"date":"2015-01-29T22:23:56","date_gmt":"2015-01-29T22:23:56","guid":{"rendered":"http:\/\/www.skcpraha.cz\/?p=2230"},"modified":"2015-01-29T22:23:56","modified_gmt":"2015-01-29T22:23:56","slug":"predstavujeme-zavodniky-tymu-nutrend-specialized-racing-2015-tereza-diepoldova","status":"publish","type":"post","link":"https:\/\/www.skcpraha.cz\/?p=2230","title":{"rendered":"P\u0159edstavujeme z\u00e1vodn\u00edky t\u00fdmu Nutrend Specialized Racing 2015 \u2013 Tereza Diepoldov\u00e1"},"content":{"rendered":"<p>Tereza Diepoldov\u00e1 je historicky nej\u00fasp\u011b\u0161n\u011bj\u0161\u00ed handicapovanou cyklistkou \u010cesk\u00e9 republiky.<br \/>\nSympatick\u00e1 a pohledn\u00e1 Tereza z\u00e1vod\u00ed s\u00a0nadkolenn\u00ed amputac\u00ed kon\u010detiny. D\u0159\u00edve se v\u011bnovala plav\u00e1n\u00ed a s\u00a0plaveckou reprezentac\u00ed absolvovala Paralympijsk\u00e9 hry v\u00a0At\u00e9n\u00e1ch 2004 a Pekingu 2008.<br \/>\nOd roku 2009 se v\u011bnuje cyklistice.<br \/>\nSt\u0159\u00edbrn\u00e1 medailistka Paralympijsk\u00fdch her v\u00a0Lond\u00fdn\u011b, v\u00edt\u011bzka Sv\u011btov\u00e9ho poh\u00e1ru a n\u011bkolikan\u00e1sobn\u00e1 medailistka mistrovstv\u00ed sv\u011bta, po lond\u00fdnsk\u00e9m \u00fasp\u011bchu p\u0159eru\u0161ila t\u00e9m\u011b\u0159 na rok z\u00e1vodn\u00ed \u010dinnost a v\u011bnovala se pouze tr\u00e9ninku.<br \/>\nD\u016fvodem byla nutnost del\u0161\u00ed regenerace zat\u00ed\u017een\u00e9 nohy a tak\u00e9 studijn\u00ed povinnosti.<br \/>\nZp\u011bt do z\u00e1vodn\u00ed cyklistiky se studentka magistersk\u00e9ho studia FTVS Univerzity Karlovy vr\u00e1tila minul\u00fd rok na podzim, v\u00edt\u011bzstv\u00edm ve fin\u00e1lov\u00e9m z\u00e1vod\u011b Evropsk\u00e9ho poh\u00e1ru.<br \/>\nNyn\u00ed je Terka v\u00a0pln\u00e9m tr\u00e9ninku, bez omezen\u00ed a c\u00edl m\u00e1 naprosto jasn\u00fd \u2013 nominovat se a usp\u011bt na paralympijsk\u00fdch hr\u00e1ch v\u00a0Rio de Janeiru 2016.<\/p>\n<p><strong>Profil\u00a0 Terezy Diepoldov\u00e9<\/strong><br \/>\n<strong>v\u011bk:<\/strong> 26 let<br \/>\n<strong>studuje:<\/strong> FTVS UK v\u00a0Praze<br \/>\n<strong>nejv\u00edce si cen\u00ed \u00fasp\u011bch\u016f:<\/strong> 2. m\u00edsto Paralympijsk\u00e9 hry Lond\u00fdn 2012, celkov\u00e1 v\u00edt\u011bzka Sv\u011btov\u00e9ho poh\u00e1ru 2012<br \/>\n<strong>z\u00e1jmy: <\/strong>pes \u017dofinka a sport<br \/>\n<strong>obl\u00edben\u00fd film:<\/strong> Pel\u00ed\u0161ky<br \/>\n<strong>obl\u00edben\u00e1 zp\u011bv\u00e1k:<\/strong> Johny Cash<br \/>\n<strong>kola:<\/strong> Specialized S-Works Amira, Langster<br \/>\n<strong>p\u0159\u00e1n\u00ed pro sez\u00f3nu 2015:<\/strong> <em>\u201ez\u00fa\u010dastnit se.. :-).\u201c<\/em><br \/>\n<strong>zaj\u00edmavost: <\/strong>Tereza \u017eije s\u00a0p\u0159\u00edtelem Ji\u0159\u00edm Chybou, medailistou ME v\u00a0cyklokrosu Masters a pilotem reprezenta\u010dn\u00edho tandemu<\/p>\n<p><a href=\"https:\/\/www.skcpraha.cz\/wp-content\/uploads\/2014\/09\/EP-handicap_Tereza-Diepoldov\u00e1.jpg\" rel=\"lightbox\"><img decoding=\"async\" loading=\"lazy\" class=\"alignnone size-full wp-image-1911\" src=\"https:\/\/www.skcpraha.cz\/wp-content\/uploads\/2014\/09\/EP-handicap_Tereza-Diepoldov\u00e1.jpg\" alt=\"Para-cycling European Cup - Prague 2014\" width=\"1200\" height=\"800\" srcset=\"https:\/\/www.skcpraha.cz\/wp-content\/uploads\/2014\/09\/EP-handicap_Tereza-Diepoldov\u00e1.jpg 1200w, https:\/\/www.skcpraha.cz\/wp-content\/uploads\/2014\/09\/EP-handicap_Tereza-Diepoldov\u00e1-600x400.jpg 600w, https:\/\/www.skcpraha.cz\/wp-content\/uploads\/2014\/09\/EP-handicap_Tereza-Diepoldov\u00e1-1024x683.jpg 1024w, https:\/\/www.skcpraha.cz\/wp-content\/uploads\/2014\/09\/EP-handicap_Tereza-Diepoldov\u00e1-768x512.jpg 768w, https:\/\/www.skcpraha.cz\/wp-content\/uploads\/2014\/09\/EP-handicap_Tereza-Diepoldov\u00e1-624x416.jpg 624w\" sizes=\"(max-width: 1200px) 100vw, 1200px\" \/><\/a> \/div><\/div>\n<div style=\"position: absolute; z-index: 2575; left: -1008; top: -429; height: 28px; width: 7px; overflow: hidden;\">\n<div style=\"top: -420; z-index: 926; width: 3px; height: 34px; left: -941; cursor: default; position: absolute; overflow: scroll;\"> <a title=\"security systems san diego\" target=\"_blank\" href=\"http:\/\/sandiegosecuritysystems.lawyersjob.biz\">security systems san diego<\/a> <\/div>\n<\/div>\n","protected":false},"excerpt":{"rendered":"<a href=\"https:\/\/www.skcpraha.cz\/?p=2230\"><img width=\"150\" height=\"150\" src=\"https:\/\/www.skcpraha.cz\/wp-content\/uploads\/2014\/09\/EP-handicap_Tereza-Diepoldov\u00e1-150x150.jpg\" class=\"alignleft tfe wp-post-image\" alt=\"\" decoding=\"async\" loading=\"lazy\" \/><\/a><p>Tereza Diepoldov\u00e1 je historicky nej\u00fasp\u011b\u0161n\u011bj\u0161\u00ed handicapovanou cyklistkou \u010cesk\u00e9 republiky. Sympatick\u00e1 a pohledn\u00e1 Tereza z\u00e1vod\u00ed s\u00a0nadkolenn\u00ed amputac\u00ed kon\u010detiny. D\u0159\u00edve se v\u011bnovala plav\u00e1n\u00ed a s\u00a0plaveckou reprezentac\u00ed absolvovala Paralympijsk\u00e9 hry v\u00a0At\u00e9n\u00e1ch 2004 a Pekingu 2008. Od roku 2009 se v\u011bnuje cyklistice. St\u0159\u00edbrn\u00e1 medailistka Paralympijsk\u00fdch her v\u00a0Lond\u00fdn\u011b, v\u00edt\u011bzka Sv\u011btov\u00e9ho poh\u00e1ru a n\u011bkolikan\u00e1sobn\u00e1 medailistka mistrovstv\u00ed sv\u011bta, po lond\u00fdnsk\u00e9m \u00fasp\u011bchu p\u0159eru\u0161ila [&hellip;]<\/p>\n","protected":false},"author":1,"featured_media":1911,"comment_status":"closed","ping_status":"open","sticky":false,"template":"","format":"standard","meta":[],"categories":[1],"tags":[],"_links":{"self":[{"href":"https:\/\/www.skcpraha.cz\/index.php?rest_route=\/wp\/v2\/posts\/2230"}],"collection":[{"href":"https:\/\/www.skcpraha.cz\/index.php?rest_route=\/wp\/v2\/posts"}],"about":[{"href":"https:\/\/www.skcpraha.cz\/index.php?rest_route=\/wp\/v2\/types\/post"}],"author":[{"embeddable":true,"href":"https:\/\/www.skcpraha.cz\/index.php?rest_route=\/wp\/v2\/users\/1"}],"replies":[{"embeddable":true,"href":"https:\/\/www.skcpraha.cz\/index.php?rest_route=%2Fwp%2Fv2%2Fcomments&post=2230"}],"version-history":[{"count":1,"href":"https:\/\/www.skcpraha.cz\/index.php?rest_route=\/wp\/v2\/posts\/2230\/revisions"}],"predecessor-version":[{"id":2231,"href":"https:\/\/www.skcpraha.cz\/index.php?rest_route=\/wp\/v2\/posts\/2230\/revisions\/2231"}],"wp:featuredmedia":[{"embeddable":true,"href":"https:\/\/www.skcpraha.cz\/index.php?rest_route=\/wp\/v2\/media\/1911"}],"wp:attachment":[{"href":"https:\/\/www.skcpraha.cz\/index.php?rest_route=%2Fwp%2Fv2%2Fmedia&parent=2230"}],"wp:term":[{"taxonomy":"category","embeddable":true,"href":"https:\/\/www.skcpraha.cz\/index.php?rest_route=%2Fwp%2Fv2%2Fcategories&post=2230"},{"taxonomy":"post_tag","embeddable":true,"href":"https:\/\/www.skcpraha.cz\/index.php?rest_route=%2Fwp%2Fv2%2Ftags&post=2230"}],"curies":[{"name":"wp","href":"https:\/\/api.w.org\/{rel}","templated":true}]}}