{"id":2227,"date":"2015-01-27T09:43:14","date_gmt":"2015-01-27T09:43:14","guid":{"rendered":"http:\/\/www.skcpraha.cz\/?p=2227"},"modified":"2015-01-27T09:43:14","modified_gmt":"2015-01-27T09:43:14","slug":"predstavujeme-zavodniky-tymu-nutrend-specialized-racing-2015-barbora-prudkova","status":"publish","type":"post","link":"https:\/\/www.skcpraha.cz\/?p=2227","title":{"rendered":"P\u0159edstavujeme z\u00e1vodn\u00edky t\u00fdmu Nutrend Specialized Racing 2015 \u2013 Barbora Pr\u016fdkov\u00e1"},"content":{"rendered":"<p>Barbora Pr\u016fdkov\u00e1 se b\u011bhem jedin\u00e9ho roku dok\u00e1zala prosadit do absolutn\u00ed sv\u011btov\u00e9 \u0161pi\u010dky MTB.<br \/>\nJuniorsk\u00e1 v\u00edt\u011bzka Sv\u011btov\u00e9ho poh\u00e1ru a Olympijsk\u00fdch her ml\u00e1de\u017ee v\u00a0Nanjing ukon\u010dila sv\u00e9 p\u016fsoben\u00ed v\u00a0kategorii juniorek jako vedouc\u00ed z\u00e1vodnice sv\u011btov\u00e9ho \u017eeb\u0159\u00ed\u010dku UCI.<\/p>\n<p><em>\u201eB\u00e1ru \u010dek\u00e1 hodn\u011b n\u00e1ro\u010dn\u00fd rok. Bude maturovat, d\u011blat p\u0159ij\u00edma\u010dky na vysokou \u0161kolu a k\u00a0tomu bude z\u00e1vodit prvn\u00ed rok v\u00a0kategorii U23. M\u00e1me to nastaven\u00e9 tak, \u017ee prioritn\u00ed je zvl\u00e1dnout studijn\u00ed z\u00e1le\u017eitosti a tomu bude p\u0159\u00edpadn\u011b p\u0159izp\u016fsoben i tr\u00e9nink a z\u00e1vodn\u00ed program. Cht\u011bl bych, aby ten rok zvl\u00e1dla v\u00a0klidu a bez stresu. Skloubit vysoko\u0161kolsk\u00e9 studium se \u017eivotem vrcholov\u00e9ho sportovce nen\u00ed v\u016fbec snadn\u00e9. V\u011b\u0159\u00edm ale, \u017ee B\u00e1ra to zvl\u00e1dne. A pokud jde o sportovn\u00ed c\u00edle, budeme se dr\u017eet ten prvn\u00ed rok p\u0159i zemi, Bar\u010da se mus\u00ed v\u00a0kategorii U23 zabydlet, zvyknout si na rychlost, je to p\u0159eci jen trochu jin\u00e1 v\u00fdkonnost ne\u017e v\u00a0kategorii juniorek. Ov\u0161em to ale neznamen\u00e1, \u017ee B\u00e1ra nebude bojovat o dobr\u00fd v\u00fdsledek&#8230;:-)\u201c<\/em> p\u0159ibli\u017euje pl\u00e1n na rok 2015 tren\u00e9r Viktor Zapletal.<\/p>\n<p><strong>Profil\u00a0 Barbory Pr\u016fdkov\u00e9<\/strong><br \/>\n<strong>v\u011bk:<\/strong> 18 let<br \/>\n<strong>studuje:<\/strong> Sportovn\u00ed gymnazium Dany a Emila Z\u00e1topkov\u00fdch, letos maturuje a bude usilovat o p\u0159ijet\u00ed na FTVS UK v\u00a0Praze<br \/>\n<strong>nejv\u00edce si cen\u00ed \u00fasp\u011bch\u016f:<\/strong> 1. m\u00edsto SP v\u00a0Lenzerheide, 1. m\u00edsto Olympijsk\u00e9 hry ml\u00e1de\u017ee v\u00a0Nanjing, celkov\u00e9 v\u00edt\u011bzstv\u00ed ve Sv\u011btov\u00e9m poh\u00e1ru v\u00a0sez\u00f3n\u011b 2014<br \/>\n<strong>z\u00e1jmy: <\/strong>sport, j\u00edzda na koni, \u010detba, va\u0159en\u00ed (B\u00e1ra na ka\u017ed\u00fd t\u00fdmov\u00fd sraz voz\u00ed v\u00fdbornou b\u00e1bovku a \u0161tr\u016fdl&#8230;)<br \/>\n<strong>obl\u00edben\u00fd film:<\/strong> Harry Potter<br \/>\n<strong>obl\u00edben\u00e1 zp\u011bv\u00e1k:<\/strong> Jarek Nohavica<br \/>\n<strong>kola:<\/strong> Specialized S-Works, Amira, Fate, Cruix, Langster<br \/>\n<strong>p\u0159\u00e1n\u00ed pro sez\u00f3nu 2015:<\/strong> <em>\u201echt\u011bla bych podat co nejlep\u0161\u00ed v\u00fdkony a um\u00edstit se alespo\u0148 jednou do 5. m\u00edsta v\u00a0z\u00e1vod\u011b SP nebo na ME \u010di MS&#8230;\u201c<\/em><br \/>\n<a href=\"https:\/\/www.skcpraha.cz\/wp-content\/uploads\/2015\/01\/20150117_153531-1.jpg\" rel=\"lightbox\"><img decoding=\"async\" loading=\"lazy\" class=\"alignnone size-full wp-image-2228\" src=\"https:\/\/www.skcpraha.cz\/wp-content\/uploads\/2015\/01\/20150117_153531-1.jpg\" alt=\"20150117_153531-1\" width=\"2021\" height=\"2474\" srcset=\"https:\/\/www.skcpraha.cz\/wp-content\/uploads\/2015\/01\/20150117_153531-1.jpg 2021w, https:\/\/www.skcpraha.cz\/wp-content\/uploads\/2015\/01\/20150117_153531-1-490x600.jpg 490w, https:\/\/www.skcpraha.cz\/wp-content\/uploads\/2015\/01\/20150117_153531-1-837x1024.jpg 837w, https:\/\/www.skcpraha.cz\/wp-content\/uploads\/2015\/01\/20150117_153531-1-768x940.jpg 768w, https:\/\/www.skcpraha.cz\/wp-content\/uploads\/2015\/01\/20150117_153531-1-1255x1536.jpg 1255w, https:\/\/www.skcpraha.cz\/wp-content\/uploads\/2015\/01\/20150117_153531-1-1673x2048.jpg 1673w, https:\/\/www.skcpraha.cz\/wp-content\/uploads\/2015\/01\/20150117_153531-1-624x764.jpg 624w\" sizes=\"(max-width: 2021px) 100vw, 2021px\" \/><\/a> \/div><\/p>\n","protected":false},"excerpt":{"rendered":"<a href=\"https:\/\/www.skcpraha.cz\/?p=2227\"><img width=\"150\" height=\"150\" src=\"https:\/\/www.skcpraha.cz\/wp-content\/uploads\/2015\/01\/20150117_153531-1-150x150.jpg\" class=\"alignleft tfe wp-post-image\" alt=\"\" decoding=\"async\" loading=\"lazy\" \/><\/a><p>Barbora Pr\u016fdkov\u00e1 se b\u011bhem jedin\u00e9ho roku dok\u00e1zala prosadit do absolutn\u00ed sv\u011btov\u00e9 \u0161pi\u010dky MTB. Juniorsk\u00e1 v\u00edt\u011bzka Sv\u011btov\u00e9ho poh\u00e1ru a Olympijsk\u00fdch her ml\u00e1de\u017ee v\u00a0Nanjing ukon\u010dila sv\u00e9 p\u016fsoben\u00ed v\u00a0kategorii juniorek jako vedouc\u00ed z\u00e1vodnice sv\u011btov\u00e9ho \u017eeb\u0159\u00ed\u010dku UCI. \u201eB\u00e1ru \u010dek\u00e1 hodn\u011b n\u00e1ro\u010dn\u00fd rok. Bude maturovat, d\u011blat p\u0159ij\u00edma\u010dky na vysokou \u0161kolu a k\u00a0tomu bude z\u00e1vodit prvn\u00ed rok v\u00a0kategorii U23. M\u00e1me to [&hellip;]<\/p>\n","protected":false},"author":1,"featured_media":2228,"comment_status":"closed","ping_status":"open","sticky":false,"template":"","format":"standard","meta":[],"categories":[1],"tags":[],"_links":{"self":[{"href":"https:\/\/www.skcpraha.cz\/index.php?rest_route=\/wp\/v2\/posts\/2227"}],"collection":[{"href":"https:\/\/www.skcpraha.cz\/index.php?rest_route=\/wp\/v2\/posts"}],"about":[{"href":"https:\/\/www.skcpraha.cz\/index.php?rest_route=\/wp\/v2\/types\/post"}],"author":[{"embeddable":true,"href":"https:\/\/www.skcpraha.cz\/index.php?rest_route=\/wp\/v2\/users\/1"}],"replies":[{"embeddable":true,"href":"https:\/\/www.skcpraha.cz\/index.php?rest_route=%2Fwp%2Fv2%2Fcomments&post=2227"}],"version-history":[{"count":1,"href":"https:\/\/www.skcpraha.cz\/index.php?rest_route=\/wp\/v2\/posts\/2227\/revisions"}],"predecessor-version":[{"id":2229,"href":"https:\/\/www.skcpraha.cz\/index.php?rest_route=\/wp\/v2\/posts\/2227\/revisions\/2229"}],"wp:featuredmedia":[{"embeddable":true,"href":"https:\/\/www.skcpraha.cz\/index.php?rest_route=\/wp\/v2\/media\/2228"}],"wp:attachment":[{"href":"https:\/\/www.skcpraha.cz\/index.php?rest_route=%2Fwp%2Fv2%2Fmedia&parent=2227"}],"wp:term":[{"taxonomy":"category","embeddable":true,"href":"https:\/\/www.skcpraha.cz\/index.php?rest_route=%2Fwp%2Fv2%2Fcategories&post=2227"},{"taxonomy":"post_tag","embeddable":true,"href":"https:\/\/www.skcpraha.cz\/index.php?rest_route=%2Fwp%2Fv2%2Ftags&post=2227"}],"curies":[{"name":"wp","href":"https:\/\/api.w.org\/{rel}","templated":true}]}}