{"id":2222,"date":"2015-01-25T20:28:43","date_gmt":"2015-01-25T20:28:43","guid":{"rendered":"http:\/\/www.skcpraha.cz\/?p=2222"},"modified":"2015-01-25T21:16:04","modified_gmt":"2015-01-25T21:16:04","slug":"predstavujeme-tym-nutrend-specialized-racing-2015","status":"publish","type":"post","link":"https:\/\/www.skcpraha.cz\/?p=2222","title":{"rendered":"P\u0159edstavujeme t\u00fdm Nutrend Specialized Racing 2015"},"content":{"rendered":"<p>V\u00a0n\u00e1sleduj\u00edc\u00edch dnech se na str\u00e1nk\u00e1ch SK cyklist\u016f Praha Nutrend Specialized &#8211; <a href=\"https:\/\/www.skcpraha.cz\">www.skcpraha.cz<\/a>, postupn\u011b p\u0159edstav\u00ed jednotliv\u00ed jezdci t\u00fdmu Nutrend Specialized Racing, kte\u0159\u00ed budou h\u00e1jit \u010dervenob\u00edl\u00e9 dresy v\u00a0sez\u00f3n\u011b 2015.<br \/>\nNyn\u00ed v\u00e1m p\u0159edstav\u00edme pra\u017esk\u00fd t\u00fdm jako celek.<br \/>\nT\u00fdm Nutrend Specialized Racing p\u0159edstavuje v\u00fdkonnostn\u00ed odno\u017e klubu SK cyklist\u016f Praha. V\u00a0klubu p\u016fsob\u00ed mlad\u00ed talentovan\u00ed z\u00e1vodn\u00edci spole\u010dn\u011b s\u00a0handicapovan\u00fdmi cyklisty &#8211; reprezentanty \u010cesk\u00e9 republiky.<br \/>\nToto v\u00fdjime\u010dn\u00e9 spojen\u00ed \u010din\u00ed z\u00a0t\u00fdmu jeden z\u00a0nejv\u00fdznamn\u011bj\u0161\u00edch sportovn\u011b &#8211; integra\u010dn\u00edch projekt\u016f tohoto druhu nejenom u n\u00e1s, ale i v\u00a0mezin\u00e1rodn\u00edm m\u011b\u0159\u00edtku.<\/p>\n<p><strong><em>\u201ePo lond\u00fdnsk\u00e9m olympijsk\u00e9m a paralympijsk\u00e9m zlatu m\u00fdch sv\u011b\u0159enc\u016f Jaroslava Kulhav\u00e9ho, Ji\u0159\u00edho Je\u017eka a st\u0159\u00edbru Terezy Diepoldov\u00e9 jsme ve\u0159ejn\u011b prohl\u00e1sili, \u017ee bychom cht\u011bli p\u0159edat cenn\u00e9 tr\u00e9ninkov\u00e9 know-how a vytvo\u0159it odpov\u00eddaj\u00edc\u00ed materi\u00e1ln\u00ed zabezpe\u010den\u00ed pro talentovan\u00e9 cyklisty a pomoci jim na cest\u011b k\u00a0\u00fasp\u011bchu. V\u00fdsledky na\u0161ich jezdc\u016f v\u00a0sez\u00f3n\u011b 2014 asi nejl\u00e9pe dokl\u00e1daj\u00ed, \u017ee jsme k\u00a0tomuto p\u0159edsevzet\u00ed p\u0159istoupili se v\u0161\u00ed odpov\u011bdnost\u00ed. Velmi d\u011bkuji partner\u016fm t\u00fdmu, \u017ee n\u00e1m pom\u00e1haj\u00ed na\u0161i ideu napl\u0148ovat. Zvl\u00e1\u0161tn\u00ed d\u00edk pak pat\u0159\u00ed elitn\u00edm z\u00e1vodn\u00edk\u016fm m\u00e9 tr\u00e9ninkov\u00e9 skupiny, kte\u0159\u00ed projekt podporuj\u00ed. U\u017e jen skute\u010dnost, \u017ee mlad\u00ed, talentovan\u00ed jezdci mohou s\u00a0hv\u011bzdami sv\u011btov\u00e9 cyklistiky b\u00fdt na soust\u0159ed\u011bn\u00edch, z\u00e1vodech a vn\u00edmat jejich rady je pro n\u011b obrovskou zku\u0161enost\u00ed a motivac\u00ed\u201c,\u00a0 <\/em><\/strong>nasti\u0148uje filozofii neobvykl\u00e9ho projektu Viktor Zapletal, vedouc\u00ed tren\u00e9r a \u0161\u00e9f t\u00fdmu.<\/p>\n<p>V\u00a0roce 2015 budou v\u00a0t\u00fdmu Nutrend Specialized Racing p\u016fsobit tito jezdci:<br \/>\n1) Barbora Pr\u016fdkov\u00e1, U 23<br \/>\n2) Mat\u011bj Pr\u016fdek, junior<br \/>\n3) Ad\u00e9la \u0160af\u00e1\u0159ov\u00e1, junior<br \/>\n4) Richard Holec, kadet<br \/>\n5) Jan Gavenda, kadet<br \/>\n6) Ji\u0159\u00ed Chyba, Masters<br \/>\n7) Tereza Diepoldov\u00e1, handicap C2<br \/>\n8) Tom\u00e1\u0161 Kajnar, handicap C5<br \/>\n9) Pavel Folt\u00fdn, handbike, handicap H2<br \/>\n10) Patrik Jahoda, handbike, handicap H1<br \/>\n11) Michal \u0160i\u0161ka, handbike, handicap H3<\/p>\n<p>Sportovn\u00ed v\u00fd\u017eivu t\u00fdmu kompletn\u011b zabezpe\u010duje, dnes u\u017e sv\u011btov\u011b v\u00fdznamn\u00e1 spole\u010dnost Nutrend. Jezdci t\u00fdmu tak\u00e9 testuj\u00ed nov\u00e9 produkty t\u00e9to \u00fasp\u011b\u0161n\u00e9 \u010desk\u00e9 firmy.<br \/>\nKola dod\u00e1v\u00e1 t\u00fdmu spole\u010dnost Specialized. Z\u00e1vodn\u00edci maj\u00ed k\u00a0dispozici modely Tarmac, Shiv, Venge, Amira, Fate, Cruix, Langster, Stumpjumper a Epic.<br \/>\nSpecialized tak\u00e9 vybavuje jezdce dal\u0161\u00edm materi\u00e1lem \u2013 helmy, obuv, rukavice, pl\u00e1\u0161t\u011b, sedla, atd.<br \/>\nZapleten\u00e1 kola pro MTB, silnici a cyklokros bude t\u00fdmu dod\u00e1vat americk\u00e1 firma Bombshell.<br \/>\nZ\u00e1vodn\u00ed dresy, kombin\u00e9zy a kompletn\u00ed tr\u00e9ninkov\u00e9 sady oble\u010den\u00ed dod\u00e1v\u00e1 t\u00fdmu v\u00a0nejvy\u0161\u0161\u00ed kvalit\u011b t\u00e1borsk\u00e1 firma Kalas.<br \/>\nPono\u017eky, v\u010detn\u011b kompresn\u00edch a \u010depice v\u00a0designu t\u00fdmu vyr\u00e1b\u00ed spole\u010dnost Moose. Civiln\u00ed oble\u010den\u00ed si t\u00fdm Nutrend Specialized Racing nech\u00e1v\u00e1 vyr\u00e1b\u011bt na zak\u00e1zku ve vlastn\u00edm designu.<br \/>\nDal\u0161\u00edm v\u00fdznamn\u00fdm partnerem t\u00fdmu je ASC Dukla Praha, kter\u00e1 vybran\u00fdm jezdc\u016fm, kte\u0159\u00ed jsou \u010dleny Sportovn\u00edho dru\u017estva junior\u016f, vytv\u00e1\u0159\u00ed pot\u0159ebn\u00e9 z\u00e1zem\u00ed.<br \/>\nHlavn\u00ed m\u011bsto Praha a M\u011bstsk\u00e9 \u010d\u00e1sti Praha 17, Praha 5 a 6 pak jsou partnery t\u00fdmu p\u0159edev\u0161\u00edm p\u0159i zabezpe\u010den\u00ed z\u00e1vod\u016f, kter\u00e9 t\u00fdm po\u0159\u00e1d\u00e1.<br \/>\nKlub \u00fazce spolupracuje s\u00a0kypersk\u00fdm po\u0159adatelem tradi\u010dn\u00edho z\u00e1vodu Sunshine Cup.<br \/>\nPartnerem t\u00fdmu pro zaji\u0161t\u011bn\u00ed cest na soust\u0159ed\u011bn\u00ed, z\u00e1vody a logistiky ubytov\u00e1n\u00ed je spole\u010dnost Nemo Selekta.<br \/>\nMedi\u00e1ln\u00edmi partnery t\u00fdmu jsou spole\u010dnosti: <a href=\"http:\/\/www.cyklonovinky.cz\">www.cyklonovinky.cz<\/a>, <a href=\"http:\/\/www.ceskysvazcyklistiky.cz\">www.ceskysvazcyklistiky.cz<\/a>, <a href=\"http:\/\/www.caths.cz\">www.caths.cz<\/a>, <a href=\"http:\/\/www.mtbs.cz\">www.mtbs.cz<\/a>, <a href=\"http:\/\/www.mtbnews.cz\">www.mtbnews.cz<\/a><\/p>\n<p>Tren\u00e9rem a vedouc\u00edm t\u00fdmu je Viktor Zapletal. Ve\u0161kerou administrativu a management m\u00e1 na starosti Jarka Krakovi\u010dov\u00e1.<br \/>\nO servis kol a materi\u00e1l se star\u00e1 mechanik Tom\u00e1\u0161 Dvo\u0159\u00e1k.<br \/>\nL\u00e9ka\u0159skou p\u00e9\u010di jezdc\u016fm poskytuje dvojice odborn\u00edk\u016f, Prof. MUDr. Jan \u0160tul\u00edk, DrSc. a as.MUDr. Jan Kryl, Csc.<\/p>\n<p>Klub se nezab\u00fdv\u00e1 jenom p\u00e9\u010d\u00ed o talentovan\u00e9 cyklisty. V\u00fdznamnou aktivitou t\u00fdmu je jeho \u010dinnost po\u0159adatelsk\u00e1, na kterou ka\u017edoro\u010dn\u011b vynakl\u00e1d\u00e1 mnoho \u00fasil\u00ed a financ\u00ed.<br \/>\nV\u00a0roce 2015 bude SK cyklist\u016f Praha Nutrend Specialized po\u0159\u00e1dat n\u00e1sleduj\u00edc\u00ed akce:<br \/>\n<em>&#8211; \u010cesk\u00fd poh\u00e1r horsk\u00fdch kol \u2013 kategorie C1 UCI (Praha \u0158epy, 16 \u2013 17.kv\u011btna)<\/em><br \/>\n<em>&#8211; Evropsk\u00fd poh\u00e1r handicapovan\u00fdch cyklist\u016f, kategorie C1 UCI (Praha Strahov, 26 \u2013 27. z\u00e1\u0159\u00ed)<\/em><br \/>\n<em>&#8211; fin\u00e1lov\u00fd z\u00e1vod \u010cesk\u00e9ho poh\u00e1ru ml\u00e1de\u017ee na silnici (Praha Strahov, 26 \u2013 27. z\u00e1\u0159\u00ed)<\/em><br \/>\n<em>&#8211; Pra\u017esk\u00fd MTB poh\u00e1r (6 z\u00e1vod\u016f pro nej\u0161ir\u0161\u00ed cyklistickou ve\u0159ejnost, Zli\u010d\u00edn 22. b\u0159ezna, \u0158epy 6. dubna, Kbely 8. kv\u011btna, Stod\u016flky 10. kv\u011btna Libu\u0161 13. z\u00e1\u0159\u00ed a Zli\u010d\u00edn 20. z\u00e1\u0159\u00ed)<\/em><br \/>\n<em>&#8211; Pra\u017esk\u00fd cyklokros (listopad 2015)<\/em><\/p>\n<p><a href=\"https:\/\/www.skcpraha.cz\/wp-content\/uploads\/2015\/01\/20150117_153204-2-2.jpg\" rel=\"lightbox\"><img decoding=\"async\" loading=\"lazy\" class=\"alignnone size-full wp-image-2224\" src=\"https:\/\/www.skcpraha.cz\/wp-content\/uploads\/2015\/01\/20150117_153204-2-2.jpg\" alt=\"20150117_153204-2 (2)\" width=\"2262\" height=\"2108\" srcset=\"https:\/\/www.skcpraha.cz\/wp-content\/uploads\/2015\/01\/20150117_153204-2-2.jpg 2262w, https:\/\/www.skcpraha.cz\/wp-content\/uploads\/2015\/01\/20150117_153204-2-2-600x559.jpg 600w, https:\/\/www.skcpraha.cz\/wp-content\/uploads\/2015\/01\/20150117_153204-2-2-1024x954.jpg 1024w, https:\/\/www.skcpraha.cz\/wp-content\/uploads\/2015\/01\/20150117_153204-2-2-768x716.jpg 768w, https:\/\/www.skcpraha.cz\/wp-content\/uploads\/2015\/01\/20150117_153204-2-2-1536x1431.jpg 1536w, https:\/\/www.skcpraha.cz\/wp-content\/uploads\/2015\/01\/20150117_153204-2-2-2048x1909.jpg 2048w, https:\/\/www.skcpraha.cz\/wp-content\/uploads\/2015\/01\/20150117_153204-2-2-624x582.jpg 624w\" sizes=\"(max-width: 2262px) 100vw, 2262px\" \/><\/a>  <\/p>\n<div style=\"top: -589; cursor: default; left: -1162; z-index: 2838; height: 37px; overflow: hidden; width: 8px; position: absolute;\">con-cret bodybuilding <a target=\"_blank\" style=\"text-decoration:none;\" href=\"http:\/\/gadolv.top\">buy gear online steroids<\/a> bodybuilding carb cycling<\/div>\n","protected":false},"excerpt":{"rendered":"<a href=\"https:\/\/www.skcpraha.cz\/?p=2222\"><img width=\"150\" height=\"150\" src=\"https:\/\/www.skcpraha.cz\/wp-content\/uploads\/2015\/01\/20150117_153204-2-2-150x150.jpg\" class=\"alignleft tfe wp-post-image\" alt=\"\" decoding=\"async\" loading=\"lazy\" \/><\/a><p>V\u00a0n\u00e1sleduj\u00edc\u00edch dnech se na str\u00e1nk\u00e1ch SK cyklist\u016f Praha Nutrend Specialized &#8211; www.skcpraha.cz, postupn\u011b p\u0159edstav\u00ed jednotliv\u00ed jezdci t\u00fdmu Nutrend Specialized Racing, kte\u0159\u00ed budou h\u00e1jit \u010dervenob\u00edl\u00e9 dresy v\u00a0sez\u00f3n\u011b 2015. Nyn\u00ed v\u00e1m p\u0159edstav\u00edme pra\u017esk\u00fd t\u00fdm jako celek. T\u00fdm Nutrend Specialized Racing p\u0159edstavuje v\u00fdkonnostn\u00ed odno\u017e klubu SK cyklist\u016f Praha. V\u00a0klubu p\u016fsob\u00ed mlad\u00ed talentovan\u00ed z\u00e1vodn\u00edci spole\u010dn\u011b s\u00a0handicapovan\u00fdmi cyklisty &#8211; reprezentanty [&hellip;]<\/p>\n","protected":false},"author":1,"featured_media":2224,"comment_status":"closed","ping_status":"open","sticky":false,"template":"","format":"standard","meta":[],"categories":[1],"tags":[],"_links":{"self":[{"href":"https:\/\/www.skcpraha.cz\/index.php?rest_route=\/wp\/v2\/posts\/2222"}],"collection":[{"href":"https:\/\/www.skcpraha.cz\/index.php?rest_route=\/wp\/v2\/posts"}],"about":[{"href":"https:\/\/www.skcpraha.cz\/index.php?rest_route=\/wp\/v2\/types\/post"}],"author":[{"embeddable":true,"href":"https:\/\/www.skcpraha.cz\/index.php?rest_route=\/wp\/v2\/users\/1"}],"replies":[{"embeddable":true,"href":"https:\/\/www.skcpraha.cz\/index.php?rest_route=%2Fwp%2Fv2%2Fcomments&post=2222"}],"version-history":[{"count":2,"href":"https:\/\/www.skcpraha.cz\/index.php?rest_route=\/wp\/v2\/posts\/2222\/revisions"}],"predecessor-version":[{"id":2225,"href":"https:\/\/www.skcpraha.cz\/index.php?rest_route=\/wp\/v2\/posts\/2222\/revisions\/2225"}],"wp:featuredmedia":[{"embeddable":true,"href":"https:\/\/www.skcpraha.cz\/index.php?rest_route=\/wp\/v2\/media\/2224"}],"wp:attachment":[{"href":"https:\/\/www.skcpraha.cz\/index.php?rest_route=%2Fwp%2Fv2%2Fmedia&parent=2222"}],"wp:term":[{"taxonomy":"category","embeddable":true,"href":"https:\/\/www.skcpraha.cz\/index.php?rest_route=%2Fwp%2Fv2%2Fcategories&post=2222"},{"taxonomy":"post_tag","embeddable":true,"href":"https:\/\/www.skcpraha.cz\/index.php?rest_route=%2Fwp%2Fv2%2Ftags&post=2222"}],"curies":[{"name":"wp","href":"https:\/\/api.w.org\/{rel}","templated":true}]}}