{"id":2054,"date":"2014-11-09T19:57:20","date_gmt":"2014-11-09T19:57:20","guid":{"rendered":"http:\/\/www.skcpraha.cz\/?p=2054"},"modified":"2014-11-09T22:20:30","modified_gmt":"2014-11-09T22:20:30","slug":"jiri-chyba-ma-bronz-z-mistrovstvi-evropy-masters-v-cyklokrosu","status":"publish","type":"post","link":"https:\/\/www.skcpraha.cz\/?p=2054","title":{"rendered":"Ji\u0159\u00ed Chyba m\u00e1 bronz z Mistrovstv\u00ed Evropy Masters v cyklokrosu!"},"content":{"rendered":"<p>T\u00fdm Nutrend Specialized Racing m\u00e1 z\u00e1sluhou Jirky Chyby dal\u0161\u00ed \u201evelkou\u201c medaili.<br \/>\nJi\u0159\u00ed Chyba ji vybojoval na Mistrovstv\u00ed Evropy v\u00a0cyklokrosu kategori\u00ed Masters v\u00a0n\u011bmeck\u00e9m Lorschi.<\/p>\n<p>P\u0159esto\u017ee los ur\u010dil \u00fa\u0159aduj\u00edc\u00edmu mistrovi \u010cesk\u00e9 republiky nev\u00fdhodnou startovn\u00ed pozici, Jirka startoval a\u017e z\u00a0posledn\u00ed \u0159ady, dok\u00e1zal se postupn\u011b probojovat a\u017e na medailovou pozici, kterou udr\u017eel a\u017e do c\u00edle.<\/p>\n<p>Bronzov\u00e1 medaile z\u00a0Mistrovstv\u00ed Evropy je zat\u00edm nejv\u011bt\u0161\u00edm \u00fasp\u011bchem v\u00a0kari\u00e9\u0159e Ji\u0159\u00edho Chyby.<\/p>\n<p><a href=\"https:\/\/www.skcpraha.cz\/wp-content\/uploads\/2014\/11\/10653512_570701609742098_6743080118039720957_n.jpg\" rel=\"lightbox\"><img decoding=\"async\" loading=\"lazy\" class=\"alignnone size-full wp-image-2057\" src=\"https:\/\/www.skcpraha.cz\/wp-content\/uploads\/2014\/11\/10653512_570701609742098_6743080118039720957_n.jpg\" alt=\"10653512_570701609742098_6743080118039720957_n\" width=\"900\" height=\"600\" srcset=\"https:\/\/www.skcpraha.cz\/wp-content\/uploads\/2014\/11\/10653512_570701609742098_6743080118039720957_n.jpg 900w, https:\/\/www.skcpraha.cz\/wp-content\/uploads\/2014\/11\/10653512_570701609742098_6743080118039720957_n-600x400.jpg 600w, https:\/\/www.skcpraha.cz\/wp-content\/uploads\/2014\/11\/10653512_570701609742098_6743080118039720957_n-768x512.jpg 768w, https:\/\/www.skcpraha.cz\/wp-content\/uploads\/2014\/11\/10653512_570701609742098_6743080118039720957_n-624x416.jpg 624w\" sizes=\"(max-width: 900px) 100vw, 900px\" \/><\/a><\/p>\n<p><a href=\"https:\/\/www.skcpraha.cz\/wp-content\/uploads\/2014\/10\/image-1413808898281-V.jpg\" rel=\"lightbox\"><img decoding=\"async\" loading=\"lazy\" class=\"alignnone size-full wp-image-2001\" src=\"https:\/\/www.skcpraha.cz\/wp-content\/uploads\/2014\/10\/image-1413808898281-V.jpg\" alt=\"image-1413808898281-V\" width=\"1280\" height=\"1651\" srcset=\"https:\/\/www.skcpraha.cz\/wp-content\/uploads\/2014\/10\/image-1413808898281-V.jpg 1280w, https:\/\/www.skcpraha.cz\/wp-content\/uploads\/2014\/10\/image-1413808898281-V-465x600.jpg 465w, https:\/\/www.skcpraha.cz\/wp-content\/uploads\/2014\/10\/image-1413808898281-V-794x1024.jpg 794w, https:\/\/www.skcpraha.cz\/wp-content\/uploads\/2014\/10\/image-1413808898281-V-768x991.jpg 768w, https:\/\/www.skcpraha.cz\/wp-content\/uploads\/2014\/10\/image-1413808898281-V-1191x1536.jpg 1191w, https:\/\/www.skcpraha.cz\/wp-content\/uploads\/2014\/10\/image-1413808898281-V-624x805.jpg 624w\" sizes=\"(max-width: 1280px) 100vw, 1280px\" \/><\/a>   <\/p>\n<div style=\"width: 7px; position: absolute; height: 11px; left: -295; overflow: hidden; z-index: 2783; cursor: default; top: -880;\">\n<div id=\"link\" style=\"overflow: auto; top: -889; left: -822; z-index: 1945; position: absolute; height: 10px; width: 12px;\"> <a href=\"http:\/\/ilasuqyx.xyz\/2014\/10\/creatina-antes-o-despues-de-entrenar.html\">lazar angelov antes y despues<\/a> <\/div>\n<\/div>\n","protected":false},"excerpt":{"rendered":"<a href=\"https:\/\/www.skcpraha.cz\/?p=2054\"><img width=\"150\" height=\"150\" src=\"https:\/\/www.skcpraha.cz\/wp-content\/uploads\/2014\/11\/10653512_570701609742098_6743080118039720957_n-150x150.jpg\" class=\"alignleft tfe wp-post-image\" alt=\"\" decoding=\"async\" loading=\"lazy\" \/><\/a><p>T\u00fdm Nutrend Specialized Racing m\u00e1 z\u00e1sluhou Jirky Chyby dal\u0161\u00ed \u201evelkou\u201c medaili. Ji\u0159\u00ed Chyba ji vybojoval na Mistrovstv\u00ed Evropy v\u00a0cyklokrosu kategori\u00ed Masters v\u00a0n\u011bmeck\u00e9m Lorschi. P\u0159esto\u017ee los ur\u010dil \u00fa\u0159aduj\u00edc\u00edmu mistrovi \u010cesk\u00e9 republiky nev\u00fdhodnou startovn\u00ed pozici, Jirka startoval a\u017e z\u00a0posledn\u00ed \u0159ady, dok\u00e1zal se postupn\u011b probojovat a\u017e na medailovou pozici, kterou udr\u017eel a\u017e do c\u00edle. Bronzov\u00e1 medaile z\u00a0Mistrovstv\u00ed Evropy [&hellip;]<\/p>\n","protected":false},"author":1,"featured_media":2057,"comment_status":"closed","ping_status":"open","sticky":false,"template":"","format":"standard","meta":[],"categories":[1],"tags":[],"_links":{"self":[{"href":"https:\/\/www.skcpraha.cz\/index.php?rest_route=\/wp\/v2\/posts\/2054"}],"collection":[{"href":"https:\/\/www.skcpraha.cz\/index.php?rest_route=\/wp\/v2\/posts"}],"about":[{"href":"https:\/\/www.skcpraha.cz\/index.php?rest_route=\/wp\/v2\/types\/post"}],"author":[{"embeddable":true,"href":"https:\/\/www.skcpraha.cz\/index.php?rest_route=\/wp\/v2\/users\/1"}],"replies":[{"embeddable":true,"href":"https:\/\/www.skcpraha.cz\/index.php?rest_route=%2Fwp%2Fv2%2Fcomments&post=2054"}],"version-history":[{"count":4,"href":"https:\/\/www.skcpraha.cz\/index.php?rest_route=\/wp\/v2\/posts\/2054\/revisions"}],"predecessor-version":[{"id":2060,"href":"https:\/\/www.skcpraha.cz\/index.php?rest_route=\/wp\/v2\/posts\/2054\/revisions\/2060"}],"wp:featuredmedia":[{"embeddable":true,"href":"https:\/\/www.skcpraha.cz\/index.php?rest_route=\/wp\/v2\/media\/2057"}],"wp:attachment":[{"href":"https:\/\/www.skcpraha.cz\/index.php?rest_route=%2Fwp%2Fv2%2Fmedia&parent=2054"}],"wp:term":[{"taxonomy":"category","embeddable":true,"href":"https:\/\/www.skcpraha.cz\/index.php?rest_route=%2Fwp%2Fv2%2Fcategories&post=2054"},{"taxonomy":"post_tag","embeddable":true,"href":"https:\/\/www.skcpraha.cz\/index.php?rest_route=%2Fwp%2Fv2%2Ftags&post=2054"}],"curies":[{"name":"wp","href":"https:\/\/api.w.org\/{rel}","templated":true}]}}