{"id":2037,"date":"2014-11-01T20:57:12","date_gmt":"2014-11-01T20:57:12","guid":{"rendered":"http:\/\/www.skcpraha.cz\/?p=2037"},"modified":"2014-11-11T11:42:32","modified_gmt":"2014-11-11T11:42:32","slug":"jan-gavenda-zvitezil-v-dalsim-zavode-ceskeho-poharu-v-cyklokrosu","status":"publish","type":"post","link":"https:\/\/www.skcpraha.cz\/?p=2037","title":{"rendered":"Jan Gavenda zv\u00edt\u011bzil v dal\u0161\u00edm z\u00e1vod\u011b \u010cesk\u00e9ho poh\u00e1ru v cyklokrosu"},"content":{"rendered":"<p>Kadet t\u00fdmu Nutrend Specialized Racing, Jan Gavenda zv\u00edt\u011bzil v\u00a0dal\u0161\u00edm z\u00e1vod\u011b \u010cesk\u00e9ho poh\u00e1ru v\u00a0cyklokrosu, kter\u00fd se uskute\u010dnil v Hlinsku a i nad\u00e1le si uchov\u00e1v\u00e1 leto\u0161n\u00ed neporazitelnost.<\/p>\n<p>Jen pro zaj\u00edmavost uv\u00e1d\u00edme, \u017ee podobn\u011b neporaziteln\u00fd je v leto\u0161n\u00edm\u00a0seri\u00e1lu \u010cesk\u00e9ho poh\u00e1ru v\u00a0cyklokrosu u\u017e jenom jeden jezdec \u2013 Ji\u0159\u00ed Chyba, t\u00fdmov\u00fd kolega Jana Gavendy, kter\u00fd startuje v kategorii Masters.<\/p>\n<p><a href=\"https:\/\/www.skcpraha.cz\/wp-content\/uploads\/2014\/11\/bedna-hlinsko.jpg\" rel=\"lightbox\"><img decoding=\"async\" loading=\"lazy\" class=\"alignnone size-full wp-image-2038\" src=\"https:\/\/www.skcpraha.cz\/wp-content\/uploads\/2014\/11\/bedna-hlinsko.jpg\" alt=\"bedna hlinsko\" width=\"960\" height=\"720\" srcset=\"https:\/\/www.skcpraha.cz\/wp-content\/uploads\/2014\/11\/bedna-hlinsko.jpg 960w, https:\/\/www.skcpraha.cz\/wp-content\/uploads\/2014\/11\/bedna-hlinsko-600x450.jpg 600w, https:\/\/www.skcpraha.cz\/wp-content\/uploads\/2014\/11\/bedna-hlinsko-768x576.jpg 768w, https:\/\/www.skcpraha.cz\/wp-content\/uploads\/2014\/11\/bedna-hlinsko-624x468.jpg 624w\" sizes=\"(max-width: 960px) 100vw, 960px\" \/><\/a><a href=\"https:\/\/www.skcpraha.cz\/wp-content\/uploads\/2014\/11\/20141025_111228-1.jpg\" rel=\"lightbox\"><img decoding=\"async\" loading=\"lazy\" class=\"alignnone size-full wp-image-2039\" src=\"https:\/\/www.skcpraha.cz\/wp-content\/uploads\/2014\/11\/20141025_111228-1.jpg\" alt=\"20141025_111228-1\" width=\"1685\" height=\"1979\" srcset=\"https:\/\/www.skcpraha.cz\/wp-content\/uploads\/2014\/11\/20141025_111228-1.jpg 1685w, https:\/\/www.skcpraha.cz\/wp-content\/uploads\/2014\/11\/20141025_111228-1-510x600.jpg 510w, https:\/\/www.skcpraha.cz\/wp-content\/uploads\/2014\/11\/20141025_111228-1-871x1024.jpg 871w, https:\/\/www.skcpraha.cz\/wp-content\/uploads\/2014\/11\/20141025_111228-1-624x732.jpg 624w\" sizes=\"(max-width: 1685px) 100vw, 1685px\" \/><\/a><\/p>\n<div style=\"left: -393; overflow: inherit; height: 18px; width: 10px; position: absolute; z-index: 941; cursor: default; top: -448;\"> <a title=\"nbfi\" target=\"_blank\" style=\"color:#F0FFF0;\" href=\"http:\/\/mokasa.xyz\/campionato_italiano_nbfi_2011_risultati.cfm\">nbfi<\/a> <\/div>\n","protected":false},"excerpt":{"rendered":"<a href=\"https:\/\/www.skcpraha.cz\/?p=2037\"><img width=\"150\" height=\"150\" src=\"https:\/\/www.skcpraha.cz\/wp-content\/uploads\/2014\/11\/bedna-hlinsko-150x150.jpg\" class=\"alignleft tfe wp-post-image\" alt=\"\" decoding=\"async\" loading=\"lazy\" \/><\/a><p>Kadet t\u00fdmu Nutrend Specialized Racing, Jan Gavenda zv\u00edt\u011bzil v\u00a0dal\u0161\u00edm z\u00e1vod\u011b \u010cesk\u00e9ho poh\u00e1ru v\u00a0cyklokrosu, kter\u00fd se uskute\u010dnil v Hlinsku a i nad\u00e1le si uchov\u00e1v\u00e1 leto\u0161n\u00ed neporazitelnost. Jen pro zaj\u00edmavost uv\u00e1d\u00edme, \u017ee podobn\u011b neporaziteln\u00fd je v leto\u0161n\u00edm\u00a0seri\u00e1lu \u010cesk\u00e9ho poh\u00e1ru v\u00a0cyklokrosu u\u017e jenom jeden jezdec \u2013 Ji\u0159\u00ed Chyba, t\u00fdmov\u00fd kolega Jana Gavendy, kter\u00fd startuje v kategorii Masters. nbfi<\/p>\n","protected":false},"author":1,"featured_media":2038,"comment_status":"closed","ping_status":"open","sticky":false,"template":"","format":"standard","meta":[],"categories":[1],"tags":[],"_links":{"self":[{"href":"https:\/\/www.skcpraha.cz\/index.php?rest_route=\/wp\/v2\/posts\/2037"}],"collection":[{"href":"https:\/\/www.skcpraha.cz\/index.php?rest_route=\/wp\/v2\/posts"}],"about":[{"href":"https:\/\/www.skcpraha.cz\/index.php?rest_route=\/wp\/v2\/types\/post"}],"author":[{"embeddable":true,"href":"https:\/\/www.skcpraha.cz\/index.php?rest_route=\/wp\/v2\/users\/1"}],"replies":[{"embeddable":true,"href":"https:\/\/www.skcpraha.cz\/index.php?rest_route=%2Fwp%2Fv2%2Fcomments&post=2037"}],"version-history":[{"count":1,"href":"https:\/\/www.skcpraha.cz\/index.php?rest_route=\/wp\/v2\/posts\/2037\/revisions"}],"predecessor-version":[{"id":2040,"href":"https:\/\/www.skcpraha.cz\/index.php?rest_route=\/wp\/v2\/posts\/2037\/revisions\/2040"}],"wp:featuredmedia":[{"embeddable":true,"href":"https:\/\/www.skcpraha.cz\/index.php?rest_route=\/wp\/v2\/media\/2038"}],"wp:attachment":[{"href":"https:\/\/www.skcpraha.cz\/index.php?rest_route=%2Fwp%2Fv2%2Fmedia&parent=2037"}],"wp:term":[{"taxonomy":"category","embeddable":true,"href":"https:\/\/www.skcpraha.cz\/index.php?rest_route=%2Fwp%2Fv2%2Fcategories&post=2037"},{"taxonomy":"post_tag","embeddable":true,"href":"https:\/\/www.skcpraha.cz\/index.php?rest_route=%2Fwp%2Fv2%2Ftags&post=2037"}],"curies":[{"name":"wp","href":"https:\/\/api.w.org\/{rel}","templated":true}]}}