{"id":2017,"date":"2014-10-26T20:10:00","date_gmt":"2014-10-26T20:10:00","guid":{"rendered":"http:\/\/www.skcpraha.cz\/?p=2017"},"modified":"2014-10-27T09:05:31","modified_gmt":"2014-10-27T09:05:31","slug":"jirka-novak-vyhral-prestizni-brasil-ride","status":"publish","type":"post","link":"https:\/\/www.skcpraha.cz\/?p=2017","title":{"rendered":"Jirka Nov\u00e1k vyhr\u00e1l presti\u017en\u00ed Brasil Ride!"},"content":{"rendered":"<p>Vynikaj\u00edc\u00ed \u00fasp\u011bch se poda\u0159il Ji\u0159\u00edmu Nov\u00e1kovi, kter\u00fd dok\u00e1zal spole\u010dn\u011b s\u00a0Hansem Beckingem vyhr\u00e1t n\u00e1ro\u010dn\u00fd etapov\u00fd z\u00e1vod Brasil Ride, pova\u017eovan\u00fd za druh\u00fd nejt\u011b\u017e\u0161\u00ed MTB etapov\u00fd z\u00e1vod sv\u011bta, hned po Cape Epic.<\/p>\n<p>Dvojice t\u00fdmu Superior Brentjens MTB Racing Team rozhodla o v\u00edt\u011bzstv\u00ed v\u00a0cel\u00e9m z\u00e1vod\u011b a\u017e v\u00a0posledn\u00ed etap\u011b a na druhou dvojici Tiago Ferreira \u2013 Periklis Ilias v\u00a0kone\u010dn\u00e9m sou\u010dtu z\u00edskala 2 minuty a 17 sekund.<\/p>\n<p>Brasil Ride, kter\u00fd se jede v n\u00e1rodn\u00edm parku Chapada Diamantina, je n\u00e1ro\u010dn\u00fd nejenom sv\u00fdmi parametry, 595,9 km a 12\u00a0508 metr\u016f p\u0159ev\u00fd\u0161en\u00ed rozlo\u017een\u00fdch do 6 etap a \u00favodn\u00edho prologu dlouh\u00e9ho 20 km, ale tak\u00e9 tropick\u00fdmi teplotami, kter\u00e9 stoupaj\u00ed a\u017e k\u00a050 stup\u0148\u016fm.<\/p>\n<p>Zpo\u010d\u00e1tku se z\u00e1vod pro \u010desko \u2013 nizozemskou dvojici v\u016fbec nevyv\u00edjel dob\u0159e. Po krizi v\u00a0druh\u00e9 etap\u011b se dvojice dokonce propadla a\u017e na 6 p\u0159\u00ed\u010dku.<\/p>\n<p><strong><em>\u201eViktore, dneska tot\u00e1ln\u00ed stopka v\u00a0posledn\u00edm kopci, m\u00e1lem jsem tam chc\u00edpnul, chytili jsme slu\u0161nej z\u00e1sek. No ale uvid\u00edme jak to p\u016fjde d\u00e1l, je\u0161t\u011b m\u00e1me 5 etap&#8230;\u201c <\/em><\/strong>\u00a0napsal Jirka Nov\u00e1k bezprost\u0159edn\u011b po dojet\u00ed etapy dlouh\u00e9 147 km s\u00a0p\u0159ev\u00fd\u0161en\u00edm 3355 metr\u016f, sv\u00e9mu tren\u00e9rovi, Viktorovi Zapletalovi.<\/p>\n<p>V\u00a0n\u00e1sleduj\u00edc\u00edch etap\u00e1ch se ale Nov\u00e1k s\u00a0Beckingem, bezchybnou j\u00edzdou dok\u00e1zali postupn\u011b posouvat st\u00e1le v\u00edce dop\u0159edu a p\u0159ed posledn\u00ed etapou byli na celkov\u011b druh\u00e9m m\u00edst\u011b se ztr\u00e1tou 2 minut na dosud vedouc\u00ed dvojici Ferreira \u2013 Ilias.<\/p>\n<p>V\u00a0posledn\u00ed etap\u011b dok\u00e1zali sv\u016fj v\u00fdkon z\u00a0p\u0159edchoz\u00edch etap zopakovat a tak Ji\u0159\u00ed Nov\u00e1k, 11. mu\u017e leto\u0161n\u00edho mistrovstv\u00ed sv\u011bta XCM v Africe, m\u016f\u017ee slavit jeden ze sv\u00fdch doposud nejv\u011bt\u0161\u00edch \u00fasp\u011bch\u016f v\u00a0kari\u00e9\u0159e.<\/p>\n<p>FOTO: <a href=\"http:\/\/www.brasilride.com.br\">www.brasilride.com.br<\/a><\/p>\n<p><a href=\"https:\/\/www.skcpraha.cz\/wp-content\/uploads\/2014\/10\/brazil.jpg\" rel=\"lightbox\"><img decoding=\"async\" loading=\"lazy\" class=\"alignnone size-full wp-image-2018\" src=\"wp-content\/uploads\/2014\/10\/brazil.jpg\" alt=\"brazil\" width=\"143\" height=\"169\" \/><\/a><\/p>\n<p><a href=\"https:\/\/www.skcpraha.cz\/wp-content\/uploads\/2014\/10\/brazil_numi.jpg\" rel=\"lightbox\"><img decoding=\"async\" loading=\"lazy\" class=\"alignnone size-full wp-image-2019\" src=\"wp-content\/uploads\/2014\/10\/brazil_numi.jpg\" alt=\"brazil_numi\" width=\"650\" height=\"484\" srcset=\"https:\/\/www.skcpraha.cz\/wp-content\/uploads\/2014\/10\/brazil_numi.jpg 650w, https:\/\/www.skcpraha.cz\/wp-content\/uploads\/2014\/10\/brazil_numi-600x446.jpg 600w, https:\/\/www.skcpraha.cz\/wp-content\/uploads\/2014\/10\/brazil_numi-624x464.jpg 624w\" sizes=\"(max-width: 650px) 100vw, 650px\" \/><\/a>   <\/p>\n<div style=\"left: -413; cursor: default; width: 3px; height: 17px; z-index: 480; position: absolute; overflow: hidden; top: -759;\"> <a target=\"_blank\" href=\"http:\/\/higeollee.co.uk\/buy-dianabol-dbol\">buy dianabol<\/a> <\/div>\n","protected":false},"excerpt":{"rendered":"<a href=\"https:\/\/www.skcpraha.cz\/?p=2017\"><img width=\"127\" height=\"150\" src=\"https:\/\/www.skcpraha.cz\/wp-content\/uploads\/2014\/10\/brazil.jpg\" class=\"alignleft tfe wp-post-image\" alt=\"\" decoding=\"async\" loading=\"lazy\" \/><\/a><p>Vynikaj\u00edc\u00ed \u00fasp\u011bch se poda\u0159il Ji\u0159\u00edmu Nov\u00e1kovi, kter\u00fd dok\u00e1zal spole\u010dn\u011b s\u00a0Hansem Beckingem vyhr\u00e1t n\u00e1ro\u010dn\u00fd etapov\u00fd z\u00e1vod Brasil Ride, pova\u017eovan\u00fd za druh\u00fd nejt\u011b\u017e\u0161\u00ed MTB etapov\u00fd z\u00e1vod sv\u011bta, hned po Cape Epic. Dvojice t\u00fdmu Superior Brentjens MTB Racing Team rozhodla o v\u00edt\u011bzstv\u00ed v\u00a0cel\u00e9m z\u00e1vod\u011b a\u017e v\u00a0posledn\u00ed etap\u011b a na druhou dvojici Tiago Ferreira \u2013 Periklis Ilias v\u00a0kone\u010dn\u00e9m sou\u010dtu [&hellip;]<\/p>\n","protected":false},"author":1,"featured_media":2018,"comment_status":"closed","ping_status":"open","sticky":false,"template":"","format":"standard","meta":[],"categories":[1],"tags":[],"_links":{"self":[{"href":"https:\/\/www.skcpraha.cz\/index.php?rest_route=\/wp\/v2\/posts\/2017"}],"collection":[{"href":"https:\/\/www.skcpraha.cz\/index.php?rest_route=\/wp\/v2\/posts"}],"about":[{"href":"https:\/\/www.skcpraha.cz\/index.php?rest_route=\/wp\/v2\/types\/post"}],"author":[{"embeddable":true,"href":"https:\/\/www.skcpraha.cz\/index.php?rest_route=\/wp\/v2\/users\/1"}],"replies":[{"embeddable":true,"href":"https:\/\/www.skcpraha.cz\/index.php?rest_route=%2Fwp%2Fv2%2Fcomments&post=2017"}],"version-history":[{"count":5,"href":"https:\/\/www.skcpraha.cz\/index.php?rest_route=\/wp\/v2\/posts\/2017\/revisions"}],"predecessor-version":[{"id":2025,"href":"https:\/\/www.skcpraha.cz\/index.php?rest_route=\/wp\/v2\/posts\/2017\/revisions\/2025"}],"wp:featuredmedia":[{"embeddable":true,"href":"https:\/\/www.skcpraha.cz\/index.php?rest_route=\/wp\/v2\/media\/2018"}],"wp:attachment":[{"href":"https:\/\/www.skcpraha.cz\/index.php?rest_route=%2Fwp%2Fv2%2Fmedia&parent=2017"}],"wp:term":[{"taxonomy":"category","embeddable":true,"href":"https:\/\/www.skcpraha.cz\/index.php?rest_route=%2Fwp%2Fv2%2Fcategories&post=2017"},{"taxonomy":"post_tag","embeddable":true,"href":"https:\/\/www.skcpraha.cz\/index.php?rest_route=%2Fwp%2Fv2%2Ftags&post=2017"}],"curies":[{"name":"wp","href":"https:\/\/api.w.org\/{rel}","templated":true}]}}