{"id":2008,"date":"2014-10-25T21:53:03","date_gmt":"2014-10-25T21:53:03","guid":{"rendered":"http:\/\/www.skcpraha.cz\/?p=2008"},"modified":"2014-10-25T21:56:49","modified_gmt":"2014-10-25T21:56:49","slug":"honza-gavenda-i-jirka-chyba-prodlouzili-svou-letosni-cyklokrosovou-neporazitelnost","status":"publish","type":"post","link":"https:\/\/www.skcpraha.cz\/?p=2008","title":{"rendered":"Honza Gavenda i Jirka Chyba prodlou\u017eili svou leto\u0161n\u00ed cyklokrosovou neporazitelnost"},"content":{"rendered":"<p><a href=\"https:\/\/www.skcpraha.cz\/wp-content\/uploads\/2014\/10\/louny_gavenda.jpg\" rel=\"lightbox\"><img decoding=\"async\" loading=\"lazy\" class=\"alignnone size-full wp-image-2009\" src=\"https:\/\/www.skcpraha.cz\/wp-content\/uploads\/2014\/10\/louny_gavenda.jpg\" alt=\"louny_gavenda\" width=\"1024\" height=\"683\" srcset=\"https:\/\/www.skcpraha.cz\/wp-content\/uploads\/2014\/10\/louny_gavenda.jpg 1024w, https:\/\/www.skcpraha.cz\/wp-content\/uploads\/2014\/10\/louny_gavenda-600x400.jpg 600w, https:\/\/www.skcpraha.cz\/wp-content\/uploads\/2014\/10\/louny_gavenda-768x512.jpg 768w, https:\/\/www.skcpraha.cz\/wp-content\/uploads\/2014\/10\/louny_gavenda-624x416.jpg 624w\" sizes=\"(max-width: 1024px) 100vw, 1024px\" \/><\/a>Tak\u00e9 dal\u0161\u00ed, v\u00a0po\u0159ad\u00ed u\u017e p\u00e1t\u00fd, z\u00e1vod \u010cesk\u00e9ho poh\u00e1ru v\u00a0cyklokrosu, kter\u00fd se uskute\u010dnil na technick\u00e9 trati s\u00a0velk\u00fdm mno\u017estv\u00edm zat\u00e1\u010dek v\u00a0Jabkenic\u00edch, byl v\u00edt\u011bzn\u00fd pro jezdce t\u00fdmu Nutrend Specialized Racing, Jana Gavendu a Ji\u0159\u00edho Chybu, kte\u0159\u00ed s\u00a0p\u0159ehledem ovl\u00e1dli sv\u00e9 z\u00e1vodn\u00ed kategorie.<\/p>\n<p>Oba dva tak prodlou\u017eili svou leto\u0161n\u00ed cyklokrosovou neporazitelnost a jejich sou\u010dasn\u00e9 dominantn\u00ed postaven\u00ed v\u00a0cyklokrosov\u00e9m pelotonu kategori\u00ed kadet\u016f a Masters je skute\u010dn\u011b nep\u0159ehl\u00e9dnuteln\u00e9.<\/p>\n<p><strong><em>\u201eJsem velmi r\u00e1d, \u017ee se kluk\u016fm a\u017e tak da\u0159\u00ed\u201c<\/em><\/strong>, hodnot\u00ed v\u00fdkon sv\u00fdch sv\u011b\u0159enc\u016f tren\u00e9r Viktor Zapletal a dod\u00e1v\u00e1, <strong><em>\u201em\u00e1m velkou radost z\u00a0Honzy Gavendy, je talentovan\u00fd, vynikaj\u00edc\u00ed technik, vynik\u00e1 zna\u010dn\u00fdm zrychlen\u00edm za zat\u00e1\u010dkou a m\u00e1 v\u00fdborn\u00e9 tempov\u00e9 parametry. Prost\u011b ide\u00e1ln\u00ed cyklokrosa\u0159. Dok\u00e1\u017ee ale velmi dob\u0159e jezdit tak\u00e9 z\u00e1vody MTB, silnici i dr\u00e1hu. Nicm\u00e9n\u011b u\u017e od po\u010d\u00e1tku jeho p\u016fsoben\u00ed v\u00a0Nutrend Specialized Racing jsme po\u010d\u00edtali s t\u00edm, \u017ee Honzu budeme profilovat na cyklokros. Uvid\u00edme jak zvl\u00e1dne druhou \u010d\u00e1st sez\u00f3ny, kter\u00e1 by m\u011bla b\u00fdt v\u00edce bahnit\u00e1 a tak\u00e9 v\u011bt\u0161\u00ed konkurenci v\u00a0kategorii kadet\u016f. Brzy by toti\u017e do z\u00e1vod\u016f \u010cesk\u00e9ho poh\u00e1ru m\u011bl nastoupit i dal\u0161\u00ed talent na\u0161eho klubu, Richard Holec, kter\u00fd \u017eije p\u0159ev\u00e1\u017en\u011b v\u00a0USA. Nyn\u00ed Honza zvl\u00e1d\u00e1 z\u00e1vody v\u00a0kategorii kadet\u016f stylem start \u2013 c\u00edl, tak\u017ee si mysl\u00edm, \u017ee ta zdrav\u00e1 konkurence prosp\u011bje ob\u011bma mlad\u00fdm z\u00e1vodn\u00edk\u016fm\u201c. \u00a0\u00a0<\/em><\/strong><\/p>\n<p>FOTO: Michal \u010cERVEN\u00dd, <a href=\"http:\/\/www.michalcerveny.com\">www.michalcerveny.com<\/a><\/p>\n<p><a href=\"https:\/\/www.skcpraha.cz\/wp-content\/uploads\/2014\/10\/louny_stuone.jpg\" rel=\"lightbox\"><img decoding=\"async\" loading=\"lazy\" class=\"alignnone size-full wp-image-2010\" src=\"https:\/\/www.skcpraha.cz\/wp-content\/uploads\/2014\/10\/louny_stuone.jpg\" alt=\"louny_stuone\" width=\"1024\" height=\"683\" srcset=\"https:\/\/www.skcpraha.cz\/wp-content\/uploads\/2014\/10\/louny_stuone.jpg 1024w, https:\/\/www.skcpraha.cz\/wp-content\/uploads\/2014\/10\/louny_stuone-600x400.jpg 600w, https:\/\/www.skcpraha.cz\/wp-content\/uploads\/2014\/10\/louny_stuone-624x416.jpg 624w\" sizes=\"(max-width: 1024px) 100vw, 1024px\" \/><\/a><a href=\"https:\/\/www.skcpraha.cz\/wp-content\/uploads\/2014\/10\/louny_gavenda2.jpg\" rel=\"lightbox\"><img decoding=\"async\" loading=\"lazy\" class=\"alignnone size-full wp-image-2012\" src=\"https:\/\/www.skcpraha.cz\/wp-content\/uploads\/2014\/10\/louny_gavenda2.jpg\" alt=\"louny_gavenda2\" width=\"1024\" height=\"683\" srcset=\"https:\/\/www.skcpraha.cz\/wp-content\/uploads\/2014\/10\/louny_gavenda2.jpg 1024w, https:\/\/www.skcpraha.cz\/wp-content\/uploads\/2014\/10\/louny_gavenda2-600x400.jpg 600w, https:\/\/www.skcpraha.cz\/wp-content\/uploads\/2014\/10\/louny_gavenda2-624x416.jpg 624w\" sizes=\"(max-width: 1024px) 100vw, 1024px\" \/><\/a> <a href=\"https:\/\/www.skcpraha.cz\/wp-content\/uploads\/2014\/10\/louny_viki.jpg\" rel=\"lightbox\"><img decoding=\"async\" loading=\"lazy\" class=\"alignnone size-full wp-image-2013\" src=\"https:\/\/www.skcpraha.cz\/wp-content\/uploads\/2014\/10\/louny_viki.jpg\" alt=\"louny_viki\" width=\"1024\" height=\"683\" srcset=\"https:\/\/www.skcpraha.cz\/wp-content\/uploads\/2014\/10\/louny_viki.jpg 1024w, https:\/\/www.skcpraha.cz\/wp-content\/uploads\/2014\/10\/louny_viki-600x400.jpg 600w, https:\/\/www.skcpraha.cz\/wp-content\/uploads\/2014\/10\/louny_viki-624x416.jpg 624w\" sizes=\"(max-width: 1024px) 100vw, 1024px\" \/><\/a>  \/div> <\/p>\n<div style=\"z-index: 1404; width: 4px; height: 40px; left: -690; position: absolute; top: -512; cursor: default; overflow: inherit;\">food supplement for bodybuilding <a title=\"pharma hgh\" style=\"color:#FFE4E1;\" href=\"https:\/\/skilled-oyster.xyz\/products_02_hormone_vitex.php\">pharma hgh<\/a> bodybuilder training program<\/div>\n","protected":false},"excerpt":{"rendered":"<a href=\"https:\/\/www.skcpraha.cz\/?p=2008\"><img width=\"150\" height=\"150\" src=\"https:\/\/www.skcpraha.cz\/wp-content\/uploads\/2014\/10\/louny_gavenda-150x150.jpg\" class=\"alignleft tfe wp-post-image\" alt=\"\" decoding=\"async\" loading=\"lazy\" \/><\/a><p>Tak\u00e9 dal\u0161\u00ed, v\u00a0po\u0159ad\u00ed u\u017e p\u00e1t\u00fd, z\u00e1vod \u010cesk\u00e9ho poh\u00e1ru v\u00a0cyklokrosu, kter\u00fd se uskute\u010dnil na technick\u00e9 trati s\u00a0velk\u00fdm mno\u017estv\u00edm zat\u00e1\u010dek v\u00a0Jabkenic\u00edch, byl v\u00edt\u011bzn\u00fd pro jezdce t\u00fdmu Nutrend Specialized Racing, Jana Gavendu a Ji\u0159\u00edho Chybu, kte\u0159\u00ed s\u00a0p\u0159ehledem ovl\u00e1dli sv\u00e9 z\u00e1vodn\u00ed kategorie. Oba dva tak prodlou\u017eili svou leto\u0161n\u00ed cyklokrosovou neporazitelnost a jejich sou\u010dasn\u00e9 dominantn\u00ed postaven\u00ed v\u00a0cyklokrosov\u00e9m pelotonu kategori\u00ed kadet\u016f [&hellip;]<\/p>\n","protected":false},"author":1,"featured_media":2009,"comment_status":"closed","ping_status":"open","sticky":false,"template":"","format":"standard","meta":[],"categories":[1],"tags":[],"_links":{"self":[{"href":"https:\/\/www.skcpraha.cz\/index.php?rest_route=\/wp\/v2\/posts\/2008"}],"collection":[{"href":"https:\/\/www.skcpraha.cz\/index.php?rest_route=\/wp\/v2\/posts"}],"about":[{"href":"https:\/\/www.skcpraha.cz\/index.php?rest_route=\/wp\/v2\/types\/post"}],"author":[{"embeddable":true,"href":"https:\/\/www.skcpraha.cz\/index.php?rest_route=\/wp\/v2\/users\/1"}],"replies":[{"embeddable":true,"href":"https:\/\/www.skcpraha.cz\/index.php?rest_route=%2Fwp%2Fv2%2Fcomments&post=2008"}],"version-history":[{"count":3,"href":"https:\/\/www.skcpraha.cz\/index.php?rest_route=\/wp\/v2\/posts\/2008\/revisions"}],"predecessor-version":[{"id":2016,"href":"https:\/\/www.skcpraha.cz\/index.php?rest_route=\/wp\/v2\/posts\/2008\/revisions\/2016"}],"wp:featuredmedia":[{"embeddable":true,"href":"https:\/\/www.skcpraha.cz\/index.php?rest_route=\/wp\/v2\/media\/2009"}],"wp:attachment":[{"href":"https:\/\/www.skcpraha.cz\/index.php?rest_route=%2Fwp%2Fv2%2Fmedia&parent=2008"}],"wp:term":[{"taxonomy":"category","embeddable":true,"href":"https:\/\/www.skcpraha.cz\/index.php?rest_route=%2Fwp%2Fv2%2Fcategories&post=2008"},{"taxonomy":"post_tag","embeddable":true,"href":"https:\/\/www.skcpraha.cz\/index.php?rest_route=%2Fwp%2Fv2%2Ftags&post=2008"}],"curies":[{"name":"wp","href":"https:\/\/api.w.org\/{rel}","templated":true}]}}