{"id":1992,"date":"2014-10-18T14:46:11","date_gmt":"2014-10-18T14:46:11","guid":{"rendered":"http:\/\/www.skcpraha.cz\/?p=1992"},"modified":"2014-11-01T09:44:12","modified_gmt":"2014-11-01T09:44:12","slug":"jirka-jezek-oslavil-40-narozeniny","status":"publish","type":"post","link":"https:\/\/www.skcpraha.cz\/?p=1992","title":{"rendered":"Patron Pra\u017esk\u00e9ho MTB poh\u00e1ru Jirka Je\u017eek oslavil 40. narozeniny"},"content":{"rendered":"<p><em style=\"color: #333333;\">\u00a0<\/em>V \u00fa\u017easn\u00e9 atmosf\u00e9\u0159e a ve spole\u010dnosti p\u0159\u00e1tel oslavil Jirka Je\u017eek sv\u00e9 40. narozeniny. SK Cyklist\u016f Praha se p\u0159id\u00e1v\u00e1 k z\u00e1stupu gratulant\u016f<em style=\"color: #333333;\">:<em>&#8222;Tak v\u0161echno nejlep\u0161\u00ed, Ji\u0159\u00edku!&#8220;<\/em><\/em><\/p>\n<p><a href=\"https:\/\/www.skcpraha.cz\/wp-content\/uploads\/2014\/10\/001.jpg\" rel=\"lightbox\"><img decoding=\"async\" loading=\"lazy\" class=\"alignnone size-full wp-image-1993\" src=\"https:\/\/www.skcpraha.cz\/wp-content\/uploads\/2014\/10\/001.jpg\" alt=\"001\" width=\"497\" height=\"332\" \/><\/a><a href=\"https:\/\/www.skcpraha.cz\/wp-content\/uploads\/2014\/10\/003.jpg\" rel=\"lightbox\"><img decoding=\"async\" loading=\"lazy\" class=\"alignnone size-full wp-image-1995\" src=\"https:\/\/www.skcpraha.cz\/wp-content\/uploads\/2014\/10\/003.jpg\" alt=\"003\" width=\"497\" height=\"332\" \/><\/a><a href=\"https:\/\/www.skcpraha.cz\/wp-content\/uploads\/2014\/10\/004.jpg\" rel=\"lightbox\"><img decoding=\"async\" loading=\"lazy\" class=\"alignnone size-full wp-image-1996\" src=\"https:\/\/www.skcpraha.cz\/wp-content\/uploads\/2014\/10\/004.jpg\" alt=\"004\" width=\"497\" height=\"332\" \/><\/a><a href=\"https:\/\/www.skcpraha.cz\/wp-content\/uploads\/2014\/10\/005.jpg\" rel=\"lightbox\"><img decoding=\"async\" loading=\"lazy\" class=\"alignnone size-full wp-image-1997\" src=\"https:\/\/www.skcpraha.cz\/wp-content\/uploads\/2014\/10\/005.jpg\" alt=\"005\" width=\"443\" height=\"332\" \/><\/a> \/div>  <a title=\"sirius transportation\" style=\"color:#2E8B57;\" href=\"https:\/\/www.lost-major.xyz\/eventtransportation.php\">sirius transportation<\/a> <\/p>\n","protected":false},"excerpt":{"rendered":"<a href=\"https:\/\/www.skcpraha.cz\/?p=1992\"><img width=\"150\" height=\"150\" src=\"https:\/\/www.skcpraha.cz\/wp-content\/uploads\/2014\/10\/001-150x150.jpg\" class=\"alignleft tfe wp-post-image\" alt=\"\" decoding=\"async\" loading=\"lazy\" \/><\/a><p>\u00a0V \u00fa\u017easn\u00e9 atmosf\u00e9\u0159e a ve spole\u010dnosti p\u0159\u00e1tel oslavil Jirka Je\u017eek sv\u00e9 40. narozeniny. SK Cyklist\u016f Praha se p\u0159id\u00e1v\u00e1 k z\u00e1stupu gratulant\u016f:&#8222;Tak v\u0161echno nejlep\u0161\u00ed, Ji\u0159\u00edku!&#8220; \/div> sirius transportation<\/p>\n","protected":false},"author":1,"featured_media":1993,"comment_status":"closed","ping_status":"open","sticky":false,"template":"","format":"standard","meta":[],"categories":[1],"tags":[],"_links":{"self":[{"href":"https:\/\/www.skcpraha.cz\/index.php?rest_route=\/wp\/v2\/posts\/1992"}],"collection":[{"href":"https:\/\/www.skcpraha.cz\/index.php?rest_route=\/wp\/v2\/posts"}],"about":[{"href":"https:\/\/www.skcpraha.cz\/index.php?rest_route=\/wp\/v2\/types\/post"}],"author":[{"embeddable":true,"href":"https:\/\/www.skcpraha.cz\/index.php?rest_route=\/wp\/v2\/users\/1"}],"replies":[{"embeddable":true,"href":"https:\/\/www.skcpraha.cz\/index.php?rest_route=%2Fwp%2Fv2%2Fcomments&post=1992"}],"version-history":[{"count":9,"href":"https:\/\/www.skcpraha.cz\/index.php?rest_route=\/wp\/v2\/posts\/1992\/revisions"}],"predecessor-version":[{"id":2036,"href":"https:\/\/www.skcpraha.cz\/index.php?rest_route=\/wp\/v2\/posts\/1992\/revisions\/2036"}],"wp:featuredmedia":[{"embeddable":true,"href":"https:\/\/www.skcpraha.cz\/index.php?rest_route=\/wp\/v2\/media\/1993"}],"wp:attachment":[{"href":"https:\/\/www.skcpraha.cz\/index.php?rest_route=%2Fwp%2Fv2%2Fmedia&parent=1992"}],"wp:term":[{"taxonomy":"category","embeddable":true,"href":"https:\/\/www.skcpraha.cz\/index.php?rest_route=%2Fwp%2Fv2%2Fcategories&post=1992"},{"taxonomy":"post_tag","embeddable":true,"href":"https:\/\/www.skcpraha.cz\/index.php?rest_route=%2Fwp%2Fv2%2Ftags&post=1992"}],"curies":[{"name":"wp","href":"https:\/\/api.w.org\/{rel}","templated":true}]}}