{"id":1963,"date":"2014-10-11T15:23:12","date_gmt":"2014-10-11T15:23:12","guid":{"rendered":"http:\/\/www.skcpraha.cz\/?p=1963"},"modified":"2014-10-11T15:23:12","modified_gmt":"2014-10-11T15:23:12","slug":"jan-gavenda-vyhral-i-treti-podnik-ceskeho-poharu-v-cyklokrosu","status":"publish","type":"post","link":"https:\/\/www.skcpraha.cz\/?p=1963","title":{"rendered":"Jan Gavenda vyhr\u00e1l i t\u0159et\u00ed podnik \u010cesk\u00e9ho poh\u00e1ru v cyklokrosu"},"content":{"rendered":"<p>Velmi p\u0159esv\u011bd\u010div\u011b zv\u00edt\u011bzil kadet Jan Gavenda z\u00a0t\u00fdmu Nutrend Specialized Racing v\u00a0dal\u0161\u00edm podniku \u010cesk\u00e9ho poh\u00e1ru v\u00a0cyklokrosu, kter\u00fd se uskute\u010dnil v\u00a0Uni\u010dov\u011b a s\u00a0pln\u00fdm bodov\u00fdm ziskem vede pr\u016fb\u011b\u017en\u00e9 po\u0159ad\u00ed \u010cesk\u00e9ho poh\u00e1ru.<\/p>\n<p>Nejvy\u0161\u0161\u00ed \u010desk\u00e1 cyklokrosov\u00e1 sout\u011b\u017e pokra\u010duje ned\u011bln\u00edm z\u00e1vodem, kter\u00fd se jede v\u00a0N\u00e1m\u011b\u0161ti na Han\u00e9 a zde tak\u00e9 budou startovat kategorie Masters.<\/p>\n<p><a href=\"https:\/\/www.skcpraha.cz\/wp-content\/uploads\/2014\/10\/unicov_gavenda.jpg\" rel=\"lightbox\"><img decoding=\"async\" loading=\"lazy\" class=\"alignnone size-full wp-image-1964\" src=\"https:\/\/www.skcpraha.cz\/wp-content\/uploads\/2014\/10\/unicov_gavenda.jpg\" alt=\"unicov_gavenda\" width=\"960\" height=\"771\" srcset=\"https:\/\/www.skcpraha.cz\/wp-content\/uploads\/2014\/10\/unicov_gavenda.jpg 960w, https:\/\/www.skcpraha.cz\/wp-content\/uploads\/2014\/10\/unicov_gavenda-600x482.jpg 600w, https:\/\/www.skcpraha.cz\/wp-content\/uploads\/2014\/10\/unicov_gavenda-768x617.jpg 768w, https:\/\/www.skcpraha.cz\/wp-content\/uploads\/2014\/10\/unicov_gavenda-624x501.jpg 624w\" sizes=\"(max-width: 960px) 100vw, 960px\" \/><\/a>  <\/p>\n","protected":false},"excerpt":{"rendered":"<a href=\"https:\/\/www.skcpraha.cz\/?p=1963\"><img width=\"150\" height=\"150\" src=\"https:\/\/www.skcpraha.cz\/wp-content\/uploads\/2014\/10\/unicov_gavenda-150x150.jpg\" class=\"alignleft tfe wp-post-image\" alt=\"\" decoding=\"async\" loading=\"lazy\" \/><\/a><p>Velmi p\u0159esv\u011bd\u010div\u011b zv\u00edt\u011bzil kadet Jan Gavenda z\u00a0t\u00fdmu Nutrend Specialized Racing v\u00a0dal\u0161\u00edm podniku \u010cesk\u00e9ho poh\u00e1ru v\u00a0cyklokrosu, kter\u00fd se uskute\u010dnil v\u00a0Uni\u010dov\u011b a s\u00a0pln\u00fdm bodov\u00fdm ziskem vede pr\u016fb\u011b\u017en\u00e9 po\u0159ad\u00ed \u010cesk\u00e9ho poh\u00e1ru. Nejvy\u0161\u0161\u00ed \u010desk\u00e1 cyklokrosov\u00e1 sout\u011b\u017e pokra\u010duje ned\u011bln\u00edm z\u00e1vodem, kter\u00fd se jede v\u00a0N\u00e1m\u011b\u0161ti na Han\u00e9 a zde tak\u00e9 budou startovat kategorie Masters.<\/p>\n","protected":false},"author":1,"featured_media":1964,"comment_status":"closed","ping_status":"open","sticky":false,"template":"","format":"standard","meta":[],"categories":[1],"tags":[],"_links":{"self":[{"href":"https:\/\/www.skcpraha.cz\/index.php?rest_route=\/wp\/v2\/posts\/1963"}],"collection":[{"href":"https:\/\/www.skcpraha.cz\/index.php?rest_route=\/wp\/v2\/posts"}],"about":[{"href":"https:\/\/www.skcpraha.cz\/index.php?rest_route=\/wp\/v2\/types\/post"}],"author":[{"embeddable":true,"href":"https:\/\/www.skcpraha.cz\/index.php?rest_route=\/wp\/v2\/users\/1"}],"replies":[{"embeddable":true,"href":"https:\/\/www.skcpraha.cz\/index.php?rest_route=%2Fwp%2Fv2%2Fcomments&post=1963"}],"version-history":[{"count":1,"href":"https:\/\/www.skcpraha.cz\/index.php?rest_route=\/wp\/v2\/posts\/1963\/revisions"}],"predecessor-version":[{"id":1965,"href":"https:\/\/www.skcpraha.cz\/index.php?rest_route=\/wp\/v2\/posts\/1963\/revisions\/1965"}],"wp:featuredmedia":[{"embeddable":true,"href":"https:\/\/www.skcpraha.cz\/index.php?rest_route=\/wp\/v2\/media\/1964"}],"wp:attachment":[{"href":"https:\/\/www.skcpraha.cz\/index.php?rest_route=%2Fwp%2Fv2%2Fmedia&parent=1963"}],"wp:term":[{"taxonomy":"category","embeddable":true,"href":"https:\/\/www.skcpraha.cz\/index.php?rest_route=%2Fwp%2Fv2%2Fcategories&post=1963"},{"taxonomy":"post_tag","embeddable":true,"href":"https:\/\/www.skcpraha.cz\/index.php?rest_route=%2Fwp%2Fv2%2Ftags&post=1963"}],"curies":[{"name":"wp","href":"https:\/\/api.w.org\/{rel}","templated":true}]}}