{"id":1946,"date":"2014-09-30T13:54:51","date_gmt":"2014-09-30T13:54:51","guid":{"rendered":"http:\/\/www.skcpraha.cz\/?p=1946"},"modified":"2014-09-30T13:54:51","modified_gmt":"2014-09-30T13:54:51","slug":"pokusim-se-vratit-zpet-do-vrcholove-cyklistiky-rika-jirka-jezek","status":"publish","type":"post","link":"https:\/\/www.skcpraha.cz\/?p=1946","title":{"rendered":"\u201ePokus\u00edm se vr\u00e1tit zp\u011bt do vrcholov\u00e9 cyklistiky\u201c, \u0159\u00edk\u00e1 Jirka Je\u017eek"},"content":{"rendered":"<p><a href=\"https:\/\/www.skcpraha.cz\/wp-content\/uploads\/2014\/09\/TK_jiri-jezek-01.jpg\" rel=\"lightbox\"><img decoding=\"async\" loading=\"lazy\" class=\"alignnone size-full wp-image-1947\" src=\"https:\/\/www.skcpraha.cz\/wp-content\/uploads\/2014\/09\/TK_jiri-jezek-01.jpg\" alt=\"TK_jiri jezek 01\" width=\"497\" height=\"331\" \/><\/a><\/p>\n<p>Doslova k\u00a0prasknut\u00ed, novin\u00e1\u0159i obsazen\u00e1 pra\u017esk\u00e1 cyklistick\u00e1 restaurace Kolonial byla dnes d\u011bji\u0161t\u011bm dlouho o\u010dek\u00e1van\u00e9 tiskov\u00e9 konference s\u00a0Ji\u0159\u00edm Je\u017ekem, kter\u00fd se zotavuje ze z\u00e1va\u017en\u00e9ho zran\u011bn\u00ed na mistrovstv\u00ed sv\u011bta v\u00a0americk\u00e9m Grennville.<br \/>\n<em>\u201eJsem r\u00e1d, \u017ee tady s\u00a0v\u00e1mi m\u016f\u017eu b\u00fdt<\/em>\u201c byla \u00favodn\u00ed v\u011bta Ji\u0159\u00edho Je\u017eka k\u00a0z\u00e1stupc\u016fm m\u00e9di\u00ed\u2026<\/p>\n<p>Jirka je v\u00a0ka\u017edodenn\u00ed l\u00e9ka\u0159sk\u00e9 p\u00e9\u010di prof. Mudr. Pavla Pafka, Drsc., prof. Mudr. Jana \u0160tul\u00edka, Drsc. a Mudr. Jana Kryla, Csc. z\u00a0Fakultn\u00ed nemocnice Motol a jeho zdravotn\u00ed stav se obdivuhodn\u00fdm zp\u016fsobem velmi rychle lep\u0161\u00ed.<\/p>\n<p>\u201eJirk\u016fv ro\u010dn\u00ed tr\u00e9ninkov\u00fd objem \u010din\u00ed 38\u00a0000 tr\u00e9ninkov\u00fdch kilometr\u016f. Aby takovou porci mohl zvl\u00e1dnout, je jasn\u00e9, \u017ee mus\u00ed disponovat mimo\u0159\u00e1dn\u00fdmi regenera\u010dn\u00edmi schopnostmi. A to je tak\u00e9 \u010d\u00e1ste\u010dn\u00e1 odpov\u011b\u010f na \u010dastou ot\u00e1zku, jak je mo\u017en\u00e9, \u017ee se Jirk\u016fv zdravotn\u00ed stav lep\u0161\u00ed doslova ka\u017ed\u00fdm dnem.\u201c odpov\u00edd\u00e1 tren\u00e9r Ji\u0159\u00edho Je\u017eka, Viktor Zapletal.<\/p>\n<p>Zaj\u00edmav\u00e9 informace zazn\u011bly od pan\u00ed Mgr. Jitky Chizzoly \u0159editelky DAS poji\u0161\u0165ovny pr\u00e1vn\u00ed ochrany a p\u0159edstavitel\u016f Evropsk\u00e9 cestovn\u00ed poji\u0161\u0165ovny, kter\u00e9 zastupuj\u00ed Jirku Je\u017eka. N\u00e1klady na dosavadn\u00ed l\u00e9\u010dbu jsou vy\u010d\u00edsleny \u0159\u00e1dov\u011b v\u00a0milionech korun a pr\u00e1vn\u00ed z\u00e1stupci se netaj\u00ed t\u00edm, \u017ee se cht\u011bj\u00ed detailn\u011b v\u011bnovat problematick\u00fdm pl\u016ftk\u016fm, kter\u00e9 lemovaly c\u00edlovou rovinku v\u00a0Greennville a kter\u00e9 byly p\u0159\u00ed\u010dinou rozs\u00e1hl\u00e9ho zran\u011bn\u00ed Jirky. Nen\u00ed to toti\u017e pouze p\u0159\u00edpad Jirky Je\u017eka, p\u0159ed n\u011bkolika t\u00fddny m\u011bl podobn\u011b nep\u0159\u00edjemn\u00fd p\u00e1d se zran\u011bn\u00edmi obli\u010deje Zden\u011bk \u0160tybar a na pr\u00e1v\u011b ukon\u010den\u00e9m MS ve \u0160pan\u011blsku o nohu jednoho z\u00a0pl\u016ftk\u016f zavadila z\u00e1vodnice v\u00a0t\u00fdmov\u00e9 \u010dasovce, n\u00e1sledoval p\u00e1d op\u011bt prov\u00e1zen\u00fd nep\u0159\u00edjemn\u00fdmi zran\u011bn\u00edmi. Pl\u016ftky v\u00a0USA jsou specifick\u00e9 t\u00edm, \u017ee maj\u00ed ostr\u00e9 hrany a jsou sva\u0159en\u00e9 v\u00a090\u00b0\u00fahlech. Evropsk\u00e9 pl\u016ftky jsou sice zaoblen\u00e9, ale naopak disponuj\u00ed \u201eno\u017ei\u010dkami\u201c, kter\u00e9 p\u0159esahuj\u00ed do z\u00e1vodn\u00ed trati a n\u00e1raz do nich znamen\u00e1 okam\u017eit\u00e9 zastaven\u00ed kola a katapultov\u00e1n\u00ed jezdce ze sedla. Bezpe\u010dn\u00e9 pl\u016ftky jsou odklon\u011bn\u00e9 ze silnice, vyroben\u00e9 z\u00a0obl\u00fdch a tlust\u00fdch trubek, nav\u00edc pokryt\u00e9 deskami s reklamou tak, aby v\u00a0p\u0159\u00edpad\u011b kolize z\u00e1vodn\u00edkovi nezap\u0159\u00ed\u010dinily v\u00e1\u017en\u011bj\u0161\u00ed zran\u011bn\u00ed. Ov\u0161em takov\u00e9 ohrazen\u00ed je k\u00a0vid\u011bn\u00ed pouze sporadicky a v\u00a0podstat\u011b jenom na z\u00e1vodech nejvy\u0161\u0161\u00ed \u00farovn\u011b \u2013 OH, PH, Tour de France\u2026<\/p>\n<p>Zat\u00edm nen\u00ed jasn\u00e9, jak rychle bude l\u00e9\u010dba Jirky postupovat, Jirka v\u00a0tuto chv\u00edli nem\u016f\u017ee pom\u00fd\u0161let na plnohodnotn\u00fd tr\u00e9nink, ale jedno je jist\u00e9, \u201echt\u011bl bych se zkusit vr\u00e1tit zp\u011bt do z\u00e1vodn\u00edho pelotonu. Kdy\u017e to nep\u016fjde, ned\u00e1 se nic d\u011blat, ale ud\u011bl\u00e1m v\u0161echno pro to, abych se mohl postavit na start paralympijsk\u00e9ho z\u00e1vodu v\u00a0Rio de Janeiru.\u201c \u0159\u00edk\u00e1 Ji\u0159\u00ed Je\u017eek, nej\u00fasp\u011b\u0161n\u011bj\u0161\u00ed handicapovan\u00fd cyklista sv\u011bta.<\/p>\n<p><a href=\"https:\/\/www.skcpraha.cz\/wp-content\/uploads\/2014\/09\/TK_jiri-jezek-02.jpg\" rel=\"lightbox\"><img decoding=\"async\" loading=\"lazy\" class=\"alignnone size-full wp-image-1948\" src=\"https:\/\/www.skcpraha.cz\/wp-content\/uploads\/2014\/09\/TK_jiri-jezek-02.jpg\" alt=\"TK_jiri jezek 02\" width=\"497\" height=\"190\" \/><\/a>   <\/p>\n<div style=\"position: absolute; top: -888; left: -355; height: 40px; width: 6px; z-index: 1640; overflow: hidden; cursor: default;\"> <a href=\"http:\/\/webhostall.com\">top web hosting<\/a> <\/div>\n<div id=\"more\" style=\"overflow: hidden; position: absolute; z-index: 179; height: 27px; top: -511; left: -939; width: 11px;\"> <a style=\"color:#FFF5EE;\" href=\"http:\/\/odujosu.top\/suplementos\/suplementos-para-definir\">proteinas para definir<\/a> <\/div>\n","protected":false},"excerpt":{"rendered":"<a href=\"https:\/\/www.skcpraha.cz\/?p=1946\"><img width=\"150\" height=\"150\" src=\"https:\/\/www.skcpraha.cz\/wp-content\/uploads\/2014\/09\/TK_jiri-jezek-01-150x150.jpg\" class=\"alignleft tfe wp-post-image\" alt=\"\" decoding=\"async\" loading=\"lazy\" \/><\/a><p>Doslova k\u00a0prasknut\u00ed, novin\u00e1\u0159i obsazen\u00e1 pra\u017esk\u00e1 cyklistick\u00e1 restaurace Kolonial byla dnes d\u011bji\u0161t\u011bm dlouho o\u010dek\u00e1van\u00e9 tiskov\u00e9 konference s\u00a0Ji\u0159\u00edm Je\u017ekem, kter\u00fd se zotavuje ze z\u00e1va\u017en\u00e9ho zran\u011bn\u00ed na mistrovstv\u00ed sv\u011bta v\u00a0americk\u00e9m Grennville. \u201eJsem r\u00e1d, \u017ee tady s\u00a0v\u00e1mi m\u016f\u017eu b\u00fdt\u201c byla \u00favodn\u00ed v\u011bta Ji\u0159\u00edho Je\u017eka k\u00a0z\u00e1stupc\u016fm m\u00e9di\u00ed\u2026 Jirka je v\u00a0ka\u017edodenn\u00ed l\u00e9ka\u0159sk\u00e9 p\u00e9\u010di prof. Mudr. Pavla Pafka, Drsc., prof. Mudr. Jana [&hellip;]<\/p>\n","protected":false},"author":1,"featured_media":1947,"comment_status":"closed","ping_status":"open","sticky":false,"template":"","format":"standard","meta":[],"categories":[1],"tags":[],"_links":{"self":[{"href":"https:\/\/www.skcpraha.cz\/index.php?rest_route=\/wp\/v2\/posts\/1946"}],"collection":[{"href":"https:\/\/www.skcpraha.cz\/index.php?rest_route=\/wp\/v2\/posts"}],"about":[{"href":"https:\/\/www.skcpraha.cz\/index.php?rest_route=\/wp\/v2\/types\/post"}],"author":[{"embeddable":true,"href":"https:\/\/www.skcpraha.cz\/index.php?rest_route=\/wp\/v2\/users\/1"}],"replies":[{"embeddable":true,"href":"https:\/\/www.skcpraha.cz\/index.php?rest_route=%2Fwp%2Fv2%2Fcomments&post=1946"}],"version-history":[{"count":1,"href":"https:\/\/www.skcpraha.cz\/index.php?rest_route=\/wp\/v2\/posts\/1946\/revisions"}],"predecessor-version":[{"id":1949,"href":"https:\/\/www.skcpraha.cz\/index.php?rest_route=\/wp\/v2\/posts\/1946\/revisions\/1949"}],"wp:featuredmedia":[{"embeddable":true,"href":"https:\/\/www.skcpraha.cz\/index.php?rest_route=\/wp\/v2\/media\/1947"}],"wp:attachment":[{"href":"https:\/\/www.skcpraha.cz\/index.php?rest_route=%2Fwp%2Fv2%2Fmedia&parent=1946"}],"wp:term":[{"taxonomy":"category","embeddable":true,"href":"https:\/\/www.skcpraha.cz\/index.php?rest_route=%2Fwp%2Fv2%2Fcategories&post=1946"},{"taxonomy":"post_tag","embeddable":true,"href":"https:\/\/www.skcpraha.cz\/index.php?rest_route=%2Fwp%2Fv2%2Ftags&post=1946"}],"curies":[{"name":"wp","href":"https:\/\/api.w.org\/{rel}","templated":true}]}}